{"id":39863,"date":"2024-02-27T09:51:02","date_gmt":"2024-02-27T12:51:02","guid":{"rendered":"https:\/\/radiorevelacionfm.cl\/?p=39863"},"modified":"2024-02-27T09:51:02","modified_gmt":"2024-02-27T12:51:02","slug":"organizaciones-y-dirigentes-de-aysen-respaldan-solicitudes-de-comunidades-indigenas-que-viabilizan-su-derecho-de-uso-del-maritorio","status":"publish","type":"post","link":"https:\/\/radiorevelacionfm.cl\/?p=39863","title":{"rendered":"Organizaciones y dirigentes de Ays\u00e9n respaldan solicitudes de comunidades ind\u00edgenas que viabilizan su derecho de uso del maritorio"},"content":{"rendered":"<div class=\"flex_column av_one_full  flex_column_div av-zero-column-padding first  avia-builder-el-0  el_before_av_one_full  avia-builder-el-first  \" style='border-radius:0px; '><div  class='avia-image-container  av-styling-    avia-builder-el-1  avia-builder-el-no-sibling  avia-align-center '  itemprop=\"image\" itemscope=\"itemscope\" itemtype=\"https:\/\/schema.org\/ImageObject\"  ><div class='avia-image-container-inner'><div class='avia-image-overlay-wrap'><img decoding=\"async\" class='wp-image-39864 avia-img-lazy-loading-not-39864 avia_image' src=\"https:\/\/radiorevelacionfm.cl\/wp-content\/uploads\/2024\/02\/Pesca-artesanal-1-1-1.jpg\" alt='' title='Pesca artesanal 1 (1) (1)' height=\"600\" width=\"900\"  itemprop=\"thumbnailUrl\" srcset=\"https:\/\/radiorevelacionfm.cl\/wp-content\/uploads\/2024\/02\/Pesca-artesanal-1-1-1.jpg 900w, https:\/\/radiorevelacionfm.cl\/wp-content\/uploads\/2024\/02\/Pesca-artesanal-1-1-1-300x200.jpg 300w, https:\/\/radiorevelacionfm.cl\/wp-content\/uploads\/2024\/02\/Pesca-artesanal-1-1-1-768x512.jpg 768w, https:\/\/radiorevelacionfm.cl\/wp-content\/uploads\/2024\/02\/Pesca-artesanal-1-1-1-705x470.jpg 705w, https:\/\/radiorevelacionfm.cl\/wp-content\/uploads\/2024\/02\/Pesca-artesanal-1-1-1-450x300.jpg 450w, https:\/\/radiorevelacionfm.cl\/wp-content\/uploads\/2024\/02\/Pesca-artesanal-1-1-1-600x400.jpg 600w\" sizes=\"(max-width: 900px) 100vw, 900px\" \/><\/div><\/div><\/div><\/div><div class=\"flex_column av_one_full  flex_column_div av-zero-column-padding first  avia-builder-el-2  el_after_av_one_full  el_before_av_one_full  column-top-margin\" style='border-radius:0px; '><section class=\"av_textblock_section \"  itemscope=\"itemscope\" itemtype=\"https:\/\/schema.org\/BlogPosting\" itemprop=\"blogPost\" ><div class='avia_textblock  '   itemprop=\"text\" ><p style=\"text-align: center;\"><span style=\"font-size: 18pt;\"><b><span lang=\"ES-TRAD\">Organizaciones y dirigentes de Ays\u00e9n respaldan solicitudes de comunidades ind\u00edgenas que viabilizan su derecho de uso del maritorio<\/span><\/b><\/span><\/p>\n<div id=\"gtx-trans\" style=\"position: absolute; left: -50px; top: 4.31534px;\">\n<div class=\"gtx-trans-icon\"><\/div>\n<\/div>\n<\/div><\/section><\/div><div class=\"flex_column av_one_full  flex_column_div av-zero-column-padding first  avia-builder-el-4  el_after_av_one_full  el_before_av_hr  column-top-margin\" style='border-radius:0px; '><section class=\"av_textblock_section \"  itemscope=\"itemscope\" itemtype=\"https:\/\/schema.org\/BlogPosting\" itemprop=\"blogPost\" ><div class='avia_textblock  '   itemprop=\"text\" ><p class=\"v1gmail-MsoListParagraph\" style=\"text-align: justify;\"><i><span lang=\"ES-TRAD\">Dieciocho organizaciones y dirigentes de Ays\u00e9n, junto a m\u00e1s de 40 adhesiones de entidades nacionales, han emitido una declaraci\u00f3n p\u00fablica donde desmitifican las acusaciones de la industria de que la aprobaci\u00f3n de estas ECMPOs excluir\u00edan otras actividades productivas.<\/span><\/i><\/p>\n<p class=\"v1MsoNormal\" style=\"text-align: justify;\"><span lang=\"ES-TRAD\">Un contundente apoyo de m\u00faltiples organizaciones de la regi\u00f3n de Ays\u00e9n, del \u00e1mbito de los pueblos originarios, la cultura, el comercio, el turismo y la protecci\u00f3n ambiental han recibido durante los \u00faltimos d\u00edas las solicitudes de Espacios Costeros Marinos de Pueblos Originarios (ECMPO) Islas Huichas y Cisnes. Estos requerimientos, presentados por comunidades ind\u00edgenas de Ays\u00e9n,<span class=\"v1gmail-Apple-converted-space\">\u00a0<\/span><a href=\"https:\/\/radio45sur.cl\/2024\/02\/22\/comision-regional-de-uso-de-borde-costero-votara-el-proximo-29-de-febrero-solicitudes-de-ecmpo\/\" target=\"_blank\" rel=\"noopener noreferrer\">ser\u00e1n resueltos este jueves 29 de febrero<\/a><\/span>\u00a0durante la sesi\u00f3n de la Comisi\u00f3n Regional de Uso del Borde Costero, que preside la gobernadora Andrea Mac\u00edas Palma.<\/p>\n<p class=\"v1MsoNormal\" style=\"text-align: justify;\"><span lang=\"ES-TRAD\">Durante las \u00faltimas semanas ha sido sistem\u00e1tica la<span class=\"v1gmail-Apple-converted-space\">\u00a0<\/span><a href=\"https:\/\/www.eldesconcierto.cl\/bienes-comunes\/2024\/02\/26\/nueva-arremetida-salmonera-contra-ley-que-entrega-proteccion-de-mares-a-pueblos-originarios.html\" target=\"_blank\" rel=\"noopener noreferrer\">campa\u00f1a en contra articulada por la industria salmonera<\/a>, que ha<span class=\"v1gmail-Apple-converted-space\">\u00a0<\/span><a href=\"https:\/\/www.patagonjournal.com\/index.php?option=com_content&amp;view=article&amp;id=4496%3Ahistoric-artisanal-fishing-leader-accuses-salmon-industry-intervention-in-opposition-to-marine-protected-coastal-areas&amp;catid=79%3Asalmonero-watch&amp;Itemid=267&amp;lang=es\" target=\"_blank\" rel=\"noopener noreferrer\">movilizado a sindicatos de trabajadores<\/a>, prestadores de servicios e<span class=\"v1gmail-Apple-converted-space\">\u00a0<\/span><a href=\"https:\/\/eldiariosantiago.cl\/historico-dirigente-de-la-pesca-artesanal-acusa-intervencion-de-industria-salmonera-en-oposicion-a-las-ecmpo-en-aysen\/\" target=\"_blank\" rel=\"noopener noreferrer\">incluso pescadores artesanales que desempe\u00f1an funciones para el sector<\/a>. A esta ofensiva se han sumado consejeros regionales y dirigentes pol\u00edticos de oposici\u00f3n, la que ha incluido ataques personales a los dirigentes de las comunidades ind\u00edgenas, amenazas de movilizaciones y<span class=\"v1gmail-Apple-converted-space\">\u00a0<\/span><a href=\"https:\/\/www.elciudadano.com\/actualidad\/delincuentes-y-parasitos-core-evopoli-ataca-en-redes-sociales-a-comunidades-indigenas\/02\/26\/\" target=\"_blank\" rel=\"noopener noreferrer\">descalificaciones l\u00edmites con el racismo<\/a>.<\/span><\/p>\n<p class=\"v1MsoNormal\" style=\"text-align: justify;\"><span lang=\"ES-TRAD\">Es por ello que 18 organizaciones y dirigentes de Ays\u00e9n, apoyados por m\u00e1s de 40 adhesiones de entidades nacionales, han emitido una<span class=\"v1gmail-Apple-converted-space\">\u00a0<\/span><a href=\"https:\/\/www.aisenreservadevida.cl\/2024\/02\/26\/declaracion-publica\/\" target=\"_blank\" rel=\"noopener noreferrer\">declaraci\u00f3n p\u00fablica<\/a><span class=\"v1gmail-Apple-converted-space\">\u00a0<\/span>donde desmitifican las<span class=\"v1gmail-Apple-converted-space\">\u00a0<\/span><a href=\"https:\/\/www.salmonexpert.cl\/aysen-ecmpo\/sector-salmonicultor-molesto-por-gran-entrega-de-espacios-marinos-a-pueblos-originarios\/1603888\" target=\"_blank\" rel=\"noopener noreferrer\">acusaciones de la industria<\/a><span class=\"v1gmail-Apple-converted-space\">\u00a0<\/span>de que la aprobaci\u00f3n de estas ECMPOs excluir\u00edan otras actividades productivas.<\/span><\/p>\n<p class=\"v1MsoNormal\" style=\"text-align: justify;\"><span lang=\"ES-TRAD\">\u00ab<i>Declaramos nuestro profundo rechazo a la forma en que, desde el sector empresarial y econ\u00f3mico, se ha venido enfrentando la discusi\u00f3n sobre la solicitud de Espacios Costeros Marinos de Pueblos Originarios (ECMPO) en el litoral aysenino, desplazando del discurso p\u00fablico el real objetivo de la Ley 20.249 y el contenido del expediente de tramitaci\u00f3n de estas solicitudes; propiciando un escenario de amenaza y transgresi\u00f3n de los derechos de las comunidades y personas ind\u00edgenas solicitantes<\/i>\u00bb parte la declaraci\u00f3n.<\/span><\/p>\n<p class=\"v1MsoNormal\" style=\"text-align: justify;\"><span lang=\"ES-TRAD\">En esta se agrega que \u00ab<i>el procedimiento para aprobar una solicitud de Espacio Costero Marino de Pueblos Originarios se encuentra normado mediante la Ley N\u00b0 20.249 y su reglamento<\/i>\u00ab, lo cual las comunidades ind\u00edgenas solicitantes \u00ab<i>han seguido y han cumplido con los pasos requeridos por ley en este procedimiento, los cuales involucran la participaci\u00f3n, observaci\u00f3n y aprobaci\u00f3n de m\u00faltiples organismos del Estado con competencia en la materia<\/i>\u00ab. Un procedimiento que ha tomado una d\u00e9cada de gestiones, especifican.<\/span><\/p>\n<p class=\"v1MsoNormal\" style=\"text-align: justify;\"><span lang=\"ES-TRAD\">Los firmantes aclaran, asimismo, que los ECMPOs \u00ab<i>no constituyen un derecho de propiedad<\/i>\u00ab, calificando esta afirmaci\u00f3n de ser una \u00ab<i>falsedad\u00bb y \u00abcontribuci\u00f3n a la desinformaci\u00f3n p\u00fablica<\/i>\u00ab, ya que tanto la Ley Lafkenche como su reglamento \u00ab<i>establecen que la administraci\u00f3n del ECMPO reconoce a otros usuarios del maritorio. De esta manera los ECMPO son una herramienta de conservaci\u00f3n marina y no excluyen a otros usos del maritorio que tengan por objeto su uso de manera respetuosa con los ecosistemas<\/i>\u00ab.<span class=\"v1gmail-Apple-converted-space\">\u00a0<\/span><\/span><\/p>\n<p class=\"v1MsoNormal\" style=\"text-align: justify;\"><span lang=\"ES-TRAD\">M\u00e1s a\u00fan, indican, \u00ab<i>el proceso de tramitaci\u00f3n de los ECMPOs ha respetado plenamente las concesiones de acuicultura anteriores a la solicitud&#8230; En el caso de la ECMPO Islas Huichas se &#8216;respetaron&#8217; las 230 concesiones de acuicultura con las que se advirti\u00f3 superposici\u00f3n&#8230; y en el de la ECMPO Cisnes se &#8216;respetaron&#8217; 145 concesiones de acuicultura<\/i>\u00ab.<\/span><\/p>\n<p class=\"v1MsoNormal\" style=\"text-align: justify;\"><span lang=\"ES-TRAD\">En el caso espec\u00edfico de la pesca artesanal, aclaran que \u00ab<i>los usos consuetudinarios definidos por el legislador y aquellos usos fundadamente reconocidos por CONADI en cada uno de sus Informes de Uso Consuetudinario de las ECMPOs cuestionadas, precisamente reconocen y destacan a la pesca artesanal<\/i>\u00ab. M\u00e1s a\u00fan, la Ley Lafkenche establece \u00ab<i>el respeto de otros usos del maritorio (como la pesca artesanal de grupos que no pertenecen a pueblos originarios) y la utilizaci\u00f3n sustentable de bienes naturales para las comunidades que habitan el litoral (dentro de los cuales, igualmente, est\u00e1 la pesca artesanal)<\/i>\u00ab.<\/span><\/p>\n<p class=\"v1MsoNormal\" style=\"text-align: justify;\"><span lang=\"ES-TRAD\">Por todo ello, \u00ab<i>declaramos, como parte de la comunidad y habitantes de la Regi\u00f3n de Ays\u00e9n, nuestra solidaridad con las Comunidades Ind\u00edgenas afectadas en el ejercicio de sus derechos, por una campa\u00f1a de desprestigios construidas desde la desinformaci\u00f3n y rechazamos tales declaraciones y acciones, aclarando que no estamos disponibles a proceso de movilizaci\u00f3n alguno, como s\u00ed lo estuvimos en a\u00f1os anteriores, que respalde estas intenciones, que van en contra del bien com\u00fan y la sustentabilidad<\/i>\u00ab.<span class=\"v1gmail-Apple-converted-space\">\u00a0<\/span><\/span><\/p>\n<p class=\"v1MsoNormal\" style=\"text-align: justify;\"><span lang=\"ES-TRAD\">\u00a0<\/span><\/p>\n<p class=\"v1MsoNormal\" style=\"text-align: justify;\"><span lang=\"ES-TRAD\">Lee la declaraci\u00f3n completa ac\u00e1:\u00a0<a href=\"https:\/\/www.aisenreservadevida.cl\/2024\/02\/26\/declaracion-publica\/\" target=\"_blank\" rel=\"noopener noreferrer\">https:\/\/www.aisenreservadevida.cl\/2024\/02\/26\/declaracion-publica\/<\/a><\/span><\/p>\n<p class=\"v1MsoNormal\" style=\"text-align: justify;\"><span lang=\"ES-TRAD\">\u00a0<\/span><\/p>\n<p class=\"v1MsoNormal\" style=\"text-align: justify;\"><u><span lang=\"ES-TRAD\">ADHIEREN ORGANIZACIONES\/DIRIGENTES DESDE AYS\u00c9N<\/span><\/u><span lang=\"ES-TRAD\">:<\/span><\/p>\n<p class=\"v1MsoNormal\" style=\"text-align: justify;\"><span lang=\"ES-TRAD\">1. Agrupaci\u00f3n Social y Cultural Ais\u00e9n Reserva de Vida<\/span><\/p>\n<p class=\"v1MsoNormal\" style=\"text-align: justify;\"><span lang=\"ES-TRAD\">2. Corporaci\u00f3n Privada para el Desarrollo de Ays\u00e9n (CODESA)<\/span><\/p>\n<p class=\"v1MsoNormal\" style=\"text-align: justify;\"><span lang=\"ES-TRAD\">3. Corporaci\u00f3n pro Defensa de la Fauna y Flora (CODEFF) &#8211; Filial Ays\u00e9n<\/span><\/p>\n<p class=\"v1MsoNormal\" style=\"text-align: justify;\"><span lang=\"ES-TRAD\">4. Comunidad Ind\u00edgena Fotun Mapu<\/span><\/p>\n<p class=\"v1MsoNormal\" style=\"text-align: justify;\"><span lang=\"ES-TRAD\">5. Fundaci\u00f3n Ays\u00e9n mira el Mar<\/span><\/p>\n<p class=\"v1MsoNormal\" style=\"text-align: justify;\"><span lang=\"ES-TRAD\">6. AG C\u00e1mara de Turismo y Comercio de Puerto Cisnes<\/span><\/p>\n<p class=\"v1MsoNormal\" style=\"text-align: justify;\"><span lang=\"ES-TRAD\">7. Agrupaci\u00f3n social y productiva Trinchera Utop\u00eda<\/span><\/p>\n<p class=\"v1MsoNormal\" style=\"text-align: justify;\"><span lang=\"ES-TRAD\">8. Asociaci\u00f3n Ind\u00edgena Rakiduamtun<\/span><\/p>\n<p class=\"v1MsoNormal\" style=\"text-align: justify;\"><span lang=\"ES-TRAD\">9. Sociedad de Historia y Geograf\u00eda de Ays\u00e9n<\/span><\/p>\n<p class=\"v1MsoNormal\" style=\"text-align: justify;\"><span lang=\"ES-TRAD\">10. Carlos Torres, miembro del Comit\u00e9 Bent\u00f3nico de la Regi\u00f3n de Ays\u00e9n y del Comit\u00e9 de Crust\u00e1ceos de la Regi\u00f3n de Ays\u00e9n<\/span><\/p>\n<p class=\"v1MsoNormal\" style=\"text-align: justify;\"><span lang=\"ES-TRAD\">11. Juan Carlos Soto Uribe, miembro titular del Comit\u00e9 Bent\u00f3nico de la Regi\u00f3n de Ays\u00e9n<\/span><\/p>\n<p class=\"v1MsoNormal\" style=\"text-align: justify;\"><span lang=\"ES-TRAD\">12. Fabi\u00e1n Teca Fuentealba, miembro titular del Comit\u00e9 Bent\u00f3nico de la Regi\u00f3n de Ays\u00e9n<\/span><\/p>\n<p class=\"v1MsoNormal\" style=\"text-align: justify;\"><span lang=\"ES-TRAD\">13. Fundaci\u00f3n Centro de Investigaci\u00f3n y Transferencia Cient\u00edfica de Ays\u00e9n (AyCiencia)<\/span><\/p>\n<p class=\"v1MsoNormal\" style=\"text-align: justify;\"><span lang=\"ES-TRAD\">14. Agrupaci\u00f3n Cultural Gestores de Coyhaique<\/span><\/p>\n<p class=\"v1MsoNormal\" style=\"text-align: justify;\"><span lang=\"ES-TRAD\">15. CODEMAIH (Islas Huichas)<\/span><\/p>\n<p class=\"v1MsoNormal\" style=\"text-align: justify;\"><span lang=\"ES-TRAD\">16. Agrupaci\u00f3n cultural y social Rayminewen<\/span><\/p>\n<p class=\"v1MsoNormal\" style=\"text-align: justify;\"><span lang=\"ES-TRAD\">17. Nelson Matissine &#8211; Sindicato de pescadores N\u00b0 3 de Islas Huichas<\/span><\/p>\n<p class=\"v1MsoNormal\" style=\"text-align: justify;\"><span lang=\"ES-TRAD\">18. Gerhard Edgard Neserke Candia &#8211; Asociaci\u00f3n Gremial de Comercio y Turismo de Islas Huichas<\/span><\/p>\n<p class=\"v1MsoNormal\" style=\"text-align: justify;\"><span lang=\"ES-TRAD\">\u00a0<\/span><\/p>\n<p class=\"v1MsoNormal\" style=\"text-align: justify;\"><u><span lang=\"ES-TRAD\">RESPALDAN ESTA CARTA DESDE OTROS ESPACIOS Y TERRITORIOS<\/span><\/u><span lang=\"ES-TRAD\">:<\/span><\/p>\n<p class=\"v1MsoNormal\" style=\"text-align: justify;\"><span lang=\"ES-TRAD\">19. Ecosistemas<\/span><\/p>\n<p class=\"v1MsoNormal\" style=\"text-align: justify;\"><span lang=\"ES-TRAD\">20. Observatorio Ciudadano<\/span><\/p>\n<p class=\"v1MsoNormal\" style=\"text-align: justify;\"><span lang=\"ES-TRAD\">21. Fundaci\u00f3n Terram<\/span><\/p>\n<p class=\"v1MsoNormal\" style=\"text-align: justify;\"><span lang=\"ES-TRAD\">22. ONG FIMA<\/span><\/p>\n<p class=\"v1MsoNormal\" style=\"text-align: justify;\"><span lang=\"ES-TRAD\">23. Fundaci\u00f3n Chile Sustentable<\/span><\/p>\n<p class=\"v1MsoNormal\" style=\"text-align: justify;\"><span lang=\"ES-TRAD\">24. OLMAR<\/span><\/p>\n<p class=\"v1MsoNormal\" style=\"text-align: justify;\"><span lang=\"ES-TRAD\">25. Fundaci\u00f3n Mujeres de Mar<\/span><\/p>\n<p class=\"v1MsoNormal\" style=\"text-align: justify;\"><span lang=\"ES-TRAD\">26. Comunidad Ind\u00edgena Mapuche Williche Nerkon Comuna de Castro<\/span><\/p>\n<p class=\"v1MsoNormal\" style=\"text-align: justify;\"><span lang=\"ES-TRAD\">27. Fundaci\u00f3n Patagonia Azul<\/span><\/p>\n<p class=\"v1MsoNormal\" style=\"text-align: justify;\"><span lang=\"ES-TRAD\">28. Fundaci\u00f3n Libera<\/span><\/p>\n<p class=\"v1MsoNormal\" style=\"text-align: justify;\"><span lang=\"ES-TRAD\">29. Centro de Estudios Sociales de Chilo\u00e9<\/span><\/p>\n<p class=\"v1MsoNormal\" style=\"text-align: justify;\"><span lang=\"ES-TRAD\">30. Consejo Nacional del Pueblo Chango<\/span><\/p>\n<p class=\"v1MsoNormal\" style=\"text-align: justify;\"><span lang=\"ES-TRAD\">31. Junta de Vecinos Los Acacios Unidos \u2013 Unidad Vecinal 12-A El Bosque<\/span><\/p>\n<p class=\"v1MsoNormal\" style=\"text-align: justify;\"><span lang=\"ES-TRAD\">32. ONG Defensa Ambiental<\/span><\/p>\n<p class=\"v1MsoNormal\" style=\"text-align: justify;\"><span lang=\"ES-TRAD\">33. Comunidad Ind\u00edgena AdMapu Ka Lafquen<\/span><\/p>\n<p class=\"v1MsoNormal\" style=\"text-align: justify;\"><span lang=\"ES-TRAD\">34. Comunidad Indigena Changos Huajachis<\/span><\/p>\n<p class=\"v1MsoNormal\" style=\"text-align: justify;\"><span lang=\"ES-TRAD\">35. Comunidad Changos Calchilla de la Tercera Regi\u00f3n<\/span><\/p>\n<p class=\"v1MsoNormal\" style=\"text-align: justify;\"><span lang=\"ES-TRAD\">36. Comunidad Kawesqar Grupos Familiares N\u00f3mades del Mar<\/span><\/p>\n<p class=\"v1MsoNormal\" style=\"text-align: justify;\"><span lang=\"ES-TRAD\">37. Ciudadanos y Clima<\/span><\/p>\n<p class=\"v1MsoNormal\" style=\"text-align: justify;\"><span lang=\"ES-TRAD\">38. Modatima Punta Arenas<\/span><\/p>\n<p class=\"v1MsoNormal\" style=\"text-align: justify;\"><span lang=\"ES-TRAD\">39. Asociaci\u00f3n Diaguita Amakay Kakan<\/span><\/p>\n<p class=\"v1MsoNormal\" style=\"text-align: justify;\"><span lang=\"ES-TRAD\">40. Fundaci\u00f3n Glocalminds<\/span><\/p>\n<p class=\"v1MsoNormal\" style=\"text-align: justify;\"><span lang=\"ES-TRAD\">41. Asociaci\u00f3n Ind\u00edgena Talcahue\u00f1u \u00d1i Folil<\/span><\/p>\n<p class=\"v1MsoNormal\" style=\"text-align: justify;\"><span lang=\"ES-TRAD\">42. Observatorio Ciudadano<\/span><\/p>\n<p class=\"v1MsoNormal\" style=\"text-align: justify;\"><span lang=\"ES-TRAD\">43. Comunidad Mapuche Las Juntas &#8211; Rupanco<\/span><\/p>\n<p class=\"v1MsoNormal\" style=\"text-align: justify;\"><span lang=\"ES-TRAD\">44. Comunidad Francisco Pichun<\/span><\/p>\n<p class=\"v1MsoNormal\" style=\"text-align: justify;\"><span lang=\"ES-TRAD\">45. Arrieros Las Cumbres de Putaendo<\/span><\/p>\n<p class=\"v1MsoNormal\" style=\"text-align: justify;\"><span lang=\"ES-TRAD\">46. Changos, Cha\u00f1aral.<\/span><\/p>\n<p class=\"v1MsoNormal\" style=\"text-align: justify;\"><span lang=\"ES-TRAD\">47. Modatima<\/span><\/p>\n<p class=\"v1MsoNormal\" style=\"text-align: justify;\"><span lang=\"ES-TRAD\">48. Comit\u00e9 Ambiental Comunal de Tucapel<\/span><\/p>\n<p class=\"v1MsoNormal\" style=\"text-align: justify;\"><span lang=\"ES-TRAD\">49. Chile Sin Ecocidio<\/span><\/p>\n<p class=\"v1MsoNormal\" style=\"text-align: justify;\"><span lang=\"ES-TRAD\">50. Consejo Nacional Pueblo Chango<\/span><\/p>\n<p class=\"v1MsoNormal\" style=\"text-align: justify;\"><span lang=\"ES-TRAD\">51. Comit\u00e9 Uni\u00f3n Diguill\u00edn<\/span><\/p>\n<p class=\"v1MsoNormal\" style=\"text-align: justify;\"><span lang=\"ES-TRAD\">52. Sue\u00f1os de la tierra<\/span><\/p>\n<p class=\"v1MsoNormal\" style=\"text-align: justify;\"><span lang=\"ES-TRAD\">53. Movilizatorio<\/span><\/p>\n<p class=\"v1MsoNormal\" style=\"text-align: justify;\"><span lang=\"ES-TRAD\">54. Corporaci\u00f3n Konsejatu Chafun Mapuche Williche Chilwe<\/span><\/p>\n<p class=\"v1MsoNormal\" style=\"text-align: justify;\"><span lang=\"ES-TRAD\">55. Comunidad Ind\u00edgena Williche Natri Bajo &#8211; Molulko<\/span><\/p>\n<p class=\"v1MsoNormal\" style=\"text-align: justify;\"><span lang=\"ES-TRAD\">56. Comunidad Indigena Mapuche Williche Cacique Pairo de Apeche<\/span><\/p>\n<p class=\"v1MsoNormal\" style=\"text-align: justify;\"><span lang=\"ES-TRAD\">57. Fundaci\u00f3n Omora<\/span><\/p>\n<p class=\"v1MsoNormal\" style=\"text-align: justify;\"><span lang=\"ES-TRAD\">58. Red Iglesias y Miner\u00eda Chile<\/span><\/p>\n<p class=\"v1MsoNormal\" style=\"text-align: justify;\"><span lang=\"ES-TRAD\">59. ECOCEANOS<\/span><\/p>\n<p class=\"v1MsoNormal\" style=\"text-align: justify;\"><span lang=\"ES-TRAD\">60. Coordinaci\u00f3n de Territorios por la Defensa de los Glaciares<\/span><\/p>\n<p class=\"v1MsoNormal\" style=\"text-align: justify;\"><span lang=\"ES-TRAD\">61. Defendamos Chilo\u00e9<\/span><\/p>\n<p class=\"v1MsoNormal\" style=\"text-align: justify;\"><span lang=\"ES-TRAD\">\u00a0<\/span><\/p>\n<\/div><\/section><\/div><div  style='height:50px' class='hr hr-invisible   avia-builder-el-6  el_after_av_one_full  el_before_av_social_share '><span class='hr-inner ' ><span class='hr-inner-style'><\/span><\/span><\/div><\/p>\n<div  class='av-social-sharing-box  avia-builder-el-7  el_after_av_hr  el_before_av_hr  '><div class='av-share-box'><h5 class='av-share-link-description av-no-toc '>Compartir esta noticia<\/h5><ul class='av-share-box-list noLightbox'><li class='av-share-link av-social-link-facebook' ><a target=\"_blank\" aria-label=\"Compartir en Facebook\" href='https:\/\/www.facebook.com\/sharer.php?u=https:\/\/radiorevelacionfm.cl\/?p=39863&#038;t=Organizaciones%20y%20dirigentes%20de%20Ays%C3%A9n%20respaldan%20solicitudes%20de%20comunidades%20ind%C3%ADgenas%20que%20viabilizan%20su%20derecho%20de%20uso%20del%20maritorio' aria-hidden='false' data-av_icon='\ue8f3' data-av_iconfont='entypo-fontello' title='' data-avia-related-tooltip='Compartir en Facebook' rel=\"noopener\"><span class='avia_hidden_link_text'>Compartir en Facebook<\/span><\/a><\/li><li class='av-share-link av-social-link-twitter' ><a target=\"_blank\" aria-label=\"Compartir en Twitter\" href='https:\/\/twitter.com\/share?text=Organizaciones%20y%20dirigentes%20de%20Ays%C3%A9n%20respaldan%20solicitudes%20de%20comunidades%20ind%C3%ADgenas%20que%20viabilizan%20su%20derecho%20de%20uso%20del%20maritorio&#038;url=https:\/\/radiorevelacionfm.cl\/?p=39863' aria-hidden='false' data-av_icon='\ue8f1' data-av_iconfont='entypo-fontello' title='' data-avia-related-tooltip='Compartir en Twitter' rel=\"noopener\"><span class='avia_hidden_link_text'>Compartir en Twitter<\/span><\/a><\/li><li class='av-share-link av-social-link-whatsapp' ><a target=\"_blank\" aria-label=\"Compartir en Whatsapp\" href='https:\/\/api.whatsapp.com\/send?text=https:\/\/radiorevelacionfm.cl\/?p=39863' aria-hidden='false' data-av_icon='\uf232' data-av_iconfont='entypo-fontello' title='' data-avia-related-tooltip='Compartir en Whatsapp' rel=\"noopener\"><span class='avia_hidden_link_text'>Compartir en Whatsapp<\/span><\/a><\/li><li class='av-share-link av-social-link-linkedin' ><a target=\"_blank\" aria-label=\"Compartir en LinkedIn\" href='https:\/\/linkedin.com\/shareArticle?mini=true&#038;title=Organizaciones%20y%20dirigentes%20de%20Ays%C3%A9n%20respaldan%20solicitudes%20de%20comunidades%20ind%C3%ADgenas%20que%20viabilizan%20su%20derecho%20de%20uso%20del%20maritorio&#038;url=https:\/\/radiorevelacionfm.cl\/?p=39863' aria-hidden='false' data-av_icon='\ue8fc' data-av_iconfont='entypo-fontello' title='' data-avia-related-tooltip='Compartir en LinkedIn' rel=\"noopener\"><span class='avia_hidden_link_text'>Compartir en LinkedIn<\/span><\/a><\/li><li class='av-share-link av-social-link-mail' ><a  aria-label=\"Compartir por correo\" href='mailto:?subject=Organizaciones%20y%20dirigentes%20de%20Ays%C3%A9n%20respaldan%20solicitudes%20de%20comunidades%20ind%C3%ADgenas%20que%20viabilizan%20su%20derecho%20de%20uso%20del%20maritorio&#038;body=https:\/\/radiorevelacionfm.cl\/?p=39863' aria-hidden='false' data-av_icon='\ue805' data-av_iconfont='entypo-fontello' title='' data-avia-related-tooltip='Compartir por correo'><span class='avia_hidden_link_text'>Compartir por correo<\/span><\/a><\/li><\/ul><\/div><\/div>\n<div  style='height:50px' class='hr hr-invisible   avia-builder-el-8  el_after_av_social_share  el_before_av_comments_list '><span class='hr-inner ' ><span class='hr-inner-style'><\/span><\/span><\/div>\n<div  class='av-buildercomment  av-blog-meta-html-info-disabled av-blog-meta-tag-disabled  '><\/div>\n","protected":false},"excerpt":{"rendered":"","protected":false},"author":1,"featured_media":39864,"comment_status":"open","ping_status":"open","sticky":false,"template":"","format":"standard","meta":{"footnotes":""},"categories":[38],"tags":[],"class_list":["post-39863","post","type-post","status-publish","format-standard","has-post-thumbnail","hentry","category-regional"],"jetpack_featured_media_url":"https:\/\/radiorevelacionfm.cl\/wp-content\/uploads\/2024\/02\/Pesca-artesanal-1-1-1.jpg","_links":{"self":[{"href":"https:\/\/radiorevelacionfm.cl\/index.php?rest_route=\/wp\/v2\/posts\/39863","targetHints":{"allow":["GET"]}}],"collection":[{"href":"https:\/\/radiorevelacionfm.cl\/index.php?rest_route=\/wp\/v2\/posts"}],"about":[{"href":"https:\/\/radiorevelacionfm.cl\/index.php?rest_route=\/wp\/v2\/types\/post"}],"author":[{"embeddable":true,"href":"https:\/\/radiorevelacionfm.cl\/index.php?rest_route=\/wp\/v2\/users\/1"}],"replies":[{"embeddable":true,"href":"https:\/\/radiorevelacionfm.cl\/index.php?rest_route=%2Fwp%2Fv2%2Fcomments&post=39863"}],"version-history":[{"count":1,"href":"https:\/\/radiorevelacionfm.cl\/index.php?rest_route=\/wp\/v2\/posts\/39863\/revisions"}],"predecessor-version":[{"id":39865,"href":"https:\/\/radiorevelacionfm.cl\/index.php?rest_route=\/wp\/v2\/posts\/39863\/revisions\/39865"}],"wp:featuredmedia":[{"embeddable":true,"href":"https:\/\/radiorevelacionfm.cl\/index.php?rest_route=\/wp\/v2\/media\/39864"}],"wp:attachment":[{"href":"https:\/\/radiorevelacionfm.cl\/index.php?rest_route=%2Fwp%2Fv2%2Fmedia&parent=39863"}],"wp:term":[{"taxonomy":"category","embeddable":true,"href":"https:\/\/radiorevelacionfm.cl\/index.php?rest_route=%2Fwp%2Fv2%2Fcategories&post=39863"},{"taxonomy":"post_tag","embeddable":true,"href":"https:\/\/radiorevelacionfm.cl\/index.php?rest_route=%2Fwp%2Fv2%2Ftags&post=39863"}],"curies":[{"name":"wp","href":"https:\/\/api.w.org\/{rel}","templated":true}]}}