{"id":3986,"date":"2021-05-10T20:10:07","date_gmt":"2021-05-10T23:10:07","guid":{"rendered":"https:\/\/radiorevelacionfm.cl\/?p=3986"},"modified":"2021-05-10T20:13:37","modified_gmt":"2021-05-10T23:13:37","slug":"bienes-nacionales-espera-tramitar-cerca-de-200-titulos-de-propiedad-en-la-region-de-aysen","status":"publish","type":"post","link":"https:\/\/radiorevelacionfm.cl\/?p=3986","title":{"rendered":"Bienes Nacionales espera tramitar cerca de 200 t\u00edtulos de propiedad en la regi\u00f3n de Ays\u00e9n"},"content":{"rendered":"<div class=\"flex_column av_one_full  flex_column_div av-zero-column-padding first  avia-builder-el-0  el_before_av_one_full  avia-builder-el-first  \" style='border-radius:0px; '><div  class='avia-image-container  av-styling-    avia-builder-el-1  avia-builder-el-no-sibling  avia-align-center '  itemprop=\"image\" itemscope=\"itemscope\" itemtype=\"https:\/\/schema.org\/ImageObject\"  ><div class='avia-image-container-inner'><div class='avia-image-overlay-wrap'><img decoding=\"async\" class='wp-image-0 avia-img-lazy-loading-not-0 avia_image' src=\"https:\/\/radiorevelacionfm.cl\/wp-content\/uploads\/2021\/05\/TIiTULOS-2-1-1.jpg\" alt='' title=''   itemprop=\"thumbnailUrl\"  \/><\/div><\/div><\/div><\/div><div class=\"flex_column av_one_full  flex_column_div av-zero-column-padding first  avia-builder-el-2  el_after_av_one_full  el_before_av_one_full  column-top-margin\" style='border-radius:0px; '><section class=\"av_textblock_section \"  itemscope=\"itemscope\" itemtype=\"https:\/\/schema.org\/BlogPosting\" itemprop=\"blogPost\" ><div class='avia_textblock  '   itemprop=\"text\" ><p style=\"text-align: center;\"><span style=\"font-size: 18pt;\"><strong>Bienes Nacionales espera tramitar cerca de 200 t\u00edtulos de propiedad en la regi\u00f3n de Ays\u00e9n<\/strong><\/span><\/p>\n<div id=\"gtx-trans\" style=\"position: absolute; left: -50px; top: 4.31534px;\">\n<div class=\"gtx-trans-icon\"><\/div>\n<\/div>\n<\/div><\/section><\/div><\/p>\n<div class=\"flex_column av_one_full  flex_column_div av-zero-column-padding first  avia-builder-el-4  el_after_av_one_full  el_before_av_hr  column-top-margin\" style='border-radius:0px; '><section class=\"av_textblock_section \"  itemscope=\"itemscope\" itemtype=\"https:\/\/schema.org\/BlogPosting\" itemprop=\"blogPost\" ><div class='avia_textblock  '   itemprop=\"text\" ><p style=\"text-align: justify;\">En una actividad v\u00eda online, el Mandatario junto el Ministro de la cartera de tierras, dieron a conocer las cifras que se esperan alcanzar para este a\u00f1o, con una meta nacional de 17.500 t\u00edtulos a entregar. En ese marco, la Intendenta Regional Margarita Ossa Rojas, junto a la Seremi Ana Mar\u00eda Mora Araneda, se trasladaron a la localidad de Alto Baguales -a unos 10 km de Coyhaique- para sumarse a este importante anuncio y hacer entrega de t\u00edtulos a dos vecinos del sector.<\/p>\n<p style=\"text-align: justify;\">Esta meta es parte de la Agenda Social impulsada por el Presidente, la que incluye en uno de sus ejes al Ministerio de Bienes Nacionales, para que de prioridad a la regularizaci\u00f3n de t\u00edtulos de dominio para adultos mayores y mujeres.<\/p>\n<p style=\"text-align: justify;\">En ese sentido, la Intendenta apunt\u00f3 que en el caso de Alto Baguales ya \u201cson seis familias, todo un sector, toda una cuadra que es propietaria, y eso nos llena de felicidad. El Presidente Sebasti\u00e1n Pi\u00f1era nos ha puesto este desaf\u00edo como regi\u00f3n y que tiene ver con poder regularizar alrededor de 200 t\u00edtulos de dominio, algo elemental para un buen vivir\u201d. &#8211; Y agreg\u00f3, \u201cadem\u00e1s, saber que tu vecino y todos quienes le siguen, las familias contiguas, tambi\u00e9n est\u00e1n en la misma situaci\u00f3n, eso es lo que el Presidente nos ha reiterado una y otra vez, que es mejorar la calidad de vida de las personas, la dignidad,\u00a0 y eso es lo que estamos haciendo hoy\u201d.<\/p>\n<p style=\"text-align: justify;\">A nivel regional la Seremi Ana Mar\u00eda Mora detall\u00f3 que \u201ctenemos c\u00f3mo meta entregar unos 200 t\u00edtulos, y los vecinos de Alto Baguales son una muestra de este avance, ya que a la fecha hemos finalizado 80 de ellos, esperando que de aqu\u00ed fin de a\u00f1o cumplamos con esta meta, para que m\u00e1s ayseninos sean parte de nuestro programa Chile Propietario\u201d.<\/p>\n<p style=\"text-align: justify;\">Durante el segundo gobierno del Presidente Pi\u00f1era, adem\u00e1s, se ha logrado disminuir el plazo promedio de tramitaci\u00f3n del t\u00edtulo de dominio en un 55,1%, pasando de 4,9 a\u00f1os en 2018 a 2,7 a\u00f1os en diciembre del 2020. Sin embargo, el Ministerio est\u00e1 trabajando para disminuir a\u00fan m\u00e1s el tiempo de tramitaci\u00f3n y llegar a no m\u00e1s de 2 a\u00f1os, desde que la persona ingresa la solicitud hasta que recibe su t\u00edtulo, al t\u00e9rmino de este Gobierno.<\/p>\n<p style=\"text-align: justify;\"><strong><u>Saneamiento de la propiedad ra\u00edz<\/u><\/strong><\/p>\n<p style=\"text-align: justify;\">El Ministerio de Bienes Nacionales, dentro del ejercicio de sus competencias administrativas, se encuentra facultado para la aplicaci\u00f3n del procedimiento de saneamiento de la posesi\u00f3n y constituci\u00f3n del dominio de la peque\u00f1a propiedad ra\u00edz que se encuentra establecido en el Decreto Ley N\u00b0 2.695, de 1979, respecto de aquellas personas naturales o jur\u00eddicas que carezcan de t\u00edtulos de dominio o los tengan imperfectos, aplic\u00e1ndose tanto en casos de propiedades urbana y rural.<\/p>\n<p style=\"text-align: justify;\"><strong><u>Beneficios de ser propietario<\/u><\/strong><\/p>\n<p style=\"text-align: justify;\">El ser propietario permite optar a diversos beneficios del estado y de entidades p\u00fablicas, en los sectores rurales, por ejemplo, a subsidio habitacional, planes de manejo forestal, cr\u00e9ditos para compra de abonos, semillas, etc. y si se trata de inmuebles urbanos, a subsidio habitacional por parte del servicio de vivienda y urbanismo, planes de mejoramientos de ampliaci\u00f3n de viviendas, pavimentos participativos, entre muchos otros.<\/p>\n<\/div><\/section><\/div>\n<div  style='height:50px' class='hr hr-invisible   avia-builder-el-6  el_after_av_one_full  el_before_av_social_share '><span class='hr-inner ' ><span class='hr-inner-style'><\/span><\/span><\/div>\n<div  class='av-social-sharing-box  avia-builder-el-7  el_after_av_hr  el_before_av_hr  '><div class='av-share-box'><h5 class='av-share-link-description av-no-toc '>Compartir esta noticia<\/h5><ul class='av-share-box-list noLightbox'><li class='av-share-link av-social-link-facebook' ><a target=\"_blank\" aria-label=\"Compartir en Facebook\" href='https:\/\/www.facebook.com\/sharer.php?u=https:\/\/radiorevelacionfm.cl\/?p=3986&#038;t=Bienes%20Nacionales%20espera%20tramitar%20cerca%20de%20200%20t%C3%ADtulos%20de%20propiedad%20en%20la%20regi%C3%B3n%20de%20Ays%C3%A9n' aria-hidden='false' data-av_icon='\ue8f3' data-av_iconfont='entypo-fontello' title='' data-avia-related-tooltip='Compartir en Facebook' rel=\"noopener\"><span class='avia_hidden_link_text'>Compartir en Facebook<\/span><\/a><\/li><li class='av-share-link av-social-link-twitter' ><a target=\"_blank\" aria-label=\"Compartir en Twitter\" href='https:\/\/twitter.com\/share?text=Bienes%20Nacionales%20espera%20tramitar%20cerca%20de%20200%20t%C3%ADtulos%20de%20propiedad%20en%20la%20regi%C3%B3n%20de%20Ays%C3%A9n&#038;url=https:\/\/radiorevelacionfm.cl\/?p=3986' aria-hidden='false' data-av_icon='\ue8f1' data-av_iconfont='entypo-fontello' title='' data-avia-related-tooltip='Compartir en Twitter' rel=\"noopener\"><span class='avia_hidden_link_text'>Compartir en Twitter<\/span><\/a><\/li><li class='av-share-link av-social-link-whatsapp' ><a target=\"_blank\" aria-label=\"Compartir en Whatsapp\" href='https:\/\/api.whatsapp.com\/send?text=https:\/\/radiorevelacionfm.cl\/?p=3986' aria-hidden='false' data-av_icon='\uf232' data-av_iconfont='entypo-fontello' title='' data-avia-related-tooltip='Compartir en Whatsapp' rel=\"noopener\"><span class='avia_hidden_link_text'>Compartir en Whatsapp<\/span><\/a><\/li><li class='av-share-link av-social-link-linkedin' ><a target=\"_blank\" aria-label=\"Compartir en LinkedIn\" href='https:\/\/linkedin.com\/shareArticle?mini=true&#038;title=Bienes%20Nacionales%20espera%20tramitar%20cerca%20de%20200%20t%C3%ADtulos%20de%20propiedad%20en%20la%20regi%C3%B3n%20de%20Ays%C3%A9n&#038;url=https:\/\/radiorevelacionfm.cl\/?p=3986' aria-hidden='false' data-av_icon='\ue8fc' data-av_iconfont='entypo-fontello' title='' data-avia-related-tooltip='Compartir en LinkedIn' rel=\"noopener\"><span class='avia_hidden_link_text'>Compartir en LinkedIn<\/span><\/a><\/li><li class='av-share-link av-social-link-mail' ><a  aria-label=\"Compartir por correo\" href='mailto:?subject=Bienes%20Nacionales%20espera%20tramitar%20cerca%20de%20200%20t%C3%ADtulos%20de%20propiedad%20en%20la%20regi%C3%B3n%20de%20Ays%C3%A9n&#038;body=https:\/\/radiorevelacionfm.cl\/?p=3986' aria-hidden='false' data-av_icon='\ue805' data-av_iconfont='entypo-fontello' title='' data-avia-related-tooltip='Compartir por correo'><span class='avia_hidden_link_text'>Compartir por correo<\/span><\/a><\/li><\/ul><\/div><\/div>\n<div  style='height:50px' class='hr hr-invisible   avia-builder-el-8  el_after_av_social_share  el_before_av_comments_list '><span class='hr-inner ' ><span class='hr-inner-style'><\/span><\/span><\/div>\n<div  class='av-buildercomment  av-blog-meta-html-info-disabled av-blog-meta-tag-disabled  '><\/div>\n","protected":false},"excerpt":{"rendered":"","protected":false},"author":1,"featured_media":0,"comment_status":"open","ping_status":"open","sticky":false,"template":"","format":"standard","meta":{"footnotes":""},"categories":[38],"tags":[],"class_list":["post-3986","post","type-post","status-publish","format-standard","hentry","category-regional"],"jetpack_featured_media_url":"","_links":{"self":[{"href":"https:\/\/radiorevelacionfm.cl\/index.php?rest_route=\/wp\/v2\/posts\/3986","targetHints":{"allow":["GET"]}}],"collection":[{"href":"https:\/\/radiorevelacionfm.cl\/index.php?rest_route=\/wp\/v2\/posts"}],"about":[{"href":"https:\/\/radiorevelacionfm.cl\/index.php?rest_route=\/wp\/v2\/types\/post"}],"author":[{"embeddable":true,"href":"https:\/\/radiorevelacionfm.cl\/index.php?rest_route=\/wp\/v2\/users\/1"}],"replies":[{"embeddable":true,"href":"https:\/\/radiorevelacionfm.cl\/index.php?rest_route=%2Fwp%2Fv2%2Fcomments&post=3986"}],"version-history":[{"count":3,"href":"https:\/\/radiorevelacionfm.cl\/index.php?rest_route=\/wp\/v2\/posts\/3986\/revisions"}],"predecessor-version":[{"id":3992,"href":"https:\/\/radiorevelacionfm.cl\/index.php?rest_route=\/wp\/v2\/posts\/3986\/revisions\/3992"}],"wp:attachment":[{"href":"https:\/\/radiorevelacionfm.cl\/index.php?rest_route=%2Fwp%2Fv2%2Fmedia&parent=3986"}],"wp:term":[{"taxonomy":"category","embeddable":true,"href":"https:\/\/radiorevelacionfm.cl\/index.php?rest_route=%2Fwp%2Fv2%2Fcategories&post=3986"},{"taxonomy":"post_tag","embeddable":true,"href":"https:\/\/radiorevelacionfm.cl\/index.php?rest_route=%2Fwp%2Fv2%2Ftags&post=3986"}],"curies":[{"name":"wp","href":"https:\/\/api.w.org\/{rel}","templated":true}]}}