{"id":39858,"date":"2024-02-26T18:41:23","date_gmt":"2024-02-26T21:41:23","guid":{"rendered":"https:\/\/radiorevelacionfm.cl\/?p=39858"},"modified":"2024-02-26T18:41:23","modified_gmt":"2024-02-26T21:41:23","slug":"con-fiscalizacion-evaluan-medidas-de-plan-de-verano-en-ruta-bimodal","status":"publish","type":"post","link":"https:\/\/radiorevelacionfm.cl\/?p=39858","title":{"rendered":"Con fiscalizaci\u00f3n eval\u00faan medidas de Plan de Verano en Ruta Bimodal"},"content":{"rendered":"<div class=\"flex_column av_one_full  flex_column_div av-zero-column-padding first  avia-builder-el-0  el_before_av_one_full  avia-builder-el-first  \" style='border-radius:0px; '><div  class='avia-image-container  av-styling-    avia-builder-el-1  avia-builder-el-no-sibling  avia-align-center '  itemprop=\"image\" itemscope=\"itemscope\" itemtype=\"https:\/\/schema.org\/ImageObject\"  ><div class='avia-image-container-inner'><div class='avia-image-overlay-wrap'><img decoding=\"async\" class='wp-image-39860 avia-img-lazy-loading-not-39860 avia_image' src=\"https:\/\/radiorevelacionfm.cl\/wp-content\/uploads\/2024\/02\/img-20240222-wa0014-1_optimized.jpg\" alt='' title='img-20240222-wa0014-(1)_optimized' height=\"600\" width=\"896\"  itemprop=\"thumbnailUrl\" srcset=\"https:\/\/radiorevelacionfm.cl\/wp-content\/uploads\/2024\/02\/img-20240222-wa0014-1_optimized.jpg 896w, https:\/\/radiorevelacionfm.cl\/wp-content\/uploads\/2024\/02\/img-20240222-wa0014-1_optimized-300x201.jpg 300w, https:\/\/radiorevelacionfm.cl\/wp-content\/uploads\/2024\/02\/img-20240222-wa0014-1_optimized-768x514.jpg 768w, https:\/\/radiorevelacionfm.cl\/wp-content\/uploads\/2024\/02\/img-20240222-wa0014-1_optimized-705x472.jpg 705w, https:\/\/radiorevelacionfm.cl\/wp-content\/uploads\/2024\/02\/img-20240222-wa0014-1_optimized-450x301.jpg 450w, https:\/\/radiorevelacionfm.cl\/wp-content\/uploads\/2024\/02\/img-20240222-wa0014-1_optimized-600x402.jpg 600w\" sizes=\"(max-width: 896px) 100vw, 896px\" \/><\/div><\/div><\/div><\/div><div class=\"flex_column av_one_full  flex_column_div av-zero-column-padding first  avia-builder-el-2  el_after_av_one_full  el_before_av_one_full  column-top-margin\" style='border-radius:0px; '><section class=\"av_textblock_section \"  itemscope=\"itemscope\" itemtype=\"https:\/\/schema.org\/BlogPosting\" itemprop=\"blogPost\" ><div class='avia_textblock  '   itemprop=\"text\" ><p style=\"text-align: center;\"><span style=\"font-size: 18pt;\"><b>Con fiscalizaci\u00f3n eval\u00faan medidas de Plan de Verano en Ruta Bimodal<\/b><\/span><\/p>\n<div id=\"gtx-trans\" style=\"position: absolute; left: -50px; top: 4.31534px;\">\n<div class=\"gtx-trans-icon\"><\/div>\n<\/div>\n<\/div><\/section><\/div><div class=\"flex_column av_one_full  flex_column_div av-zero-column-padding first  avia-builder-el-4  el_after_av_one_full  el_before_av_hr  column-top-margin\" style='border-radius:0px; '><section class=\"av_textblock_section \"  itemscope=\"itemscope\" itemtype=\"https:\/\/schema.org\/BlogPosting\" itemprop=\"blogPost\" ><div class='avia_textblock  '   itemprop=\"text\" ><p style=\"font-weight: 400; text-align: justify;\">Los seremis de Transportes y Telecomunicaciones de Ays\u00e9n y Los Lagos, realizaron una visita inspectiva en Caleta Gonzalo, donde pudieron monitorear en terreno el funcionamiento de esta v\u00eda de acceso a la Patagonia.<\/p>\n<p style=\"font-weight: 400; text-align: justify;\">Luego de que disminuyeran las restricciones de movilidad tras la pandemia, en el verano del 2022 se experimentaron diversos problemas por el explosivo aumento de la demanda, que ocasion\u00f3 problemas de congesti\u00f3n en el acceso a la regi\u00f3n de Ays\u00e9n. La Ruta Bimodal, servicio mar\u00edtimo subvencionado de la Regi\u00f3n de Los Lagos se vio particularmente afectada, dado su extensivo uso para ingresar a la Patagonia.<\/p>\n<p style=\"font-weight: 400; text-align: justify;\">A partir de ello, se articul\u00f3 el \u201cPlan de Verano en la Ruta Bimodal\u201d trabajo coordinado entre diversas entidades p\u00fablicas de ambas regiones, de forma de mejorar aspectos como el acceso a la informaci\u00f3n, mantenci\u00f3n de rutas, habilitaci\u00f3n de espacios para los pasajeros, entre otros. A fin de supervisar in situ el funcionamiento de estas medidas, seremiTT de Ays\u00e9n y Los Lagos, Delegaci\u00f3n Provincial de Palena y Carabineros efectuaron un operativo en Caleta Gonzalo, comuna de Chait\u00e9n.<\/p>\n<p style=\"font-weight: 400; text-align: justify;\">La instancia se aprovech\u00f3 para evaluar aspectos del servicio prestado por el Ministerio de Transportes y Telecomunicaciones y tambi\u00e9n se realiz\u00f3 un control de alcotest a los conductores y usuarios de la embarcaci\u00f3n.<\/p>\n<p style=\"font-weight: 400; text-align: justify;\">El seremiTT Ays\u00e9n, Hans Zimmerman, recomend\u00f3 adquirir con anticipaci\u00f3n los pasajes de forma de hacer m\u00e1s expedito y simple el tr\u00e1nsito, sobre todo en temporada alta: \u201cLa Ruta bimodal es una de las principales puertas de acceso a la regi\u00f3n de Ays\u00e9n. Hemos podido constatar que la operaci\u00f3n est\u00e1 transcurriendo de manera normal, pero a\u00fan hemos visto personas que llegan hasta la rampa sin su ticket. Invitamos a los visitantes, a los turistas, a que planifiquen su viaje, a comprar los pasajes con antelaci\u00f3n para que la operaci\u00f3n pueda seguir transcurriendo de la mejor forma posible\u201d.<\/p>\n<p style=\"font-weight: 400; text-align: justify;\">Pablo Joost, seremi de la misma cartera en la Regi\u00f3n de Los Lagos evalu\u00f3 positivamente la colaboraci\u00f3n entre ambas regiones que ha favorecido a los usuarios de esta importante v\u00eda de conectividad hacia la regi\u00f3n: \u201cDurante a\u00f1os anteriores ha tenido aglomeraci\u00f3n de pasajeros, sin embargo durante las \u00faltimas dos temporadas, gracias a la coordinaci\u00f3n con las otras regiones y tambi\u00e9n con otras instituciones, hemos logrado tener resultados favorables para la conectividad, para la econom\u00eda local y por supuesto para todo el sistema de conectividad de la provincia de Palena y de la regi\u00f3n de Ays\u00e9n\u201d.<\/p>\n<p style=\"font-weight: 400; text-align: justify;\">El delegado provincial de Palena, Luis Monta\u00f1a adem\u00e1s destac\u00f3 la cooperaci\u00f3n de las fuerzas de seguridad en esta inspecci\u00f3n permitiendo un mayor control en la \u00e9poca de mayor tr\u00e1nsito de este tramo mar\u00edtimo. \u201cDentro del marco del Plan Verano Seguro hemos realizado todas las coordinaciones necesarias para estar presentes en cada uno de los puntos de acceso a la provincia de Palena con distintas instituciones. Hoy estamos con Carabineros, nos ha apoyado tambi\u00e9n la Armada, Aduana y seguiremos en esta senda para brindar las mejores condiciones de seguridad para los habitantes de la provincia y tambi\u00e9n para los visitantes que han llegado en gran cantidad en esta temporada\u201d.<\/p>\n<\/div><\/section><\/div><div  style='height:50px' class='hr hr-invisible   avia-builder-el-6  el_after_av_one_full  el_before_av_social_share '><span class='hr-inner ' ><span class='hr-inner-style'><\/span><\/span><\/div><\/p>\n<div  class='av-social-sharing-box  avia-builder-el-7  el_after_av_hr  el_before_av_hr  '><div class='av-share-box'><h5 class='av-share-link-description av-no-toc '>Compartir esta noticia<\/h5><ul class='av-share-box-list noLightbox'><li class='av-share-link av-social-link-facebook' ><a target=\"_blank\" aria-label=\"Compartir en Facebook\" href='https:\/\/www.facebook.com\/sharer.php?u=https:\/\/radiorevelacionfm.cl\/?p=39858&#038;t=Con%20fiscalizaci%C3%B3n%20eval%C3%BAan%20medidas%20de%20Plan%20de%20Verano%20en%20Ruta%20Bimodal' aria-hidden='false' data-av_icon='\ue8f3' data-av_iconfont='entypo-fontello' title='' data-avia-related-tooltip='Compartir en Facebook' rel=\"noopener\"><span class='avia_hidden_link_text'>Compartir en Facebook<\/span><\/a><\/li><li class='av-share-link av-social-link-twitter' ><a target=\"_blank\" aria-label=\"Compartir en Twitter\" href='https:\/\/twitter.com\/share?text=Con%20fiscalizaci%C3%B3n%20eval%C3%BAan%20medidas%20de%20Plan%20de%20Verano%20en%20Ruta%20Bimodal&#038;url=https:\/\/radiorevelacionfm.cl\/?p=39858' aria-hidden='false' data-av_icon='\ue8f1' data-av_iconfont='entypo-fontello' title='' data-avia-related-tooltip='Compartir en Twitter' rel=\"noopener\"><span class='avia_hidden_link_text'>Compartir en Twitter<\/span><\/a><\/li><li class='av-share-link av-social-link-whatsapp' ><a target=\"_blank\" aria-label=\"Compartir en Whatsapp\" href='https:\/\/api.whatsapp.com\/send?text=https:\/\/radiorevelacionfm.cl\/?p=39858' aria-hidden='false' data-av_icon='\uf232' data-av_iconfont='entypo-fontello' title='' data-avia-related-tooltip='Compartir en Whatsapp' rel=\"noopener\"><span class='avia_hidden_link_text'>Compartir en Whatsapp<\/span><\/a><\/li><li class='av-share-link av-social-link-linkedin' ><a target=\"_blank\" aria-label=\"Compartir en LinkedIn\" href='https:\/\/linkedin.com\/shareArticle?mini=true&#038;title=Con%20fiscalizaci%C3%B3n%20eval%C3%BAan%20medidas%20de%20Plan%20de%20Verano%20en%20Ruta%20Bimodal&#038;url=https:\/\/radiorevelacionfm.cl\/?p=39858' aria-hidden='false' data-av_icon='\ue8fc' data-av_iconfont='entypo-fontello' title='' data-avia-related-tooltip='Compartir en LinkedIn' rel=\"noopener\"><span class='avia_hidden_link_text'>Compartir en LinkedIn<\/span><\/a><\/li><li class='av-share-link av-social-link-mail' ><a  aria-label=\"Compartir por correo\" href='mailto:?subject=Con%20fiscalizaci%C3%B3n%20eval%C3%BAan%20medidas%20de%20Plan%20de%20Verano%20en%20Ruta%20Bimodal&#038;body=https:\/\/radiorevelacionfm.cl\/?p=39858' aria-hidden='false' data-av_icon='\ue805' data-av_iconfont='entypo-fontello' title='' data-avia-related-tooltip='Compartir por correo'><span class='avia_hidden_link_text'>Compartir por correo<\/span><\/a><\/li><\/ul><\/div><\/div>\n<div  style='height:50px' class='hr hr-invisible   avia-builder-el-8  el_after_av_social_share  el_before_av_comments_list '><span class='hr-inner ' ><span class='hr-inner-style'><\/span><\/span><\/div>\n<div  class='av-buildercomment  av-blog-meta-html-info-disabled av-blog-meta-tag-disabled  '><\/div>\n","protected":false},"excerpt":{"rendered":"","protected":false},"author":1,"featured_media":39860,"comment_status":"open","ping_status":"open","sticky":false,"template":"","format":"standard","meta":{"footnotes":""},"categories":[59],"tags":[],"class_list":["post-39858","post","type-post","status-publish","format-standard","has-post-thumbnail","hentry","category-transporte"],"jetpack_featured_media_url":"https:\/\/radiorevelacionfm.cl\/wp-content\/uploads\/2024\/02\/img-20240222-wa0014-1_optimized.jpg","_links":{"self":[{"href":"https:\/\/radiorevelacionfm.cl\/index.php?rest_route=\/wp\/v2\/posts\/39858","targetHints":{"allow":["GET"]}}],"collection":[{"href":"https:\/\/radiorevelacionfm.cl\/index.php?rest_route=\/wp\/v2\/posts"}],"about":[{"href":"https:\/\/radiorevelacionfm.cl\/index.php?rest_route=\/wp\/v2\/types\/post"}],"author":[{"embeddable":true,"href":"https:\/\/radiorevelacionfm.cl\/index.php?rest_route=\/wp\/v2\/users\/1"}],"replies":[{"embeddable":true,"href":"https:\/\/radiorevelacionfm.cl\/index.php?rest_route=%2Fwp%2Fv2%2Fcomments&post=39858"}],"version-history":[{"count":1,"href":"https:\/\/radiorevelacionfm.cl\/index.php?rest_route=\/wp\/v2\/posts\/39858\/revisions"}],"predecessor-version":[{"id":39861,"href":"https:\/\/radiorevelacionfm.cl\/index.php?rest_route=\/wp\/v2\/posts\/39858\/revisions\/39861"}],"wp:featuredmedia":[{"embeddable":true,"href":"https:\/\/radiorevelacionfm.cl\/index.php?rest_route=\/wp\/v2\/media\/39860"}],"wp:attachment":[{"href":"https:\/\/radiorevelacionfm.cl\/index.php?rest_route=%2Fwp%2Fv2%2Fmedia&parent=39858"}],"wp:term":[{"taxonomy":"category","embeddable":true,"href":"https:\/\/radiorevelacionfm.cl\/index.php?rest_route=%2Fwp%2Fv2%2Fcategories&post=39858"},{"taxonomy":"post_tag","embeddable":true,"href":"https:\/\/radiorevelacionfm.cl\/index.php?rest_route=%2Fwp%2Fv2%2Ftags&post=39858"}],"curies":[{"name":"wp","href":"https:\/\/api.w.org\/{rel}","templated":true}]}}