{"id":39852,"date":"2024-02-26T17:49:49","date_gmt":"2024-02-26T20:49:49","guid":{"rendered":"https:\/\/radiorevelacionfm.cl\/?p=39852"},"modified":"2024-02-26T17:49:49","modified_gmt":"2024-02-26T20:49:49","slug":"entretenidas-actividades-marcan-cierre-del-centro-de-cuidados-para-trabajos-de-temporada-en-cisnes-ibanez-y-guaitecas","status":"publish","type":"post","link":"https:\/\/radiorevelacionfm.cl\/?p=39852","title":{"rendered":"Entretenidas actividades marcan cierre del Centro de Cuidados para Trabajos de Temporada en Cisnes, Iba\u00f1ez y Guaitecas"},"content":{"rendered":"<div class=\"flex_column av_one_full  flex_column_div av-zero-column-padding first  avia-builder-el-0  el_before_av_one_full  avia-builder-el-first  \" style='border-radius:0px; '><div  class='avia-image-container  av-styling-    avia-builder-el-1  avia-builder-el-no-sibling  avia-align-center '  itemprop=\"image\" itemscope=\"itemscope\" itemtype=\"https:\/\/schema.org\/ImageObject\"  ><div class='avia-image-container-inner'><div class='avia-image-overlay-wrap'><img decoding=\"async\" class='wp-image-39853 avia-img-lazy-loading-not-39853 avia_image' src=\"https:\/\/radiorevelacionfm.cl\/wp-content\/uploads\/2024\/02\/cierre-escuelaverano-1-1_optimized-1.jpeg\" alt='' title='cierre-escuelaverano-1-(1)_optimized (1)' height=\"600\" width=\"800\"  itemprop=\"thumbnailUrl\" srcset=\"https:\/\/radiorevelacionfm.cl\/wp-content\/uploads\/2024\/02\/cierre-escuelaverano-1-1_optimized-1.jpeg 800w, https:\/\/radiorevelacionfm.cl\/wp-content\/uploads\/2024\/02\/cierre-escuelaverano-1-1_optimized-1-300x225.jpeg 300w, https:\/\/radiorevelacionfm.cl\/wp-content\/uploads\/2024\/02\/cierre-escuelaverano-1-1_optimized-1-768x576.jpeg 768w, https:\/\/radiorevelacionfm.cl\/wp-content\/uploads\/2024\/02\/cierre-escuelaverano-1-1_optimized-1-705x529.jpeg 705w, https:\/\/radiorevelacionfm.cl\/wp-content\/uploads\/2024\/02\/cierre-escuelaverano-1-1_optimized-1-450x338.jpeg 450w, https:\/\/radiorevelacionfm.cl\/wp-content\/uploads\/2024\/02\/cierre-escuelaverano-1-1_optimized-1-600x450.jpeg 600w\" sizes=\"(max-width: 800px) 100vw, 800px\" \/><\/div><\/div><\/div><\/div>\n<div class=\"flex_column av_one_full  flex_column_div av-zero-column-padding first  avia-builder-el-2  el_after_av_one_full  el_before_av_one_full  column-top-margin\" style='border-radius:0px; '><section class=\"av_textblock_section \"  itemscope=\"itemscope\" itemtype=\"https:\/\/schema.org\/BlogPosting\" itemprop=\"blogPost\" ><div class='avia_textblock  '   itemprop=\"text\" ><p style=\"text-align: center;\"><strong><span style=\"font-size: 18pt;\">Entretenidas actividades marcan cierre del Centro de Cuidados para Trabajos de Temporada en Cisnes, Iba\u00f1ez y Guaitecas<\/span><\/strong><\/p>\n<div id=\"gtx-trans\" style=\"position: absolute; left: -50px; top: 4.31534px;\">\n<div class=\"gtx-trans-icon\"><\/div>\n<\/div>\n<\/div><\/section><\/div><div class=\"flex_column av_one_full  flex_column_div av-zero-column-padding first  avia-builder-el-4  el_after_av_one_full  el_before_av_hr  column-top-margin\" style='border-radius:0px; '><section class=\"av_textblock_section \"  itemscope=\"itemscope\" itemtype=\"https:\/\/schema.org\/BlogPosting\" itemprop=\"blogPost\" ><div class='avia_textblock  '   itemprop=\"text\" ><p style=\"text-align: justify;\">Un mes de entretenidas actividades para ni\u00f1as y ni\u00f1os es lo que vivieron en las comunas de Cisnes, Ib\u00e1\u00f1ez y Guaitecas a trav\u00e9s del programa Centro de Cuidados para Trabajos de Temporada del Ministerio de Desarrollo Social y Familia y que se lleva a cabo en alianza con los 3 municipios, el Instituto Nacional de Deportes, IND y la Junta Nacional de Auxilio Escolar y Becas, Junaeb.<\/p>\n<p style=\"text-align: justify;\">La conocida \u00abescuelita de verano\u00bb como le llaman cari\u00f1osamente, permiti\u00f3 a madres, padres y cuidadores que pudieran trabajar en temporada estival con tranquilidad, disponiendo de una serie de actividades deportivas y recreativas para 60 ni\u00f1as y ni\u00f1os.<\/p>\n<p style=\"text-align: justify;\">Cristofer es uno de los ni\u00f1os que disfrut\u00f3 de las actividades que se hicieron en Melinka, donde particip\u00f3 de un taller de kayak, senderismo, entre otras actividades \u00abLo he pasado muy bien y le agradezco al t\u00edo por todo lo que ha hecho, as\u00ed que gracias\u00bb. Nicole \u00c1guila, madre de dos hijos pudo trabajar este verano sin problemas ya que fue beneficiada con el Programa \u00abbueno a m\u00ed me ayud\u00f3 mucho porque trabajo todo el d\u00eda entonces para m\u00ed fue un apoyo el tenerlos todo el d\u00eda all\u00e1 y tambi\u00e9n con la alimentaci\u00f3n que me alivia como mam\u00e1 y tambi\u00e9n por ellos que se manten\u00edan ocupados en otras actividades y quehaceres\u00bb.<\/p>\n<p style=\"text-align: justify;\">Satisfechos con la ejecuci\u00f3n, tras el permanente acompa\u00f1amiento t\u00e9cnico del equipo ministerial y las l\u00fadicas actividades que se implementaron como talleres de escalada, senderismo, kayak, zumba kids, voleibol, k\u00e1rate, el seremi (S) de Desarrollo Social y Familia, Claudio Venegas coment\u00f3 \u00abEstamos en proceso de cierre con gran concurrencia y mucha felicidad porque los centros cumplieron el objetivo de funcionar de forma segura para ni\u00f1as y ni\u00f1os, mientras los padres trabajan en alguna temporalidad. Lo interesante es que no realizamos por primera vez estas escuelas, por ejemplo, en Cisnes es la d\u00e9cima versi\u00f3n y siempre con grandes resultados. El ministerio con esta oferta asegura a familias del Subsistema de Seguridades y Oportunidades proporcion\u00e1ndole a los ni\u00f1os estos espacios de recreaci\u00f3n, alimentaci\u00f3n y fundamentalmente de seguridad\u00bb.<\/p>\n<p style=\"text-align: justify;\">En Puerto Ib\u00e1\u00f1ez el cierre cont\u00f3 con una tarde recreativa donde se sum\u00f3 con actividades el programa Elige Vivir Sano, por lo que el alcalde de la comuna, Juan Saldivia relev\u00f3 \u00abNosotros estamos muy contentos de haber tenido este programa. Los ni\u00f1os han manifestado la alegr\u00eda de haber disfrutado de este mes de actividades junto a los monitores y las t\u00edas de alimentaci\u00f3n, lo cual sin duda permite que las familias puedan realizar sus actividades de trabajo durante estos meses. As\u00ed es que estamos muy agradecidos por la oportunidad y esperamos que se pueda mantener el pr\u00f3ximo a\u00f1o\u00bb. En tanto desde la comuna de Cisnes, Katherine Calqu\u00edn directora de Desarrollo Comunitario manifest\u00f3 \u00abFelices, encantados con lo que ha sido toda esta temporada, los ni\u00f1os han tenido diferentes actividades es un espacio seguro y recreativo. Agradecemos a todos los organismos que lo hacen posible Junaeb, IND y el Ministerio de Desarrollo Social y Familia que est\u00e1n pendientes y donde hacemos un trabajo colaborativo entre todos\u00bb.<\/p>\n<p style=\"text-align: justify;\">Muy \u00a0importante para el desarrollo del Centro fueron las 3 raciones alimenticias diarias aportadas por Junaeb, por lo que el director regional, Manuel Vivar coment\u00f3 \u00abEstamos muy contentos de haber participado en el Programa en las tres comunas y valoramos precisamente el impacto que generan donde contribuye en la disminuci\u00f3n de brechas en la generaci\u00f3n de ingresos para mujeres cuidadoras y contentos de haber puesto a disposici\u00f3n nuestro programa de alimentaci\u00f3n con toda la log\u00edstica que eso conlleva\u00bb.<\/p>\n<p class=\"v1elementToProof\" style=\"text-align: justify;\">Destacando el compromiso de gobierno que proporciona entre otros elementos, seguridad y bienestar a las familias trabajadoras, finalmente la seremi de Deportes Mar\u00eda Eugenia Dur\u00e1n destac\u00f3 el trabajo y financiamiento del IND para contratar a los profesores y monitores en los 3 Centros \u00abEsto ratifica el compromiso de nuestro presidente Boric y que viene sucediendo hace tiempo con administraciones anteriores, por lo tanto es muy importante como cada administraci\u00f3n va reforzando este compromiso con las ni\u00f1eces y con los padres trabajadores que tienen en este espacio una instancia para tener a sus hijos resguardados con profesionales del deporte y as\u00ed puedan ejercer sus labores de manera tranquila\u00bb.<\/p>\n<\/div><\/section><\/div><\/p>\n<div  style='height:50px' class='hr hr-invisible   avia-builder-el-6  el_after_av_one_full  el_before_av_social_share '><span class='hr-inner ' ><span class='hr-inner-style'><\/span><\/span><\/div>\n<div  class='av-social-sharing-box  avia-builder-el-7  el_after_av_hr  el_before_av_hr  '><div class='av-share-box'><h5 class='av-share-link-description av-no-toc '>Compartir esta noticia<\/h5><ul class='av-share-box-list noLightbox'><li class='av-share-link av-social-link-facebook' ><a target=\"_blank\" aria-label=\"Compartir en Facebook\" href='https:\/\/www.facebook.com\/sharer.php?u=https:\/\/radiorevelacionfm.cl\/?p=39852&#038;t=Entretenidas%20actividades%20marcan%20cierre%20del%20Centro%20de%20Cuidados%20para%20Trabajos%20de%20Temporada%20en%20Cisnes%2C%20Iba%C3%B1ez%20y%20Guaitecas' aria-hidden='false' data-av_icon='\ue8f3' data-av_iconfont='entypo-fontello' title='' data-avia-related-tooltip='Compartir en Facebook' rel=\"noopener\"><span class='avia_hidden_link_text'>Compartir en Facebook<\/span><\/a><\/li><li class='av-share-link av-social-link-twitter' ><a target=\"_blank\" aria-label=\"Compartir en Twitter\" href='https:\/\/twitter.com\/share?text=Entretenidas%20actividades%20marcan%20cierre%20del%20Centro%20de%20Cuidados%20para%20Trabajos%20de%20Temporada%20en%20Cisnes%2C%20Iba%C3%B1ez%20y%20Guaitecas&#038;url=https:\/\/radiorevelacionfm.cl\/?p=39852' aria-hidden='false' data-av_icon='\ue8f1' data-av_iconfont='entypo-fontello' title='' data-avia-related-tooltip='Compartir en Twitter' rel=\"noopener\"><span class='avia_hidden_link_text'>Compartir en Twitter<\/span><\/a><\/li><li class='av-share-link av-social-link-whatsapp' ><a target=\"_blank\" aria-label=\"Compartir en Whatsapp\" href='https:\/\/api.whatsapp.com\/send?text=https:\/\/radiorevelacionfm.cl\/?p=39852' aria-hidden='false' data-av_icon='\uf232' data-av_iconfont='entypo-fontello' title='' data-avia-related-tooltip='Compartir en Whatsapp' rel=\"noopener\"><span class='avia_hidden_link_text'>Compartir en Whatsapp<\/span><\/a><\/li><li class='av-share-link av-social-link-linkedin' ><a target=\"_blank\" aria-label=\"Compartir en LinkedIn\" href='https:\/\/linkedin.com\/shareArticle?mini=true&#038;title=Entretenidas%20actividades%20marcan%20cierre%20del%20Centro%20de%20Cuidados%20para%20Trabajos%20de%20Temporada%20en%20Cisnes%2C%20Iba%C3%B1ez%20y%20Guaitecas&#038;url=https:\/\/radiorevelacionfm.cl\/?p=39852' aria-hidden='false' data-av_icon='\ue8fc' data-av_iconfont='entypo-fontello' title='' data-avia-related-tooltip='Compartir en LinkedIn' rel=\"noopener\"><span class='avia_hidden_link_text'>Compartir en LinkedIn<\/span><\/a><\/li><li class='av-share-link av-social-link-mail' ><a  aria-label=\"Compartir por correo\" href='mailto:?subject=Entretenidas%20actividades%20marcan%20cierre%20del%20Centro%20de%20Cuidados%20para%20Trabajos%20de%20Temporada%20en%20Cisnes%2C%20Iba%C3%B1ez%20y%20Guaitecas&#038;body=https:\/\/radiorevelacionfm.cl\/?p=39852' aria-hidden='false' data-av_icon='\ue805' data-av_iconfont='entypo-fontello' title='' data-avia-related-tooltip='Compartir por correo'><span class='avia_hidden_link_text'>Compartir por correo<\/span><\/a><\/li><\/ul><\/div><\/div>\n<div  style='height:50px' class='hr hr-invisible   avia-builder-el-8  el_after_av_social_share  el_before_av_comments_list '><span class='hr-inner ' ><span class='hr-inner-style'><\/span><\/span><\/div>\n<div  class='av-buildercomment  av-blog-meta-html-info-disabled av-blog-meta-tag-disabled  '><\/div>\n","protected":false},"excerpt":{"rendered":"","protected":false},"author":1,"featured_media":39853,"comment_status":"open","ping_status":"open","sticky":false,"template":"","format":"standard","meta":{"footnotes":""},"categories":[38],"tags":[],"class_list":["post-39852","post","type-post","status-publish","format-standard","has-post-thumbnail","hentry","category-regional"],"jetpack_featured_media_url":"https:\/\/radiorevelacionfm.cl\/wp-content\/uploads\/2024\/02\/cierre-escuelaverano-1-1_optimized-1.jpeg","_links":{"self":[{"href":"https:\/\/radiorevelacionfm.cl\/index.php?rest_route=\/wp\/v2\/posts\/39852","targetHints":{"allow":["GET"]}}],"collection":[{"href":"https:\/\/radiorevelacionfm.cl\/index.php?rest_route=\/wp\/v2\/posts"}],"about":[{"href":"https:\/\/radiorevelacionfm.cl\/index.php?rest_route=\/wp\/v2\/types\/post"}],"author":[{"embeddable":true,"href":"https:\/\/radiorevelacionfm.cl\/index.php?rest_route=\/wp\/v2\/users\/1"}],"replies":[{"embeddable":true,"href":"https:\/\/radiorevelacionfm.cl\/index.php?rest_route=%2Fwp%2Fv2%2Fcomments&post=39852"}],"version-history":[{"count":2,"href":"https:\/\/radiorevelacionfm.cl\/index.php?rest_route=\/wp\/v2\/posts\/39852\/revisions"}],"predecessor-version":[{"id":39862,"href":"https:\/\/radiorevelacionfm.cl\/index.php?rest_route=\/wp\/v2\/posts\/39852\/revisions\/39862"}],"wp:featuredmedia":[{"embeddable":true,"href":"https:\/\/radiorevelacionfm.cl\/index.php?rest_route=\/wp\/v2\/media\/39853"}],"wp:attachment":[{"href":"https:\/\/radiorevelacionfm.cl\/index.php?rest_route=%2Fwp%2Fv2%2Fmedia&parent=39852"}],"wp:term":[{"taxonomy":"category","embeddable":true,"href":"https:\/\/radiorevelacionfm.cl\/index.php?rest_route=%2Fwp%2Fv2%2Fcategories&post=39852"},{"taxonomy":"post_tag","embeddable":true,"href":"https:\/\/radiorevelacionfm.cl\/index.php?rest_route=%2Fwp%2Fv2%2Ftags&post=39852"}],"curies":[{"name":"wp","href":"https:\/\/api.w.org\/{rel}","templated":true}]}}