{"id":39849,"date":"2024-02-26T17:11:00","date_gmt":"2024-02-26T20:11:00","guid":{"rendered":"https:\/\/radiorevelacionfm.cl\/?p=39849"},"modified":"2024-02-26T17:11:00","modified_gmt":"2024-02-26T20:11:00","slug":"tres-integrantes-del-club-orcas-de-aysen-participaran-de-proceso-selectivo-para-la-federacion-chilena-de-natacion","status":"publish","type":"post","link":"https:\/\/radiorevelacionfm.cl\/?p=39849","title":{"rendered":"Tres integrantes del Club Orcas de Ays\u00e9n participar\u00e1n de proceso selectivo para la Federaci\u00f3n Chilena de Nataci\u00f3n"},"content":{"rendered":"<div class=\"flex_column av_one_full  flex_column_div av-zero-column-padding first  avia-builder-el-0  el_before_av_one_full  avia-builder-el-first  \" style='border-radius:0px; '><div  class='avia-image-container  av-styling-    avia-builder-el-1  avia-builder-el-no-sibling  avia-align-center '  itemprop=\"image\" itemscope=\"itemscope\" itemtype=\"https:\/\/schema.org\/ImageObject\"  ><div class='avia-image-container-inner'><div class='avia-image-overlay-wrap'><img decoding=\"async\" class='wp-image-39850 avia-img-lazy-loading-not-39850 avia_image' src=\"https:\/\/radiorevelacionfm.cl\/wp-content\/uploads\/2024\/02\/jovenes-natacion-11-1_optimized.jpeg\" alt='' title='jovenes-natacion-11-(1)_optimized' height=\"600\" width=\"901\"  itemprop=\"thumbnailUrl\" srcset=\"https:\/\/radiorevelacionfm.cl\/wp-content\/uploads\/2024\/02\/jovenes-natacion-11-1_optimized.jpeg 901w, https:\/\/radiorevelacionfm.cl\/wp-content\/uploads\/2024\/02\/jovenes-natacion-11-1_optimized-300x200.jpeg 300w, https:\/\/radiorevelacionfm.cl\/wp-content\/uploads\/2024\/02\/jovenes-natacion-11-1_optimized-768x511.jpeg 768w, https:\/\/radiorevelacionfm.cl\/wp-content\/uploads\/2024\/02\/jovenes-natacion-11-1_optimized-705x469.jpeg 705w, https:\/\/radiorevelacionfm.cl\/wp-content\/uploads\/2024\/02\/jovenes-natacion-11-1_optimized-450x300.jpeg 450w, https:\/\/radiorevelacionfm.cl\/wp-content\/uploads\/2024\/02\/jovenes-natacion-11-1_optimized-600x400.jpeg 600w\" sizes=\"(max-width: 901px) 100vw, 901px\" \/><\/div><\/div><\/div><\/div><div class=\"flex_column av_one_full  flex_column_div av-zero-column-padding first  avia-builder-el-2  el_after_av_one_full  el_before_av_one_full  column-top-margin\" style='border-radius:0px; '><section class=\"av_textblock_section \"  itemscope=\"itemscope\" itemtype=\"https:\/\/schema.org\/BlogPosting\" itemprop=\"blogPost\" ><div class='avia_textblock  '   itemprop=\"text\" ><p style=\"text-align: center;\"><span style=\"font-size: 18pt;\"><strong>Tres integrantes del Club Orcas de Ays\u00e9n participar\u00e1n de proceso selectivo para la Federaci\u00f3n Chilena de Nataci\u00f3n<\/strong><\/span><\/p>\n<div id=\"gtx-trans\" style=\"position: absolute; left: -50px; top: 4.31534px;\">\n<div class=\"gtx-trans-icon\"><\/div>\n<\/div>\n<\/div><\/section><\/div><div class=\"flex_column av_one_full  flex_column_div av-zero-column-padding first  avia-builder-el-4  el_after_av_one_full  el_before_av_hr  column-top-margin\" style='border-radius:0px; '><section class=\"av_textblock_section \"  itemscope=\"itemscope\" itemtype=\"https:\/\/schema.org\/BlogPosting\" itemprop=\"blogPost\" ><div class='avia_textblock  '   itemprop=\"text\" ><p style=\"text-align: justify;\">Diego Aguirre, Martina Mardones y Sebasti\u00e1n Mondaca, j\u00f3venes integrantes del Club Orcas de Ays\u00e9n, participar\u00e1n de un proceso a nivel nacional, que podr\u00eda significar que integren la Federaci\u00f3n de Nataci\u00f3n de Chile.<\/p>\n<p style=\"text-align: justify;\">En esta oportunidad, los ayseninos ser\u00e1n sometidos a una serie de evaluaciones y concentraciones con la finalidad de potenciar sus habilidades y prepararlos para su posible participaci\u00f3n en selecci\u00f3n nacional con miras al Sudamericano juvenil 2025.<\/p>\n<p style=\"text-align: justify;\">Respecto a esta informaci\u00f3n, la Seremi del Deporte de la regi\u00f3n de Ays\u00e9n, Mar\u00eda Eugenia Duran, coment\u00f3 que este es, \u201cun logro hist\u00f3rico para la comuna de Ays\u00e9n, seg\u00fan nos comentaba la presidenta de la asociaci\u00f3n, porque hay tres deportistas que est\u00e1n preseleccionados por la Federaci\u00f3n de Nataci\u00f3n, lo cual, significa una tremenda posibilidad, porque abre puertas de pasar a un siguiente nivel, al cual no estamos generalmente muy acostumbrados, sobre todo en esta disciplina. En realidad, yo creo que esto es fruto del trabajo que han realizado ellos, los deportistas, el t\u00e9cnico, las familias, as\u00ed es que, felicitarlos desde el Ministerio del Deporte\u201d.<\/p>\n<p style=\"text-align: justify;\">Diego Aguirre, uno de los j\u00f3venes preseleccionados, se refiri\u00f3 a la importancia de representar a la regi\u00f3n y cu\u00e1les son sus expectativas ante esta posibilidad deportiva, \u201cmi expectativa es poder mejorar mis marcas, poder estar en el top y clasificar entre los mejores. En cuanto a poder representar a mi regi\u00f3n, me siento bastante orgulloso, muy pocas personas pueden hacer eso, es como un sue\u00f1o para m\u00ed. De peque\u00f1o tengo esa ilusi\u00f3n de poder representar a mi pa\u00eds, pero comenzamos representando a la regi\u00f3n y me siento emocionado\u201d.<\/p>\n<p style=\"text-align: justify;\">En tanto, Sebasti\u00e1n Mondaca, se siente orgulloso de poder demostrar el nivel que ha alcanzado la nataci\u00f3n en Puerto Ays\u00e9n, \u201ccontento con el logro y la verdad creo que es algo que como comuna pudimos demostrar lo que realmente podemos dar. Con esto estamos demostrando que queremos llegar a la selecci\u00f3n, representar al pa\u00eds, existen muchas metas m\u00e1s por cumplir y este es un paso m\u00e1s a los que queremos dar\u201d.<\/p>\n<p style=\"text-align: justify;\">La joven Martina Mardones, tambi\u00e9n ha sido preseleccionada por la Federaci\u00f3n Nacional de Nataci\u00f3n y en pocas palabras expres\u00f3 su alegr\u00eda por esta positiva noticia. \u201cEstoy feliz, es algo que estaba esperando y aprovecho de hacer un llamado a otros j\u00f3venes a, mentalizarse harto, intentar lograr todo lo que ellos se propongan y ser positivos al nadar\u201d.<\/p>\n<p style=\"text-align: justify;\">Para esta nueva instancia, los j\u00f3venes ayseninos requieren que las autoridades, algunas empresas, los apoyen para solventar los gastos de traslado y legista que significa la convocatoria recibida desde la Federaci\u00f3n Chilena de Nataci\u00f3n.<\/p>\n<\/div><\/section><\/div><div  style='height:50px' class='hr hr-invisible   avia-builder-el-6  el_after_av_one_full  el_before_av_social_share '><span class='hr-inner ' ><span class='hr-inner-style'><\/span><\/span><\/div><\/p>\n<div  class='av-social-sharing-box  avia-builder-el-7  el_after_av_hr  el_before_av_hr  '><div class='av-share-box'><h5 class='av-share-link-description av-no-toc '>Compartir esta noticia<\/h5><ul class='av-share-box-list noLightbox'><li class='av-share-link av-social-link-facebook' ><a target=\"_blank\" aria-label=\"Compartir en Facebook\" href='https:\/\/www.facebook.com\/sharer.php?u=https:\/\/radiorevelacionfm.cl\/?p=39849&#038;t=Tres%20integrantes%20del%20Club%20Orcas%20de%20Ays%C3%A9n%20participar%C3%A1n%20de%20proceso%20selectivo%20para%20la%20Federaci%C3%B3n%20Chilena%20de%20Nataci%C3%B3n' aria-hidden='false' data-av_icon='\ue8f3' data-av_iconfont='entypo-fontello' title='' data-avia-related-tooltip='Compartir en Facebook' rel=\"noopener\"><span class='avia_hidden_link_text'>Compartir en Facebook<\/span><\/a><\/li><li class='av-share-link av-social-link-twitter' ><a target=\"_blank\" aria-label=\"Compartir en Twitter\" href='https:\/\/twitter.com\/share?text=Tres%20integrantes%20del%20Club%20Orcas%20de%20Ays%C3%A9n%20participar%C3%A1n%20de%20proceso%20selectivo%20para%20la%20Federaci%C3%B3n%20Chilena%20de%20Nataci%C3%B3n&#038;url=https:\/\/radiorevelacionfm.cl\/?p=39849' aria-hidden='false' data-av_icon='\ue8f1' data-av_iconfont='entypo-fontello' title='' data-avia-related-tooltip='Compartir en Twitter' rel=\"noopener\"><span class='avia_hidden_link_text'>Compartir en Twitter<\/span><\/a><\/li><li class='av-share-link av-social-link-whatsapp' ><a target=\"_blank\" aria-label=\"Compartir en Whatsapp\" href='https:\/\/api.whatsapp.com\/send?text=https:\/\/radiorevelacionfm.cl\/?p=39849' aria-hidden='false' data-av_icon='\uf232' data-av_iconfont='entypo-fontello' title='' data-avia-related-tooltip='Compartir en Whatsapp' rel=\"noopener\"><span class='avia_hidden_link_text'>Compartir en Whatsapp<\/span><\/a><\/li><li class='av-share-link av-social-link-linkedin' ><a target=\"_blank\" aria-label=\"Compartir en LinkedIn\" href='https:\/\/linkedin.com\/shareArticle?mini=true&#038;title=Tres%20integrantes%20del%20Club%20Orcas%20de%20Ays%C3%A9n%20participar%C3%A1n%20de%20proceso%20selectivo%20para%20la%20Federaci%C3%B3n%20Chilena%20de%20Nataci%C3%B3n&#038;url=https:\/\/radiorevelacionfm.cl\/?p=39849' aria-hidden='false' data-av_icon='\ue8fc' data-av_iconfont='entypo-fontello' title='' data-avia-related-tooltip='Compartir en LinkedIn' rel=\"noopener\"><span class='avia_hidden_link_text'>Compartir en LinkedIn<\/span><\/a><\/li><li class='av-share-link av-social-link-mail' ><a  aria-label=\"Compartir por correo\" href='mailto:?subject=Tres%20integrantes%20del%20Club%20Orcas%20de%20Ays%C3%A9n%20participar%C3%A1n%20de%20proceso%20selectivo%20para%20la%20Federaci%C3%B3n%20Chilena%20de%20Nataci%C3%B3n&#038;body=https:\/\/radiorevelacionfm.cl\/?p=39849' aria-hidden='false' data-av_icon='\ue805' data-av_iconfont='entypo-fontello' title='' data-avia-related-tooltip='Compartir por correo'><span class='avia_hidden_link_text'>Compartir por correo<\/span><\/a><\/li><\/ul><\/div><\/div>\n<div  style='height:50px' class='hr hr-invisible   avia-builder-el-8  el_after_av_social_share  el_before_av_comments_list '><span class='hr-inner ' ><span class='hr-inner-style'><\/span><\/span><\/div>\n<div  class='av-buildercomment  av-blog-meta-html-info-disabled av-blog-meta-tag-disabled  '><\/div>\n","protected":false},"excerpt":{"rendered":"","protected":false},"author":1,"featured_media":39850,"comment_status":"open","ping_status":"open","sticky":false,"template":"","format":"standard","meta":{"footnotes":""},"categories":[40],"tags":[],"class_list":["post-39849","post","type-post","status-publish","format-standard","has-post-thumbnail","hentry","category-deportes"],"jetpack_featured_media_url":"https:\/\/radiorevelacionfm.cl\/wp-content\/uploads\/2024\/02\/jovenes-natacion-11-1_optimized.jpeg","_links":{"self":[{"href":"https:\/\/radiorevelacionfm.cl\/index.php?rest_route=\/wp\/v2\/posts\/39849","targetHints":{"allow":["GET"]}}],"collection":[{"href":"https:\/\/radiorevelacionfm.cl\/index.php?rest_route=\/wp\/v2\/posts"}],"about":[{"href":"https:\/\/radiorevelacionfm.cl\/index.php?rest_route=\/wp\/v2\/types\/post"}],"author":[{"embeddable":true,"href":"https:\/\/radiorevelacionfm.cl\/index.php?rest_route=\/wp\/v2\/users\/1"}],"replies":[{"embeddable":true,"href":"https:\/\/radiorevelacionfm.cl\/index.php?rest_route=%2Fwp%2Fv2%2Fcomments&post=39849"}],"version-history":[{"count":1,"href":"https:\/\/radiorevelacionfm.cl\/index.php?rest_route=\/wp\/v2\/posts\/39849\/revisions"}],"predecessor-version":[{"id":39851,"href":"https:\/\/radiorevelacionfm.cl\/index.php?rest_route=\/wp\/v2\/posts\/39849\/revisions\/39851"}],"wp:featuredmedia":[{"embeddable":true,"href":"https:\/\/radiorevelacionfm.cl\/index.php?rest_route=\/wp\/v2\/media\/39850"}],"wp:attachment":[{"href":"https:\/\/radiorevelacionfm.cl\/index.php?rest_route=%2Fwp%2Fv2%2Fmedia&parent=39849"}],"wp:term":[{"taxonomy":"category","embeddable":true,"href":"https:\/\/radiorevelacionfm.cl\/index.php?rest_route=%2Fwp%2Fv2%2Fcategories&post=39849"},{"taxonomy":"post_tag","embeddable":true,"href":"https:\/\/radiorevelacionfm.cl\/index.php?rest_route=%2Fwp%2Fv2%2Ftags&post=39849"}],"curies":[{"name":"wp","href":"https:\/\/api.w.org\/{rel}","templated":true}]}}