{"id":39847,"date":"2024-02-27T10:07:11","date_gmt":"2024-02-27T13:07:11","guid":{"rendered":"https:\/\/radiorevelacionfm.cl\/?p=39847"},"modified":"2024-02-27T10:07:11","modified_gmt":"2024-02-27T13:07:11","slug":"anuncian-ampliacion-de-plazo-para-postular-al-recambio-de-calefactores-en-coyhaique-y-cochrane","status":"publish","type":"post","link":"https:\/\/radiorevelacionfm.cl\/?p=39847","title":{"rendered":"Anuncian ampliaci\u00f3n de plazo para postular al recambio de calefactores en Coyhaique y Cochrane"},"content":{"rendered":"<div class=\"flex_column av_one_full  flex_column_div av-zero-column-padding first  avia-builder-el-0  el_before_av_one_full  avia-builder-el-first  \" style='border-radius:0px; '><div  class='avia-image-container  av-styling-    avia-builder-el-1  avia-builder-el-no-sibling  avia-align-center '  itemprop=\"image\" itemscope=\"itemscope\" itemtype=\"https:\/\/schema.org\/ImageObject\"  ><div class='avia-image-container-inner'><div class='avia-image-overlay-wrap'><img decoding=\"async\" class='wp-image-39593 avia-img-lazy-loading-not-39593 avia_image' src=\"https:\/\/radiorevelacionfm.cl\/wp-content\/uploads\/2024\/02\/recambio-2_optimized.jpg\" alt='' title='recambio-2_optimized' height=\"600\" width=\"1189\"  itemprop=\"thumbnailUrl\" srcset=\"https:\/\/radiorevelacionfm.cl\/wp-content\/uploads\/2024\/02\/recambio-2_optimized.jpg 1189w, https:\/\/radiorevelacionfm.cl\/wp-content\/uploads\/2024\/02\/recambio-2_optimized-300x151.jpg 300w, https:\/\/radiorevelacionfm.cl\/wp-content\/uploads\/2024\/02\/recambio-2_optimized-1030x520.jpg 1030w, https:\/\/radiorevelacionfm.cl\/wp-content\/uploads\/2024\/02\/recambio-2_optimized-768x388.jpg 768w, https:\/\/radiorevelacionfm.cl\/wp-content\/uploads\/2024\/02\/recambio-2_optimized-705x356.jpg 705w, https:\/\/radiorevelacionfm.cl\/wp-content\/uploads\/2024\/02\/recambio-2_optimized-450x227.jpg 450w, https:\/\/radiorevelacionfm.cl\/wp-content\/uploads\/2024\/02\/recambio-2_optimized-600x303.jpg 600w\" sizes=\"(max-width: 1189px) 100vw, 1189px\" \/><\/div><\/div><\/div><\/div><div class=\"flex_column av_one_full  flex_column_div av-zero-column-padding first  avia-builder-el-2  el_after_av_one_full  el_before_av_one_full  column-top-margin\" style='border-radius:0px; '><section class=\"av_textblock_section \"  itemscope=\"itemscope\" itemtype=\"https:\/\/schema.org\/BlogPosting\" itemprop=\"blogPost\" ><div class='avia_textblock  '   itemprop=\"text\" ><p style=\"text-align: center;\"><strong><span style=\"font-size: 18pt;\">Anuncian ampliaci\u00f3n de plazo para postular al recambio de calefactores en Coyhaique y Cochrane<\/span><\/strong><\/p>\n<div id=\"gtx-trans\" style=\"position: absolute; left: -50px; top: 4.31534px;\">\n<div class=\"gtx-trans-icon\"><\/div>\n<\/div>\n<\/div><\/section><\/div><div class=\"flex_column av_one_full  flex_column_div av-zero-column-padding first  avia-builder-el-4  el_after_av_one_full  el_before_av_hr  column-top-margin\" style='border-radius:0px; '><section class=\"av_textblock_section \"  itemscope=\"itemscope\" itemtype=\"https:\/\/schema.org\/BlogPosting\" itemprop=\"blogPost\" ><div class='avia_textblock  '   itemprop=\"text\" ><p style=\"text-align: justify;\">Quienes no han postulado aun al programa de recambio de calefactores en las ciudades de Coyhaique y Cochrane contar\u00e1n con m\u00e1s plazo para acceder al programa que permite cambiar calefactores a le\u00f1a por las opciones Pellet y Aire acondicionado.<\/p>\n<p style=\"text-align: justify;\">El Seremi del Medio Ambiente, Yoal D\u00edaz explic\u00f3 que debido al alto inter\u00e9s de las familias se ha extendido el plazo de postulaci\u00f3n al beneficio ambiental \u201ctenemos mucha participaci\u00f3n y mucha gente que est\u00e1 buscando seguir en este proceso de inscripci\u00f3n, entendiendo esto, queremos anunciarles que vamos a extender el plazo hasta el d\u00eda lunes 11 de marzo para que puedan realizar la inscripci\u00f3n\u201d.<\/p>\n<p style=\"text-align: justify;\">Del mismo modo, la autoridad hizo hincapi\u00e9 en que el proceso de postulaci\u00f3n se realiza en l\u00ednea y que aquellas personas que requieran asistencia en el proceso podr\u00e1n dirigirse a Errazuriz 414 en el caso de Coyhaique o bien a calle Las Golondrinas 568, en la ciudad de Cochrane donde recibir\u00e1n el apoyo de los profesionales del programa de recambio \u201cRecuerden realizar la postulaci\u00f3n en la p\u00e1gina web calefactores.mma.gob.cl para poder optar a este beneficio ambiental. Desde ya est\u00e1 hecha la invitaci\u00f3n para que, durante esta extensi\u00f3n de plazo, quienes no alcanzaron, puedan realizar el proceso\u201d<\/p>\n<p style=\"text-align: justify;\">Respecto a los requisitos de postulaci\u00f3n el Seremi record\u00f3 a la comunidad que el Programa de Recambio de Calefactores se enmarca en las medidas del Plan de Descontaminaci\u00f3n Atmosf\u00e9rica, que cuenta con el financiamiento del Gobierno Regional para disminuir los niveles de contaminaci\u00f3n en la zona saturada de Coyhaique, y en forma preventiva en localidades cuyas mediciones dan cuenta de contaminantes durante el periodo oto\u00f1o invierno;\u00a0 por cuanto se considera un beneficio ambiental cuyo fin es chatarrizar las estufas a le\u00f1a y reemplazarlas con calefactores que utilicen combustibles m\u00e1s limpios y eficientes. Desde esa l\u00f3gica, explic\u00f3 la autoridad, el beneficio no considera registro social de hogares y se otorga una sola vez por persona.<\/p>\n<p style=\"text-align: justify;\"><strong>Requisitos de postulaci\u00f3n<\/strong><\/p>\n<p style=\"text-align: justify;\">Toda persona mayor de edad que resida en la zona saturada de Coyhaique y en la zona urbana de Cochrane, que sea due\u00f1o a due\u00f1a del artefacto a le\u00f1a a recambiar y no haya sido beneficiado anteriormente por el programa de recambio, lo que incluye tambi\u00e9n a quienes postularon a los recambios le\u00f1a por le\u00f1a con certificaci\u00f3n SEC.<\/p>\n<p style=\"text-align: justify;\">Los artefactos a le\u00f1a a recambiar pueden ser del tipo salamandra, cocina, c\u00e1mara simple y calefactores con o sin templador, por lo que quedan excluidas las postulaciones de calderas de calefacci\u00f3n domiciliarias. Es requisito que el artefacto a le\u00f1a se encuentre instalado en la vivienda y s\u00f3lo se aceptar\u00e1 una postulaci\u00f3n por domicilio.<\/p>\n<p style=\"text-align: justify;\">La autoridad ambiental destac\u00f3 que el Programa de Recambio de Calefactores, junto a programas de Reacondicionamiento T\u00e9rmico de Viviendas de Minvu y otras medidas incluidas en el Plan de Descontaminaci\u00f3n Atmosf\u00e9rica (PDA) de Coyhaique, han sido efectivos en reducir las emisiones en la ciudad de Coyhaique, por cuanto reiter\u00f3 la invitaci\u00f3n a todas las familias a sumarse al programa y as\u00ed tambi\u00e9n a descontaminar el aire de la regi\u00f3n.<\/p>\n<\/div><\/section><\/div><div  style='height:50px' class='hr hr-invisible   avia-builder-el-6  el_after_av_one_full  el_before_av_social_share '><span class='hr-inner ' ><span class='hr-inner-style'><\/span><\/span><\/div><\/p>\n<div  class='av-social-sharing-box  avia-builder-el-7  el_after_av_hr  el_before_av_hr  '><div class='av-share-box'><h5 class='av-share-link-description av-no-toc '>Compartir esta noticia<\/h5><ul class='av-share-box-list noLightbox'><li class='av-share-link av-social-link-facebook' ><a target=\"_blank\" aria-label=\"Compartir en Facebook\" href='https:\/\/www.facebook.com\/sharer.php?u=https:\/\/radiorevelacionfm.cl\/?p=39847&#038;t=Anuncian%20ampliaci%C3%B3n%20de%20plazo%20para%20postular%20al%20recambio%20de%20calefactores%20en%20Coyhaique%20y%20Cochrane' aria-hidden='false' data-av_icon='\ue8f3' data-av_iconfont='entypo-fontello' title='' data-avia-related-tooltip='Compartir en Facebook' rel=\"noopener\"><span class='avia_hidden_link_text'>Compartir en Facebook<\/span><\/a><\/li><li class='av-share-link av-social-link-twitter' ><a target=\"_blank\" aria-label=\"Compartir en Twitter\" href='https:\/\/twitter.com\/share?text=Anuncian%20ampliaci%C3%B3n%20de%20plazo%20para%20postular%20al%20recambio%20de%20calefactores%20en%20Coyhaique%20y%20Cochrane&#038;url=https:\/\/radiorevelacionfm.cl\/?p=39847' aria-hidden='false' data-av_icon='\ue8f1' data-av_iconfont='entypo-fontello' title='' data-avia-related-tooltip='Compartir en Twitter' rel=\"noopener\"><span class='avia_hidden_link_text'>Compartir en Twitter<\/span><\/a><\/li><li class='av-share-link av-social-link-whatsapp' ><a target=\"_blank\" aria-label=\"Compartir en Whatsapp\" href='https:\/\/api.whatsapp.com\/send?text=https:\/\/radiorevelacionfm.cl\/?p=39847' aria-hidden='false' data-av_icon='\uf232' data-av_iconfont='entypo-fontello' title='' data-avia-related-tooltip='Compartir en Whatsapp' rel=\"noopener\"><span class='avia_hidden_link_text'>Compartir en Whatsapp<\/span><\/a><\/li><li class='av-share-link av-social-link-linkedin' ><a target=\"_blank\" aria-label=\"Compartir en LinkedIn\" href='https:\/\/linkedin.com\/shareArticle?mini=true&#038;title=Anuncian%20ampliaci%C3%B3n%20de%20plazo%20para%20postular%20al%20recambio%20de%20calefactores%20en%20Coyhaique%20y%20Cochrane&#038;url=https:\/\/radiorevelacionfm.cl\/?p=39847' aria-hidden='false' data-av_icon='\ue8fc' data-av_iconfont='entypo-fontello' title='' data-avia-related-tooltip='Compartir en LinkedIn' rel=\"noopener\"><span class='avia_hidden_link_text'>Compartir en LinkedIn<\/span><\/a><\/li><li class='av-share-link av-social-link-mail' ><a  aria-label=\"Compartir por correo\" href='mailto:?subject=Anuncian%20ampliaci%C3%B3n%20de%20plazo%20para%20postular%20al%20recambio%20de%20calefactores%20en%20Coyhaique%20y%20Cochrane&#038;body=https:\/\/radiorevelacionfm.cl\/?p=39847' aria-hidden='false' data-av_icon='\ue805' data-av_iconfont='entypo-fontello' title='' data-avia-related-tooltip='Compartir por correo'><span class='avia_hidden_link_text'>Compartir por correo<\/span><\/a><\/li><\/ul><\/div><\/div>\n<div  style='height:50px' class='hr hr-invisible   avia-builder-el-8  el_after_av_social_share  el_before_av_comments_list '><span class='hr-inner ' ><span class='hr-inner-style'><\/span><\/span><\/div>\n<div  class='av-buildercomment  av-blog-meta-html-info-disabled av-blog-meta-tag-disabled  '><\/div>\n","protected":false},"excerpt":{"rendered":"","protected":false},"author":1,"featured_media":39593,"comment_status":"open","ping_status":"open","sticky":false,"template":"","format":"standard","meta":{"footnotes":""},"categories":[39],"tags":[],"class_list":["post-39847","post","type-post","status-publish","format-standard","has-post-thumbnail","hentry","category-medio-ambiente"],"jetpack_featured_media_url":"https:\/\/radiorevelacionfm.cl\/wp-content\/uploads\/2024\/02\/recambio-2_optimized.jpg","_links":{"self":[{"href":"https:\/\/radiorevelacionfm.cl\/index.php?rest_route=\/wp\/v2\/posts\/39847","targetHints":{"allow":["GET"]}}],"collection":[{"href":"https:\/\/radiorevelacionfm.cl\/index.php?rest_route=\/wp\/v2\/posts"}],"about":[{"href":"https:\/\/radiorevelacionfm.cl\/index.php?rest_route=\/wp\/v2\/types\/post"}],"author":[{"embeddable":true,"href":"https:\/\/radiorevelacionfm.cl\/index.php?rest_route=\/wp\/v2\/users\/1"}],"replies":[{"embeddable":true,"href":"https:\/\/radiorevelacionfm.cl\/index.php?rest_route=%2Fwp%2Fv2%2Fcomments&post=39847"}],"version-history":[{"count":1,"href":"https:\/\/radiorevelacionfm.cl\/index.php?rest_route=\/wp\/v2\/posts\/39847\/revisions"}],"predecessor-version":[{"id":39848,"href":"https:\/\/radiorevelacionfm.cl\/index.php?rest_route=\/wp\/v2\/posts\/39847\/revisions\/39848"}],"wp:featuredmedia":[{"embeddable":true,"href":"https:\/\/radiorevelacionfm.cl\/index.php?rest_route=\/wp\/v2\/media\/39593"}],"wp:attachment":[{"href":"https:\/\/radiorevelacionfm.cl\/index.php?rest_route=%2Fwp%2Fv2%2Fmedia&parent=39847"}],"wp:term":[{"taxonomy":"category","embeddable":true,"href":"https:\/\/radiorevelacionfm.cl\/index.php?rest_route=%2Fwp%2Fv2%2Fcategories&post=39847"},{"taxonomy":"post_tag","embeddable":true,"href":"https:\/\/radiorevelacionfm.cl\/index.php?rest_route=%2Fwp%2Fv2%2Ftags&post=39847"}],"curies":[{"name":"wp","href":"https:\/\/api.w.org\/{rel}","templated":true}]}}