{"id":39844,"date":"2024-02-27T10:40:35","date_gmt":"2024-02-27T13:40:35","guid":{"rendered":"https:\/\/radiorevelacionfm.cl\/?p=39844"},"modified":"2024-02-27T10:40:35","modified_gmt":"2024-02-27T13:40:35","slug":"a-un-ano-de-ejecucion-ciep-releva-avances-de-estudios-financiados-por-el-gobierno-regional-de-aysen","status":"publish","type":"post","link":"https:\/\/radiorevelacionfm.cl\/?p=39844","title":{"rendered":"A un a\u00f1o de ejecuci\u00f3n CIEP releva avances de estudios financiados por el Gobierno Regional de Ays\u00e9n"},"content":{"rendered":"<div class=\"flex_column av_one_full  flex_column_div av-zero-column-padding first  avia-builder-el-0  el_before_av_one_full  avia-builder-el-first  \" style='border-radius:0px; '><div  class='avia-image-container  av-styling-    avia-builder-el-1  avia-builder-el-no-sibling  avia-align-center '  itemprop=\"image\" itemscope=\"itemscope\" itemtype=\"https:\/\/schema.org\/ImageObject\"  ><div class='avia-image-container-inner'><div class='avia-image-overlay-wrap'><img decoding=\"async\" class='wp-image-39845 avia-img-lazy-loading-not-39845 avia_image' src=\"https:\/\/radiorevelacionfm.cl\/wp-content\/uploads\/2024\/02\/ciep-1_optimized.jpeg\" alt='' title='ciep-(1)_optimized' height=\"600\" width=\"901\"  itemprop=\"thumbnailUrl\" srcset=\"https:\/\/radiorevelacionfm.cl\/wp-content\/uploads\/2024\/02\/ciep-1_optimized.jpeg 901w, https:\/\/radiorevelacionfm.cl\/wp-content\/uploads\/2024\/02\/ciep-1_optimized-300x200.jpeg 300w, https:\/\/radiorevelacionfm.cl\/wp-content\/uploads\/2024\/02\/ciep-1_optimized-768x511.jpeg 768w, https:\/\/radiorevelacionfm.cl\/wp-content\/uploads\/2024\/02\/ciep-1_optimized-705x469.jpeg 705w, https:\/\/radiorevelacionfm.cl\/wp-content\/uploads\/2024\/02\/ciep-1_optimized-450x300.jpeg 450w, https:\/\/radiorevelacionfm.cl\/wp-content\/uploads\/2024\/02\/ciep-1_optimized-600x400.jpeg 600w\" sizes=\"(max-width: 901px) 100vw, 901px\" \/><\/div><\/div><\/div><\/div><div class=\"flex_column av_one_full  flex_column_div av-zero-column-padding first  avia-builder-el-2  el_after_av_one_full  el_before_av_one_full  column-top-margin\" style='border-radius:0px; '><section class=\"av_textblock_section \"  itemscope=\"itemscope\" itemtype=\"https:\/\/schema.org\/BlogPosting\" itemprop=\"blogPost\" ><div class='avia_textblock  '   itemprop=\"text\" ><p style=\"text-align: center;\"><span style=\"font-size: 18pt;\"><b>A un a\u00f1o de ejecuci\u00f3n CIEP releva avances de estudios financiados por el Gobierno Regional de Ays\u00e9n<\/b>\u00a0<\/span><\/p>\n<div><\/div>\n<div id=\"gtx-trans\" style=\"position: absolute; left: -50px; top: 4.31534px;\">\n<div class=\"gtx-trans-icon\"><\/div>\n<\/div>\n<\/div><\/section><\/div><div class=\"flex_column av_one_full  flex_column_div av-zero-column-padding first  avia-builder-el-4  el_after_av_one_full  el_before_av_hr  column-top-margin\" style='border-radius:0px; '><section class=\"av_textblock_section \"  itemscope=\"itemscope\" itemtype=\"https:\/\/schema.org\/BlogPosting\" itemprop=\"blogPost\" ><div class='avia_textblock  '   itemprop=\"text\" ><div>\n<p style=\"text-align: justify;\"><em>Once son los estudios cient\u00edficos con pertinencia territorial financiados por el Gobierno Regional de Ays\u00e9n y su Consejo que lidera el Centro de Investigaci\u00f3n en Ecosistemas de la Patagonia.\u00a0<\/em><\/p>\n<\/div>\n<div style=\"text-align: justify;\">\n<p>Estos estudios, abordan temas cruciales y de gran pertinencia territorial como la contaminaci\u00f3n atmosf\u00e9rica, la sostenibilidad silvoagropecuaria, la pesca artesanal, la generaci\u00f3n de energ\u00eda renovable, vulnerabilidad de suministro y producci\u00f3n de combustibles, normativa de sistemas el\u00e9ctricos medianos y arqueolog\u00eda rural reciente. Los avances son rigurosos y han sido presentados en distintas instancias de seguimiento ante la comisi\u00f3n de Ciencia, Tecnolog\u00eda e Innovaci\u00f3n del Consejo Regional de Ays\u00e9n, reflejando el compromiso del equipo del CIEP con la investigaci\u00f3n de alta calidad en beneficio del territorio y sus comunidades.<\/p>\n<\/div>\n<div style=\"text-align: justify;\">\n<p><b>Investigaci\u00f3n sobre Contaminaci\u00f3n Atmosf\u00e9rica<\/b><\/p>\n<\/div>\n<div style=\"text-align: justify;\">\n<p>Los ejes abordados se articulan desde el trabajo colaborativo entre el Ministerio de Medio Ambiente y el Laboratorio Ecoclim\u00e1tico del CIEP. Uno de los enfoques, es la evaluaci\u00f3n de tecnolog\u00edas para reducir las emisiones de material particulado (MP2,5) generadas por la combusti\u00f3n de biomasa (le\u00f1a y pellet). Estas fuentes se someten a mediciones en diversas condiciones para probar cuatro tecnolog\u00edas de abatimiento u optimizaci\u00f3n de la combusti\u00f3n. Uno de los resultados esperados es la creaci\u00f3n de modelos de calidad del aire locales, para diferentes escenarios de implementaci\u00f3n, lo cual se proyecta tener disponible para la comunidad en octubre del 2024.<\/p>\n<\/div>\n<div style=\"text-align: justify;\">\n<p>Otro de los enfoques est\u00e1 en el estudio de calidad del aire en distintas localidades de la regi\u00f3n, esta iniciativa destaca por la participaci\u00f3n ciudadana a trav\u00e9s de las \u00abembajadoras\/es de los sensores de calidad del aire\u00bb, y la inclusi\u00f3n de un estudio social con y para las comunidades, el que utilizando instrumentos como encuestas y entrevistas busca recopilar informaci\u00f3n sobre la percepci\u00f3n de este problema y sus impactos. Este proceso permitir\u00e1 caracterizar a los territorios y sus din\u00e1micas, adem\u00e1s de aportar con informaci\u00f3n a la estrategia de calidad del aire liderada por la SEREMI de Medio Ambiente de Ays\u00e9n. A la fecha, ya se han realizado las instalaciones de sensores en las localidades de Villa O`Higgins, Caleta Tortel,\u00a0 Puyuhuapi, Puerto Cisnes y Villa Cerro Castillo, continuando en marzo en Chile Chico y Lago Verde, para monitorear la contaminaci\u00f3n atmosf\u00e9rica y trabajar con las comunidades en propuestas de medidas para enfrentar el problema, en funci\u00f3n de cada realidad local. Esta acci\u00f3n, en colaboraci\u00f3n con las autoridades ambientales y de salud, busca generar medidas a corto, mediano y largo plazo y sus resultados est\u00e1n proyectados para diciembre del 2024.<\/p>\n<\/div>\n<div style=\"text-align: justify;\">\n<p><b>Sostenibilidad de sistemas Silvoagropecuarios<\/b><\/p>\n<\/div>\n<div style=\"text-align: justify;\">\n<p>El estudio \u00abAn\u00e1lisis generaci\u00f3n de informaci\u00f3n sobre uso sostenible de sistemas silvoagropecuarios\u00bb, que se est\u00e1 ejecutando desde el equipo de Ecolog\u00eda Forestal de CIEP, tiene como esp\u00edritu beneficiar a los productores de Ays\u00e9n a trav\u00e9s del monitoreo de las especies de plantas y suelos del bosque con ganader\u00eda integrada que puedan utilizarse como indicadores de lugares de mayor y menor calidad forrajera, lo que se define mediante an\u00e1lisis de laboratorio y discusi\u00f3n con instituciones como el INIA, CONAF e INFOR. Para ello, se han tomado muestras de 35 campos de peque\u00f1os propietarios, 6 \u00e1reas silvestres protegidas y 4 estancias o grandes predios. El resultado aplicable de este estudio ser\u00e1 una plataforma web o geoportal, que sirva para resolver problemas relacionados con el manejo silvoagropecuario sostenible acorde con la realidad bioclim\u00e1tica de los distintos territorios. Esto finalmente ser\u00e1 un mapa de informaci\u00f3n del valor forrajero en sectores de bosque con uso ganadero. Actualmente este estudio se encuentra en an\u00e1lisis de laboratorio y desarrollo de la inteligencia artificial proyectada.<\/p>\n<\/div>\n<div style=\"text-align: justify;\">\n<p>Adicionalmente, en sus etapas finales se contempla realizar talleres a productores silvoagropecuarios para fomentar el manejo sostenible de los bosques nativos, compatibilizando las actividades con la conservaci\u00f3n.<\/p>\n<\/div>\n<div style=\"text-align: justify;\">\n<p><b>Informaci\u00f3n para el manejo de recursos pesqueros<\/b><\/p>\n<\/div>\n<div style=\"text-align: justify;\">\n<p>Dos estudios son los que se est\u00e1n ejecutando en la l\u00ednea de Pesca Artesanal y Acuicultura, el primero sobre distribuci\u00f3n y abundancia de erizo y loco en los sectores de Ra\u00fal Mar\u00edn Balmaceda, Guaitecas e Islas Huichas. Sobre el loco, a la fecha no exist\u00eda informaci\u00f3n de su explotaci\u00f3n en \u00e1reas de libre acceso, ya que actualmente se extrae y comercializa a trav\u00e9s de cuotas, solo en AMERBs. En relaci\u00f3n con el erizo, informaci\u00f3n de hace dos a\u00f1os indica que la pesquer\u00eda est\u00e1 en riesgo de pasar a estado de sobre explotaci\u00f3n en agotamiento o colapso, por lo que se busca contribuir al conocimiento biol\u00f3gico y pesquero para la toma de decisiones informada. Actualmente se han realizado aproximaciones al territorio, generando estrategias de participaci\u00f3n y difusi\u00f3n, identificaci\u00f3n de \u00e1reas de levantamiento de informaci\u00f3n en terreno, mapeos participativos y entrevistas, como tambi\u00e9n an\u00e1lisis biol\u00f3gicos de las especies para su caracterizaci\u00f3n. En enero se hicieron an\u00e1lisis reproductivos de centolla en el Liceo de Puerto Cisnes, gracias a una colaboraci\u00f3n, y en el sector de Ra\u00fal Mar\u00edn Balmaceda se est\u00e1 preparando el montaje de un laboratorio en terreno para el an\u00e1lisis de erizos y locos.<\/p>\n<\/div>\n<div style=\"text-align: justify;\">\n<p>El otro estudio, tiene relaci\u00f3n a las pesquer\u00edas de jaiba y centolla de la regi\u00f3n, las cuales no poseen a\u00fan suficiente informaci\u00f3n para determinar el estado de explotaci\u00f3n, y el comit\u00e9 de manejo de estos recursos est\u00e1 proyectando su plan de manejo, a lo cual la investigaci\u00f3n actual ser\u00e1 un aporte relevante. Las zonas definidas para el estudio son canales Jacaf y Pyuhuapi, Puerto Aguirre e Isla Traigu\u00e9n. Instal\u00e1ndose a la fecha m\u00e1s de 469 trampas de centolla en oto\u00f1o y 475 en primavera, y recientemente, se realiz\u00f3 monitoreo en su \u00e9poca de veda (verano). As\u00ed, abordo de embarcaciones artesanales se puede registrar el ciclo reproductivo de la especie, y posibles presencias de par\u00e1sitos. A la fecha ya se han generado diversas acciones de difusi\u00f3n en las localidades, y para el segundo semestre se proyecta sistematizar la informaci\u00f3n y transferir los resultados junto a los participantes del estudio.<\/p>\n<\/div>\n<div style=\"text-align: justify;\">\n<p class=\"v1elementToProof\"><b>Potencialidad de energ\u00edas renovables<\/b><\/p>\n<\/div>\n<div style=\"text-align: justify;\">\n<p>El CIEP est\u00e1 llevando a cabo el estudio sobre el potencial fotovoltaico y e\u00f3lico en cinco sistemas aislados en la regi\u00f3n de Ays\u00e9n, as\u00ed como la investigaci\u00f3n sobre la generaci\u00f3n de microcentrales hidroel\u00e9ctricas en la misma regi\u00f3n. Estos estudios, que cuentan con el apoyo t\u00e9cnico de la Seremi de Energ\u00eda de Ays\u00e9n y la Universidad de Ays\u00e9n, eval\u00faan la viabilidad t\u00e9cnica y social de proyectos en estas \u00e1reas.<\/p>\n<\/div>\n<div style=\"text-align: justify;\">\n<p>El estudio de potenciales e\u00f3licos y fotovoltaicos ha avanzado significativamente con campa\u00f1as para instalar analizadores de red y prospecciones de potencial fotovoltaico y e\u00f3lico en las localidades de Melimoyu, Puerto Gala, Puerto Gaviota, Tortel, Melinka y Repollal y capacitaci\u00f3n a encargados y administradores de las plantas de generaci\u00f3n el\u00e9ctricas. Mientras que el estudio de microcentrales hidroel\u00e9ctricas ha realizado prospecciones en colaboraci\u00f3n con la Universidad de Ays\u00e9n, visitando localidades como la Junta, Puyuhuapi y Ma\u00f1ihuales estableciendo alianzas y recopilando informaci\u00f3n necesaria para su ejecuci\u00f3n. Su finalizaci\u00f3n se espera para diciembre de 2024, proporcionando informaci\u00f3n crucial sobre la disponibilidad del recurso h\u00eddrico para la microgeneraci\u00f3n de hidroelectricidad y el potencial e\u00f3lico y fotovoltaico de los sistemas aislados para el uso de energ\u00edas renovables.<\/p>\n<\/div>\n<div style=\"text-align: justify;\">\n<p><b>Vulnerabilidad de combustibles y producci\u00f3n de biodi\u00e9sel<\/b><\/p>\n<\/div>\n<div style=\"text-align: justify;\">\n<p>En el marco del estudio \u00abVulnerabilidad del suministro de GLP y combustibles en la regi\u00f3n de Ays\u00e9n\u00bb, el CIEP en colaboraci\u00f3n con la SEREMI de Energ\u00eda y la consultora Quark Energy Solutions, se han realizado visitas a plantas de gas licuado y combustibles en la regi\u00f3n para conocer variables asociadas al sistema de suministro de estos recursos, con el fin de dise\u00f1ar alternativas operacionales y estructurales para reducir la vulnerabilidad. En marzo se realizar\u00e1 un conversatorio en esta materia, que abordar\u00e1 la seguridad energ\u00e9tica y cadena de suministro local, con la participaci\u00f3n de las empresas distribuidoras y proveedoras del GLP y combustibles de la regi\u00f3n junto con entidades gubernamentales y autoridades sectoriales.<\/p>\n<\/div>\n<div style=\"text-align: justify;\">\n<p>CIEP junto a la Universidad de Magallanes colaboran en un trabajo de innovaci\u00f3n e investigaci\u00f3n sobre la producci\u00f3n de biodiesel en Ays\u00e9n. Este estudio busca valorizar energ\u00e9ticamente la mortandad de salm\u00f3n, extrayendo su aceite y convirti\u00e9ndolo en biodiesel, con el objetivo de dise\u00f1ar y optimizar el proceso. Actualmente, la Universidad de Magallanes est\u00e1 revaluando el estudio y se est\u00e1n analizando muestras de aceite en laboratorio, con resultados proyectados para finales de 2024.<\/p>\n<\/div>\n<div style=\"text-align: justify;\">\n<p><b>Normativa de sistemas el\u00e9ctricos medianos de Ays\u00e9n<\/b><\/p>\n<\/div>\n<div style=\"text-align: justify;\">\n<p>El CIEP, igualmente, est\u00e1 realizando<b> <\/b>un estudio que analiza la normativa el\u00e9ctrica aplicable a los sistemas el\u00e9ctricos medianos, para proponer mejoras legales basadas en un an\u00e1lisis detallado de las consecuencias de cada modificaci\u00f3n. Este estudio abarca tanto a los generadores actuales como a los futuros, para consumidores residenciales como industriales. Adicionalmente, se est\u00e1 estudiando la normativa de otros pa\u00edses para identificar posibles soluciones y proponer modificaciones. En noviembre de 2023, tras la adjudicaci\u00f3n de la consultor\u00eda, se llev\u00f3 a cabo el Taller \u00abIntroducci\u00f3n cr\u00edtica de la regulaci\u00f3n tarifaria en sistemas el\u00e9ctricos medianos en Chile\u00bb, que cont\u00f3 con una gran asistencia de personas relacionadas\u00a0al tema. Desde entonces, se han realizado otras instancias participativas que dan continuidad a la discusi\u00f3n de este importante tema, junto con la elaboraci\u00f3n de diversas entrevistas, la generaci\u00f3n del documento \u00abBarreras regulatorias y dise\u00f1o de incentivos\u00bb y el desarrollo de una propuesta de ley. Se espera que, para diciembre de 2024, al finalizar el estudio, se realice la difusi\u00f3n a la comunidad y la transferencia de los resultados obtenidos a instituciones p\u00fablicas y privadas.<\/p>\n<\/div>\n<div style=\"text-align: justify;\">\n<p><b>Arqueolog\u00eda rural siglos XVIII a XX de Ays\u00e9n<\/b><\/p>\n<\/div>\n<div style=\"text-align: justify;\">\n<p>El estudio Arqueolog\u00eda Rural Reciente se enfoca en comprender la historia y evoluci\u00f3n de las comunidades locales, para as\u00ed preservar y valorar su patrimonio cultural. Este enfoque permite analizar la interacci\u00f3n entre las personas y el medio ambiente en contextos rurales contempor\u00e1neos, investigando los cambios y continuidades en las estrategias de ocupaci\u00f3n y modalidades de asentamiento de los pobladores en condiciones de marginalidad, aportando una perspectiva \u00fanica sobre las tradiciones, pr\u00e1cticas y cambios socioculturales en las comunidades locales.<\/p>\n<\/div>\n<div style=\"text-align: justify;\">\n<p>Hasta la fecha, se ha avanzado en el levantamiento 3D de estructuras patrimoniales, la revisi\u00f3n de colecciones museogr\u00e1ficas, actividades de difusi\u00f3n comunitaria y prospecci\u00f3n en zonas como Chile Chico, Puerto Cristal y la cuenca del R\u00edo Palena, junto a exhaustivos an\u00e1lisis de laboratorio. Los resultados se plasmar\u00e1n en un libro, contribuciones al Museo Regional de Ays\u00e9n y en un Geoportal, todos de uso libre.<\/p>\n<\/div>\n<div>\n<p style=\"text-align: justify;\">Para finalizar, el director ejecutivo de CIEP, Giovanni Daneri, se\u00f1al\u00f3 \u00abc<i>ada uno de los estudios, tiene sus particularidades, algunos han requerido de la contrataci\u00f3n, tanto de profesionales como de consultor\u00edas, los cuales son procesos que requieren tiempo y dedicaci\u00f3n, y todos han avanzado gracias a diversas estrategias y alianzas con el fin de lograr sus resultados y aportar al conocimiento y planificaci\u00f3n territorial\u00bb<\/i>.<\/p>\n<\/div>\n<\/div><\/section><\/div><div  style='height:50px' class='hr hr-invisible   avia-builder-el-6  el_after_av_one_full  el_before_av_social_share '><span class='hr-inner ' ><span class='hr-inner-style'><\/span><\/span><\/div><\/p>\n<div  class='av-social-sharing-box  avia-builder-el-7  el_after_av_hr  el_before_av_hr  '><div class='av-share-box'><h5 class='av-share-link-description av-no-toc '>Compartir esta noticia<\/h5><ul class='av-share-box-list noLightbox'><li class='av-share-link av-social-link-facebook' ><a target=\"_blank\" aria-label=\"Compartir en Facebook\" href='https:\/\/www.facebook.com\/sharer.php?u=https:\/\/radiorevelacionfm.cl\/?p=39844&#038;t=A%20un%20a%C3%B1o%20de%20ejecuci%C3%B3n%20CIEP%20releva%20avances%20de%20estudios%20financiados%20por%20el%20Gobierno%20Regional%20de%20Ays%C3%A9n' aria-hidden='false' data-av_icon='\ue8f3' data-av_iconfont='entypo-fontello' title='' data-avia-related-tooltip='Compartir en Facebook' rel=\"noopener\"><span class='avia_hidden_link_text'>Compartir en Facebook<\/span><\/a><\/li><li class='av-share-link av-social-link-twitter' ><a target=\"_blank\" aria-label=\"Compartir en Twitter\" href='https:\/\/twitter.com\/share?text=A%20un%20a%C3%B1o%20de%20ejecuci%C3%B3n%20CIEP%20releva%20avances%20de%20estudios%20financiados%20por%20el%20Gobierno%20Regional%20de%20Ays%C3%A9n&#038;url=https:\/\/radiorevelacionfm.cl\/?p=39844' aria-hidden='false' data-av_icon='\ue8f1' data-av_iconfont='entypo-fontello' title='' data-avia-related-tooltip='Compartir en Twitter' rel=\"noopener\"><span class='avia_hidden_link_text'>Compartir en Twitter<\/span><\/a><\/li><li class='av-share-link av-social-link-whatsapp' ><a target=\"_blank\" aria-label=\"Compartir en Whatsapp\" href='https:\/\/api.whatsapp.com\/send?text=https:\/\/radiorevelacionfm.cl\/?p=39844' aria-hidden='false' data-av_icon='\uf232' data-av_iconfont='entypo-fontello' title='' data-avia-related-tooltip='Compartir en Whatsapp' rel=\"noopener\"><span class='avia_hidden_link_text'>Compartir en Whatsapp<\/span><\/a><\/li><li class='av-share-link av-social-link-linkedin' ><a target=\"_blank\" aria-label=\"Compartir en LinkedIn\" href='https:\/\/linkedin.com\/shareArticle?mini=true&#038;title=A%20un%20a%C3%B1o%20de%20ejecuci%C3%B3n%20CIEP%20releva%20avances%20de%20estudios%20financiados%20por%20el%20Gobierno%20Regional%20de%20Ays%C3%A9n&#038;url=https:\/\/radiorevelacionfm.cl\/?p=39844' aria-hidden='false' data-av_icon='\ue8fc' data-av_iconfont='entypo-fontello' title='' data-avia-related-tooltip='Compartir en LinkedIn' rel=\"noopener\"><span class='avia_hidden_link_text'>Compartir en LinkedIn<\/span><\/a><\/li><li class='av-share-link av-social-link-mail' ><a  aria-label=\"Compartir por correo\" href='mailto:?subject=A%20un%20a%C3%B1o%20de%20ejecuci%C3%B3n%20CIEP%20releva%20avances%20de%20estudios%20financiados%20por%20el%20Gobierno%20Regional%20de%20Ays%C3%A9n&#038;body=https:\/\/radiorevelacionfm.cl\/?p=39844' aria-hidden='false' data-av_icon='\ue805' data-av_iconfont='entypo-fontello' title='' data-avia-related-tooltip='Compartir por correo'><span class='avia_hidden_link_text'>Compartir por correo<\/span><\/a><\/li><\/ul><\/div><\/div>\n<div  style='height:50px' class='hr hr-invisible   avia-builder-el-8  el_after_av_social_share  el_before_av_comments_list '><span class='hr-inner ' ><span class='hr-inner-style'><\/span><\/span><\/div>\n<div  class='av-buildercomment  av-blog-meta-html-info-disabled av-blog-meta-tag-disabled  '><\/div>\n","protected":false},"excerpt":{"rendered":"","protected":false},"author":1,"featured_media":39845,"comment_status":"open","ping_status":"open","sticky":false,"template":"","format":"standard","meta":{"footnotes":""},"categories":[38],"tags":[],"class_list":["post-39844","post","type-post","status-publish","format-standard","has-post-thumbnail","hentry","category-regional"],"jetpack_featured_media_url":"https:\/\/radiorevelacionfm.cl\/wp-content\/uploads\/2024\/02\/ciep-1_optimized.jpeg","_links":{"self":[{"href":"https:\/\/radiorevelacionfm.cl\/index.php?rest_route=\/wp\/v2\/posts\/39844","targetHints":{"allow":["GET"]}}],"collection":[{"href":"https:\/\/radiorevelacionfm.cl\/index.php?rest_route=\/wp\/v2\/posts"}],"about":[{"href":"https:\/\/radiorevelacionfm.cl\/index.php?rest_route=\/wp\/v2\/types\/post"}],"author":[{"embeddable":true,"href":"https:\/\/radiorevelacionfm.cl\/index.php?rest_route=\/wp\/v2\/users\/1"}],"replies":[{"embeddable":true,"href":"https:\/\/radiorevelacionfm.cl\/index.php?rest_route=%2Fwp%2Fv2%2Fcomments&post=39844"}],"version-history":[{"count":1,"href":"https:\/\/radiorevelacionfm.cl\/index.php?rest_route=\/wp\/v2\/posts\/39844\/revisions"}],"predecessor-version":[{"id":39846,"href":"https:\/\/radiorevelacionfm.cl\/index.php?rest_route=\/wp\/v2\/posts\/39844\/revisions\/39846"}],"wp:featuredmedia":[{"embeddable":true,"href":"https:\/\/radiorevelacionfm.cl\/index.php?rest_route=\/wp\/v2\/media\/39845"}],"wp:attachment":[{"href":"https:\/\/radiorevelacionfm.cl\/index.php?rest_route=%2Fwp%2Fv2%2Fmedia&parent=39844"}],"wp:term":[{"taxonomy":"category","embeddable":true,"href":"https:\/\/radiorevelacionfm.cl\/index.php?rest_route=%2Fwp%2Fv2%2Fcategories&post=39844"},{"taxonomy":"post_tag","embeddable":true,"href":"https:\/\/radiorevelacionfm.cl\/index.php?rest_route=%2Fwp%2Fv2%2Ftags&post=39844"}],"curies":[{"name":"wp","href":"https:\/\/api.w.org\/{rel}","templated":true}]}}