{"id":39842,"date":"2024-02-26T15:06:51","date_gmt":"2024-02-26T18:06:51","guid":{"rendered":"https:\/\/radiorevelacionfm.cl\/?p=39842"},"modified":"2024-02-26T15:06:51","modified_gmt":"2024-02-26T18:06:51","slug":"diputado-alinco-ante-ofensiva-contra-espacios-costeros-marinos-de-pueblos-originarios-detras-de-algunos-personajes-esta-la-industria-de-la-salmonicultura-y-de-la-pesqueria-chilena-internacional","status":"publish","type":"post","link":"https:\/\/radiorevelacionfm.cl\/?p=39842","title":{"rendered":"Diputado Alinco, ante ofensiva contra Espacios Costeros Marinos de Pueblos Originarios: \u00abDetr\u00e1s de algunos personajes est\u00e1 la industria de la salmonicultura y de la pesquer\u00eda chilena\/internacional\u00bb"},"content":{"rendered":"<div class=\"flex_column av_one_full  flex_column_div av-zero-column-padding first  avia-builder-el-0  el_before_av_one_full  avia-builder-el-first  \" style='border-radius:0px; '><div  class='avia-image-container  av-styling-    avia-builder-el-1  avia-builder-el-no-sibling  avia-align-center '  itemprop=\"image\" itemscope=\"itemscope\" itemtype=\"https:\/\/schema.org\/ImageObject\"  ><div class='avia-image-container-inner'><div class='avia-image-overlay-wrap'><img decoding=\"async\" class='wp-image-16236 avia-img-lazy-loading-not-16236 avia_image' src=\"https:\/\/radiorevelacionfm.cl\/wp-content\/uploads\/2022\/04\/Diputado-Alinco-14-09a-1-1.jpg\" alt='' title='Diputado Alinco 14-09a (1) (1)' height=\"600\" width=\"796\"  itemprop=\"thumbnailUrl\" srcset=\"https:\/\/radiorevelacionfm.cl\/wp-content\/uploads\/2022\/04\/Diputado-Alinco-14-09a-1-1.jpg 796w, https:\/\/radiorevelacionfm.cl\/wp-content\/uploads\/2022\/04\/Diputado-Alinco-14-09a-1-1-300x226.jpg 300w, https:\/\/radiorevelacionfm.cl\/wp-content\/uploads\/2022\/04\/Diputado-Alinco-14-09a-1-1-768x579.jpg 768w, https:\/\/radiorevelacionfm.cl\/wp-content\/uploads\/2022\/04\/Diputado-Alinco-14-09a-1-1-705x531.jpg 705w, https:\/\/radiorevelacionfm.cl\/wp-content\/uploads\/2022\/04\/Diputado-Alinco-14-09a-1-1-600x452.jpg 600w\" sizes=\"(max-width: 796px) 100vw, 796px\" \/><\/div><\/div><\/div><\/div><div class=\"flex_column av_one_full  flex_column_div av-zero-column-padding first  avia-builder-el-2  el_after_av_one_full  el_before_av_one_full  column-top-margin\" style='border-radius:0px; '><section class=\"av_textblock_section \"  itemscope=\"itemscope\" itemtype=\"https:\/\/schema.org\/BlogPosting\" itemprop=\"blogPost\" ><div class='avia_textblock  '   itemprop=\"text\" ><p style=\"text-align: center;\"><strong><span style=\"font-size: 18pt;\">Diputado Alinco, ante ofensiva contra Espacios Costeros Marinos de Pueblos Originarios: \u00abDetr\u00e1s de algunos personajes est\u00e1 la industria de la salmonicultura y de la pesquer\u00eda chilena\/internacional\u00bb<\/span><\/strong><\/p>\n<div id=\"gtx-trans\" style=\"position: absolute; left: -50px; top: 4.31534px;\">\n<div class=\"gtx-trans-icon\"><\/div>\n<\/div>\n<\/div><\/section><\/div><div class=\"flex_column av_one_full  flex_column_div av-zero-column-padding first  avia-builder-el-4  el_after_av_one_full  el_before_av_hr  column-top-margin\" style='border-radius:0px; '><section class=\"av_textblock_section \"  itemscope=\"itemscope\" itemtype=\"https:\/\/schema.org\/BlogPosting\" itemprop=\"blogPost\" ><div class='avia_textblock  '   itemprop=\"text\" ><p class=\"v1gmail-MsoListParagraphCxSpFirst\" style=\"text-align: justify;\"><i><span lang=\"ES-TRAD\">El legislador llam\u00f3 a que se llegue a acuerdos \u00abdonde los diferentes sectores, las comunidades ind\u00edgenas, los pescadores artesanales, que son los verdaderos due\u00f1os de nuestro mar, mantengan o recuperen sus derechos hist\u00f3ricos adquiridos\u00bb.<\/span><\/i><\/p>\n<p class=\"v1gmail-MsoListParagraphCxSpLast\" style=\"text-align: justify;\"><i><span lang=\"ES-TRAD\">Se\u00f1al\u00f3 que \u00abde seguro (el sector industrial) va a usar el elemento de trabajo para la gente de Ays\u00e9n, como lo ha hecho en otras oportunidades, para que sigan conservando sus granjer\u00edas\u00bb.\u00a0<span class=\"v1gmail-Apple-converted-space\">\u00a0<\/span><\/span><\/i><\/p>\n<p class=\"v1MsoNormal\" style=\"text-align: justify;\"><span lang=\"ES-TRAD\">El diputado de Ays\u00e9n Ren\u00e9 Alinco Bustos<span class=\"v1gmail-Apple-converted-space\">\u00a0<\/span><a href=\"https:\/\/web.facebook.com\/story.php?story_fbid=1613991379137475&amp;id=100042998149726&amp;mibextid=xfxF2i&amp;_rdc=1&amp;_rdr\" target=\"_blank\" rel=\"noopener noreferrer\">se refiri\u00f3<\/a><span class=\"v1gmail-Apple-converted-space\">\u00a0<\/span>a la controversia que se ha generado durante los \u00faltimos d\u00edas en torno a la definici\u00f3n que el jueves 29 de febrero deber\u00e1 realizar la Comisi\u00f3n Regional de Uso del Borde Costero (CRUBC). \u00c9sta, relacionada con la constituci\u00f3n de los Espacios Costeros Marinos de Pueblos Originarios (ECMPOs) Islas Huichas y Cisnes.<\/span><\/p>\n<p class=\"v1MsoNormal\" style=\"text-align: justify;\"><span lang=\"ES-TRAD\">El legislador apoy\u00f3 que se llegue a acuerdos \u00ab<i>donde los diferentes sectores, las comunidades ind\u00edgenas, los pescadores artesanales, que son los verdaderos due\u00f1os de nuestro mar, mantengan o recuperen sus derechos hist\u00f3ricos adquiridos<\/i>\u00ab.<\/span><\/p>\n<p class=\"v1MsoNormal\" style=\"text-align: justify;\"><span lang=\"ES-TRAD\">En la ocasi\u00f3n tuvo palabras para los intereses en juego: \u00ab<i>No podemos olvidarnos de que detr\u00e1s de algunos personajes est\u00e1 la industria de la pesquer\u00eda chilena\/internacional. Y tambi\u00e9n est\u00e1 la salmonicultura, que de seguro que va a usar el elemento de trabajo para la gente de Ays\u00e9n, como lo ha hecho en otras oportunidades, para que sigan conservando sus granjer\u00edas<\/i>\u00ab. En este sentido, plante\u00f3 que \u00ab<i>el trabajo es necesario, pero hay que proteger el ecosistema, el medio ambiente, nuestras riquezas naturales. Yo simplemente llamo a la unidad total del sector<\/i>\u00ab.\u00a0<span class=\"v1gmail-Apple-converted-space\">\u00a0<\/span><\/span><\/p>\n<p class=\"v1MsoNormal\" style=\"text-align: justify;\"><span lang=\"ES-TRAD\">Por eso, \u00ab<i>hago un llamado a superar las diferencias.\u00a0Desde Melinka a Villa O&#8217;Higgins, porque tenemos mar desde Melinka a Villa O&#8217;Higgins. Unir el sector. Aqu\u00ed no se puede pelear ni enfrentar a las comunidades ind\u00edgenas con los pescadores artesanales, porque somos los mismos. Todos somos pe\u00f1is. La unidad es la \u00fanica posibilidad para mantener nuestras costumbres, nuestras ra\u00edces y mantener nuestros derechos hist\u00f3ricos sobre el territorio mar\u00edtimo de nuestra regi\u00f3n<\/i>\u00ab.<\/span><\/p>\n<p class=\"v1MsoNormal\" style=\"text-align: justify;\"><span lang=\"ES-TRAD\">El parlamentario hizo estas declaraciones para Radio FM Namar de Melinka.<\/span><\/p>\n<\/div><\/section><\/div><div  style='height:50px' class='hr hr-invisible   avia-builder-el-6  el_after_av_one_full  el_before_av_social_share '><span class='hr-inner ' ><span class='hr-inner-style'><\/span><\/span><\/div><\/p>\n<div  class='av-social-sharing-box  avia-builder-el-7  el_after_av_hr  el_before_av_hr  '><div class='av-share-box'><h5 class='av-share-link-description av-no-toc '>Compartir esta noticia<\/h5><ul class='av-share-box-list noLightbox'><li class='av-share-link av-social-link-facebook' ><a target=\"_blank\" aria-label=\"Compartir en Facebook\" href='https:\/\/www.facebook.com\/sharer.php?u=https:\/\/radiorevelacionfm.cl\/?p=39842&#038;t=Diputado%20Alinco%2C%20ante%20ofensiva%20contra%20Espacios%20Costeros%20Marinos%20de%20Pueblos%20Originarios%3A%20%C2%ABDetr%C3%A1s%20de%20algunos%20personajes%20est%C3%A1%20la%20industria%20de%20la%20salmonicultura%20y%20de%20la%20pesquer%C3%ADa%20chilena%2Finternacional%C2%BB' aria-hidden='false' data-av_icon='\ue8f3' data-av_iconfont='entypo-fontello' title='' data-avia-related-tooltip='Compartir en Facebook' rel=\"noopener\"><span class='avia_hidden_link_text'>Compartir en Facebook<\/span><\/a><\/li><li class='av-share-link av-social-link-twitter' ><a target=\"_blank\" aria-label=\"Compartir en Twitter\" href='https:\/\/twitter.com\/share?text=Diputado%20Alinco%2C%20ante%20ofensiva%20contra%20Espacios%20Costeros%20Marinos%20de%20Pueblos%20Originarios%3A%20%C2%ABDetr%C3%A1s%20de%20algunos%20personajes%20est%C3%A1%20la%20industria%20de%20la%20salmonicultura%20y%20de%20la%20pesquer%C3%ADa%20chilena%2Finternacional%C2%BB&#038;url=https:\/\/radiorevelacionfm.cl\/?p=39842' aria-hidden='false' data-av_icon='\ue8f1' data-av_iconfont='entypo-fontello' title='' data-avia-related-tooltip='Compartir en Twitter' rel=\"noopener\"><span class='avia_hidden_link_text'>Compartir en Twitter<\/span><\/a><\/li><li class='av-share-link av-social-link-whatsapp' ><a target=\"_blank\" aria-label=\"Compartir en Whatsapp\" href='https:\/\/api.whatsapp.com\/send?text=https:\/\/radiorevelacionfm.cl\/?p=39842' aria-hidden='false' data-av_icon='\uf232' data-av_iconfont='entypo-fontello' title='' data-avia-related-tooltip='Compartir en Whatsapp' rel=\"noopener\"><span class='avia_hidden_link_text'>Compartir en Whatsapp<\/span><\/a><\/li><li class='av-share-link av-social-link-linkedin' ><a target=\"_blank\" aria-label=\"Compartir en LinkedIn\" href='https:\/\/linkedin.com\/shareArticle?mini=true&#038;title=Diputado%20Alinco%2C%20ante%20ofensiva%20contra%20Espacios%20Costeros%20Marinos%20de%20Pueblos%20Originarios%3A%20%C2%ABDetr%C3%A1s%20de%20algunos%20personajes%20est%C3%A1%20la%20industria%20de%20la%20salmonicultura%20y%20de%20la%20pesquer%C3%ADa%20chilena%2Finternacional%C2%BB&#038;url=https:\/\/radiorevelacionfm.cl\/?p=39842' aria-hidden='false' data-av_icon='\ue8fc' data-av_iconfont='entypo-fontello' title='' data-avia-related-tooltip='Compartir en LinkedIn' rel=\"noopener\"><span class='avia_hidden_link_text'>Compartir en LinkedIn<\/span><\/a><\/li><li class='av-share-link av-social-link-mail' ><a  aria-label=\"Compartir por correo\" href='mailto:?subject=Diputado%20Alinco%2C%20ante%20ofensiva%20contra%20Espacios%20Costeros%20Marinos%20de%20Pueblos%20Originarios%3A%20%C2%ABDetr%C3%A1s%20de%20algunos%20personajes%20est%C3%A1%20la%20industria%20de%20la%20salmonicultura%20y%20de%20la%20pesquer%C3%ADa%20chilena%2Finternacional%C2%BB&#038;body=https:\/\/radiorevelacionfm.cl\/?p=39842' aria-hidden='false' data-av_icon='\ue805' data-av_iconfont='entypo-fontello' title='' data-avia-related-tooltip='Compartir por correo'><span class='avia_hidden_link_text'>Compartir por correo<\/span><\/a><\/li><\/ul><\/div><\/div>\n<div  style='height:50px' class='hr hr-invisible   avia-builder-el-8  el_after_av_social_share  el_before_av_comments_list '><span class='hr-inner ' ><span class='hr-inner-style'><\/span><\/span><\/div>\n<div  class='av-buildercomment  av-blog-meta-html-info-disabled av-blog-meta-tag-disabled  '><\/div>\n","protected":false},"excerpt":{"rendered":"","protected":false},"author":1,"featured_media":16236,"comment_status":"open","ping_status":"open","sticky":false,"template":"","format":"standard","meta":{"footnotes":""},"categories":[35],"tags":[],"class_list":["post-39842","post","type-post","status-publish","format-standard","has-post-thumbnail","hentry","category-politica"],"jetpack_featured_media_url":"https:\/\/radiorevelacionfm.cl\/wp-content\/uploads\/2022\/04\/Diputado-Alinco-14-09a-1-1.jpg","_links":{"self":[{"href":"https:\/\/radiorevelacionfm.cl\/index.php?rest_route=\/wp\/v2\/posts\/39842","targetHints":{"allow":["GET"]}}],"collection":[{"href":"https:\/\/radiorevelacionfm.cl\/index.php?rest_route=\/wp\/v2\/posts"}],"about":[{"href":"https:\/\/radiorevelacionfm.cl\/index.php?rest_route=\/wp\/v2\/types\/post"}],"author":[{"embeddable":true,"href":"https:\/\/radiorevelacionfm.cl\/index.php?rest_route=\/wp\/v2\/users\/1"}],"replies":[{"embeddable":true,"href":"https:\/\/radiorevelacionfm.cl\/index.php?rest_route=%2Fwp%2Fv2%2Fcomments&post=39842"}],"version-history":[{"count":1,"href":"https:\/\/radiorevelacionfm.cl\/index.php?rest_route=\/wp\/v2\/posts\/39842\/revisions"}],"predecessor-version":[{"id":39843,"href":"https:\/\/radiorevelacionfm.cl\/index.php?rest_route=\/wp\/v2\/posts\/39842\/revisions\/39843"}],"wp:featuredmedia":[{"embeddable":true,"href":"https:\/\/radiorevelacionfm.cl\/index.php?rest_route=\/wp\/v2\/media\/16236"}],"wp:attachment":[{"href":"https:\/\/radiorevelacionfm.cl\/index.php?rest_route=%2Fwp%2Fv2%2Fmedia&parent=39842"}],"wp:term":[{"taxonomy":"category","embeddable":true,"href":"https:\/\/radiorevelacionfm.cl\/index.php?rest_route=%2Fwp%2Fv2%2Fcategories&post=39842"},{"taxonomy":"post_tag","embeddable":true,"href":"https:\/\/radiorevelacionfm.cl\/index.php?rest_route=%2Fwp%2Fv2%2Ftags&post=39842"}],"curies":[{"name":"wp","href":"https:\/\/api.w.org\/{rel}","templated":true}]}}