{"id":39839,"date":"2024-02-26T16:04:27","date_gmt":"2024-02-26T19:04:27","guid":{"rendered":"https:\/\/radiorevelacionfm.cl\/?p=39839"},"modified":"2024-02-26T16:04:27","modified_gmt":"2024-02-26T19:04:27","slug":"directora-regional-de-arquitectura-mop-este-ano-nuestros-ejes-de-accion-son-la-reactivacion-economica-con-disenos-y-obras-en-seguridad-publica-edificacion-educacional-y-hospitalaria-patrim","status":"publish","type":"post","link":"https:\/\/radiorevelacionfm.cl\/?p=39839","title":{"rendered":"Directora regional de Arquitectura MOP: \u201cEste a\u00f1o nuestros ejes de acci\u00f3n son la reactivaci\u00f3n econ\u00f3mica con dise\u00f1os y obras en seguridad p\u00fablica, edificaci\u00f3n educacional y hospitalaria, patrimonio, edificios consistoriales y \u00e1reas silvestres protegidas\u201d"},"content":{"rendered":"<div class=\"flex_column av_one_full  flex_column_div av-zero-column-padding first  avia-builder-el-0  el_before_av_one_full  avia-builder-el-first  \" style='border-radius:0px; '><div  class='avia-image-container  av-styling-    avia-builder-el-1  avia-builder-el-no-sibling  avia-align-center '  itemprop=\"image\" itemscope=\"itemscope\" itemtype=\"https:\/\/schema.org\/ImageObject\"  ><div class='avia-image-container-inner'><div class='avia-image-overlay-wrap'><img decoding=\"async\" class='wp-image-39840 avia-img-lazy-loading-not-39840 avia_image' src=\"https:\/\/radiorevelacionfm.cl\/wp-content\/uploads\/2024\/02\/Aduanas-febrero2024-1-1.jpg\" alt='' title='Aduanas-febrero2024 (1) (1)' height=\"600\" width=\"800\"  itemprop=\"thumbnailUrl\" srcset=\"https:\/\/radiorevelacionfm.cl\/wp-content\/uploads\/2024\/02\/Aduanas-febrero2024-1-1.jpg 800w, https:\/\/radiorevelacionfm.cl\/wp-content\/uploads\/2024\/02\/Aduanas-febrero2024-1-1-300x225.jpg 300w, https:\/\/radiorevelacionfm.cl\/wp-content\/uploads\/2024\/02\/Aduanas-febrero2024-1-1-768x576.jpg 768w, https:\/\/radiorevelacionfm.cl\/wp-content\/uploads\/2024\/02\/Aduanas-febrero2024-1-1-705x529.jpg 705w, https:\/\/radiorevelacionfm.cl\/wp-content\/uploads\/2024\/02\/Aduanas-febrero2024-1-1-450x338.jpg 450w, https:\/\/radiorevelacionfm.cl\/wp-content\/uploads\/2024\/02\/Aduanas-febrero2024-1-1-600x450.jpg 600w\" sizes=\"(max-width: 800px) 100vw, 800px\" \/><\/div><\/div><\/div><\/div><div class=\"flex_column av_one_full  flex_column_div av-zero-column-padding first  avia-builder-el-2  el_after_av_one_full  el_before_av_one_full  column-top-margin\" style='border-radius:0px; '><section class=\"av_textblock_section \"  itemscope=\"itemscope\" itemtype=\"https:\/\/schema.org\/BlogPosting\" itemprop=\"blogPost\" ><div class='avia_textblock  '   itemprop=\"text\" ><p style=\"text-align: center;\"><span style=\"font-size: 18pt;\"><strong>Directora regional de Arquitectura MOP: \u201cEste a\u00f1o nuestros ejes de acci\u00f3n son la reactivaci\u00f3n econ\u00f3mica con dise\u00f1os y obras en seguridad p\u00fablica, edificaci\u00f3n educacional y hospitalaria, patrimonio, edificios consistoriales y \u00e1reas silvestres protegidas\u201d<\/strong><\/span><\/p>\n<div id=\"gtx-trans\" style=\"position: absolute; left: -50px; top: 4.31534px;\">\n<div class=\"gtx-trans-icon\"><\/div>\n<\/div>\n<\/div><\/section><\/div><div class=\"flex_column av_one_full  flex_column_div av-zero-column-padding first  avia-builder-el-4  el_after_av_one_full  el_before_av_hr  column-top-margin\" style='border-radius:0px; '><section class=\"av_textblock_section \"  itemscope=\"itemscope\" itemtype=\"https:\/\/schema.org\/BlogPosting\" itemprop=\"blogPost\" ><div class='avia_textblock  '   itemprop=\"text\" ><p style=\"text-align: justify;\">La directora regional de Arquitectura del Ministerio de Obras P\u00fablicas, Paola Az\u00f3car Betancur, destac\u00f3 esta semana que este a\u00f1o 2024 se materializar\u00e1 una inversi\u00f3n cercana a los $2.100 millones mandatada por el Gobierno Regional de Ays\u00e9n actuando como Unidad T\u00e9cnica -la Direcci\u00f3n de Arquitectura del MOP-\u00a0 en el marco de la generaci\u00f3n de dise\u00f1os y obras que propendan a la reactivaci\u00f3n econ\u00f3mica y a la entrega de empleo.<\/p>\n<p style=\"text-align: justify;\">\u201cComo equipo, estamos muy contentos porque nuestra direcci\u00f3n de Arquitectura fue destacada por el Gobierno Regional de Ays\u00e9n y su Consejo por tener una muy buena ejecuci\u00f3n presupuestaria 2023, siendo el segundo organismo a nivel regional que m\u00e1s inversi\u00f3n ejecut\u00f3 en esta zona del pa\u00eds, mediante recursos extra sectoriales, as\u00ed que hoy estamos fortaleciendo y manteniendo esos \u00edndices. Igualmente, continuamos nuestro quehacer, con otro importante mandante que es el Servicio de Salud de Ays\u00e9n, con quienes trabajamos en la reposici\u00f3n del Hospital Doctor Leopoldo Ortega en Chile Chico, que continuar\u00e1 este a\u00f1o con una inversi\u00f3n cercana a los 30.000 millones de pesos. Adem\u00e1s, este a\u00f1o vamos a dar t\u00e9rmino a la Reposici\u00f3n del edificio de Administraci\u00f3n de Aduanas en Puerto Chacabuco y finalizaremos las dos intervenciones que hemos realizado en las \u00e1reas silvestres protegidas que impulsan conjuntamente el cuidado del patrimonio y del Medio Ambiente como son los Parques Nacionales Queulat y Jeinimeni, los que consideran la construcci\u00f3n de senderos, pasarelas y miradores, lo que mejorar\u00e1 la infraestructura de uso p\u00fablico, entregando con ello m\u00e1s equidad por cuanto tendr\u00e1n accesibilidad universal para que m\u00e1s personas puedan visitarlos, \u201d.<\/p>\n<p style=\"text-align: justify;\">\u201cEste a\u00f1o 2024 podemos destacar tambi\u00e9n, el Dise\u00f1o para la restauraci\u00f3n del Monumento Hist\u00f3rico Paso San Carlos\u00a0 que ha sido financiado \u00edntegramente por nuestro ministerio y que se encuentra en desarrollo; as\u00ed como tambi\u00e9n, la infraestructura asociada a la conservaci\u00f3n de oficinas y edificaciones MOP, en funci\u00f3n de mejorar la infraestructura p\u00fablica que requieren nuestros funcionarios y funcionarias para realizar su labor y con ello, tambi\u00e9n mejorar las condiciones de nuestras dependencias, las que son visitadas por las personas que requieren realizar tr\u00e1mites en nuestro Servicio. Hoy tambi\u00e9n, estamos a la espera de poder adjudicar la construcci\u00f3n del Servicio M\u00e9dico Legal en Coyhaique y comenzar las consultor\u00eda de actualizaci\u00f3n del dise\u00f1o del edificio Consistorial de la comuna de R\u00edo Ib\u00e1\u00f1ez, y tambi\u00e9n el Dise\u00f1o del Complejo Educacional de Melinka financiado por el ministerio de Educaci\u00f3n y el Gobierno Regional y su Concejo se encuentra en proceso de adjudicaci\u00f3n\u201d, anunci\u00f3 Paola Az\u00f3car Betancur.<\/p>\n<p style=\"text-align: justify;\">Otro de los ejes que vamos a desarrollar son los proyectos asociados a Seguridad P\u00fablica con Carabineros de Chile, que impulsa nuestra ministra Jessica L\u00f3pez y es compromiso de nuestro presidente Gabriel Boric, destac\u00f3 Paola Az\u00f3car \u201cmediante dise\u00f1os y obras mejoraremos los Retenes y Comisar\u00edas de nuestra regi\u00f3n; y queremos ampliar esta cartera a aquellos proyectos que tienen relaci\u00f3n con el Ministerio de Justicia como es el Servicio M\u00e9dico Legal (SML) de Coyhaique y hoy ya hemos iniciado conversaciones para poder contemplar el dise\u00f1o para reponer el edificio del SML en Puerto Ays\u00e9n\u201d.<\/p>\n<p style=\"text-align: justify;\">As\u00ed, \u201cen 2024 impulsaremos la cartera de proyectos programados, aplicando los lineamientos y mejoras de nuestro ministerio y gobierno, para avanzar en cada desaf\u00edo, con la contribuci\u00f3n de las empresas contratistas y la generaci\u00f3n de empleos permanentes en la regi\u00f3n. Todas las iniciativas mencionadas, vienen tambi\u00e9n a inyectar movilidad en t\u00e9rminos econ\u00f3micos en cada uno de los territorios y a mejorar la infraestructura p\u00fablica en toda nuestra regi\u00f3n\u201d, concluy\u00f3 la autoridad regional de Arquitectura del MOP.<\/p>\n<\/div><\/section><\/div><div  style='height:50px' class='hr hr-invisible   avia-builder-el-6  el_after_av_one_full  el_before_av_social_share '><span class='hr-inner ' ><span class='hr-inner-style'><\/span><\/span><\/div><\/p>\n<div  class='av-social-sharing-box  avia-builder-el-7  el_after_av_hr  el_before_av_hr  '><div class='av-share-box'><h5 class='av-share-link-description av-no-toc '>Compartir esta noticia<\/h5><ul class='av-share-box-list noLightbox'><li class='av-share-link av-social-link-facebook' ><a target=\"_blank\" aria-label=\"Compartir en Facebook\" href='https:\/\/www.facebook.com\/sharer.php?u=https:\/\/radiorevelacionfm.cl\/?p=39839&#038;t=Directora%20regional%20de%20Arquitectura%20MOP%3A%20%E2%80%9CEste%20a%C3%B1o%20nuestros%20ejes%20de%20acci%C3%B3n%20son%20la%20reactivaci%C3%B3n%20econ%C3%B3mica%20con%20dise%C3%B1os%20y%20obras%20en%20seguridad%20p%C3%BAblica%2C%20edificaci%C3%B3n%20educacional%20y%20hospitalaria%2C%20patrimonio%2C%20edificios%20consistoriales%20y%20%C3%A1reas%20silvestres%20protegidas%E2%80%9D' aria-hidden='false' data-av_icon='\ue8f3' data-av_iconfont='entypo-fontello' title='' data-avia-related-tooltip='Compartir en Facebook' rel=\"noopener\"><span class='avia_hidden_link_text'>Compartir en Facebook<\/span><\/a><\/li><li class='av-share-link av-social-link-twitter' ><a target=\"_blank\" aria-label=\"Compartir en Twitter\" href='https:\/\/twitter.com\/share?text=Directora%20regional%20de%20Arquitectura%20MOP%3A%20%E2%80%9CEste%20a%C3%B1o%20nuestros%20ejes%20de%20acci%C3%B3n%20son%20la%20reactivaci%C3%B3n%20econ%C3%B3mica%20con%20dise%C3%B1os%20y%20obras%20en%20seguridad%20p%C3%BAblica%2C%20edificaci%C3%B3n%20educacional%20y%20hospitalaria%2C%20patrimonio%2C%20edificios%20consistoriales%20y%20%C3%A1reas%20silvestres%20protegidas%E2%80%9D&#038;url=https:\/\/radiorevelacionfm.cl\/?p=39839' aria-hidden='false' data-av_icon='\ue8f1' data-av_iconfont='entypo-fontello' title='' data-avia-related-tooltip='Compartir en Twitter' rel=\"noopener\"><span class='avia_hidden_link_text'>Compartir en Twitter<\/span><\/a><\/li><li class='av-share-link av-social-link-whatsapp' ><a target=\"_blank\" aria-label=\"Compartir en Whatsapp\" href='https:\/\/api.whatsapp.com\/send?text=https:\/\/radiorevelacionfm.cl\/?p=39839' aria-hidden='false' data-av_icon='\uf232' data-av_iconfont='entypo-fontello' title='' data-avia-related-tooltip='Compartir en Whatsapp' rel=\"noopener\"><span class='avia_hidden_link_text'>Compartir en Whatsapp<\/span><\/a><\/li><li class='av-share-link av-social-link-linkedin' ><a target=\"_blank\" aria-label=\"Compartir en LinkedIn\" href='https:\/\/linkedin.com\/shareArticle?mini=true&#038;title=Directora%20regional%20de%20Arquitectura%20MOP%3A%20%E2%80%9CEste%20a%C3%B1o%20nuestros%20ejes%20de%20acci%C3%B3n%20son%20la%20reactivaci%C3%B3n%20econ%C3%B3mica%20con%20dise%C3%B1os%20y%20obras%20en%20seguridad%20p%C3%BAblica%2C%20edificaci%C3%B3n%20educacional%20y%20hospitalaria%2C%20patrimonio%2C%20edificios%20consistoriales%20y%20%C3%A1reas%20silvestres%20protegidas%E2%80%9D&#038;url=https:\/\/radiorevelacionfm.cl\/?p=39839' aria-hidden='false' data-av_icon='\ue8fc' data-av_iconfont='entypo-fontello' title='' data-avia-related-tooltip='Compartir en LinkedIn' rel=\"noopener\"><span class='avia_hidden_link_text'>Compartir en LinkedIn<\/span><\/a><\/li><li class='av-share-link av-social-link-mail' ><a  aria-label=\"Compartir por correo\" href='mailto:?subject=Directora%20regional%20de%20Arquitectura%20MOP%3A%20%E2%80%9CEste%20a%C3%B1o%20nuestros%20ejes%20de%20acci%C3%B3n%20son%20la%20reactivaci%C3%B3n%20econ%C3%B3mica%20con%20dise%C3%B1os%20y%20obras%20en%20seguridad%20p%C3%BAblica%2C%20edificaci%C3%B3n%20educacional%20y%20hospitalaria%2C%20patrimonio%2C%20edificios%20consistoriales%20y%20%C3%A1reas%20silvestres%20protegidas%E2%80%9D&#038;body=https:\/\/radiorevelacionfm.cl\/?p=39839' aria-hidden='false' data-av_icon='\ue805' data-av_iconfont='entypo-fontello' title='' data-avia-related-tooltip='Compartir por correo'><span class='avia_hidden_link_text'>Compartir por correo<\/span><\/a><\/li><\/ul><\/div><\/div>\n<div  style='height:50px' class='hr hr-invisible   avia-builder-el-8  el_after_av_social_share  el_before_av_comments_list '><span class='hr-inner ' ><span class='hr-inner-style'><\/span><\/span><\/div>\n<div  class='av-buildercomment  av-blog-meta-html-info-disabled av-blog-meta-tag-disabled  '><\/div>\n","protected":false},"excerpt":{"rendered":"","protected":false},"author":1,"featured_media":39840,"comment_status":"open","ping_status":"open","sticky":false,"template":"","format":"standard","meta":{"footnotes":""},"categories":[38],"tags":[],"class_list":["post-39839","post","type-post","status-publish","format-standard","has-post-thumbnail","hentry","category-regional"],"jetpack_featured_media_url":"https:\/\/radiorevelacionfm.cl\/wp-content\/uploads\/2024\/02\/Aduanas-febrero2024-1-1.jpg","_links":{"self":[{"href":"https:\/\/radiorevelacionfm.cl\/index.php?rest_route=\/wp\/v2\/posts\/39839","targetHints":{"allow":["GET"]}}],"collection":[{"href":"https:\/\/radiorevelacionfm.cl\/index.php?rest_route=\/wp\/v2\/posts"}],"about":[{"href":"https:\/\/radiorevelacionfm.cl\/index.php?rest_route=\/wp\/v2\/types\/post"}],"author":[{"embeddable":true,"href":"https:\/\/radiorevelacionfm.cl\/index.php?rest_route=\/wp\/v2\/users\/1"}],"replies":[{"embeddable":true,"href":"https:\/\/radiorevelacionfm.cl\/index.php?rest_route=%2Fwp%2Fv2%2Fcomments&post=39839"}],"version-history":[{"count":1,"href":"https:\/\/radiorevelacionfm.cl\/index.php?rest_route=\/wp\/v2\/posts\/39839\/revisions"}],"predecessor-version":[{"id":39841,"href":"https:\/\/radiorevelacionfm.cl\/index.php?rest_route=\/wp\/v2\/posts\/39839\/revisions\/39841"}],"wp:featuredmedia":[{"embeddable":true,"href":"https:\/\/radiorevelacionfm.cl\/index.php?rest_route=\/wp\/v2\/media\/39840"}],"wp:attachment":[{"href":"https:\/\/radiorevelacionfm.cl\/index.php?rest_route=%2Fwp%2Fv2%2Fmedia&parent=39839"}],"wp:term":[{"taxonomy":"category","embeddable":true,"href":"https:\/\/radiorevelacionfm.cl\/index.php?rest_route=%2Fwp%2Fv2%2Fcategories&post=39839"},{"taxonomy":"post_tag","embeddable":true,"href":"https:\/\/radiorevelacionfm.cl\/index.php?rest_route=%2Fwp%2Fv2%2Ftags&post=39839"}],"curies":[{"name":"wp","href":"https:\/\/api.w.org\/{rel}","templated":true}]}}