{"id":39835,"date":"2024-02-26T12:56:08","date_gmt":"2024-02-26T15:56:08","guid":{"rendered":"https:\/\/radiorevelacionfm.cl\/?p=39835"},"modified":"2024-02-26T12:56:08","modified_gmt":"2024-02-26T15:56:08","slug":"ejercito-gano-posta-historica-bajando-pa-puerto-aysen","status":"publish","type":"post","link":"https:\/\/radiorevelacionfm.cl\/?p=39835","title":{"rendered":"Ej\u00e9rcito gan\u00f3 \u201cPosta Hist\u00f3rica Bajando pa&#8217; Puerto Ays\u00e9n\u201d"},"content":{"rendered":"<div class=\"flex_column av_one_full  flex_column_div av-zero-column-padding first  avia-builder-el-0  el_before_av_one_full  avia-builder-el-first  \" style='border-radius:0px; '><div  class='avia-image-container  av-styling-    avia-builder-el-1  avia-builder-el-no-sibling  avia-align-center '  itemprop=\"image\" itemscope=\"itemscope\" itemtype=\"https:\/\/schema.org\/ImageObject\"  ><div class='avia-image-container-inner'><div class='avia-image-overlay-wrap'><img decoding=\"async\" class='wp-image-39836 avia-img-lazy-loading-not-39836 avia_image' src=\"https:\/\/radiorevelacionfm.cl\/wp-content\/uploads\/2024\/02\/Ejercito-Posta-2024-02-26_Equipo.jpeg\" alt='' title='Ejercito Posta 2024-02-26_Equipo' height=\"600\" width=\"900\"  itemprop=\"thumbnailUrl\" srcset=\"https:\/\/radiorevelacionfm.cl\/wp-content\/uploads\/2024\/02\/Ejercito-Posta-2024-02-26_Equipo.jpeg 900w, https:\/\/radiorevelacionfm.cl\/wp-content\/uploads\/2024\/02\/Ejercito-Posta-2024-02-26_Equipo-300x200.jpeg 300w, https:\/\/radiorevelacionfm.cl\/wp-content\/uploads\/2024\/02\/Ejercito-Posta-2024-02-26_Equipo-768x512.jpeg 768w, https:\/\/radiorevelacionfm.cl\/wp-content\/uploads\/2024\/02\/Ejercito-Posta-2024-02-26_Equipo-705x470.jpeg 705w, https:\/\/radiorevelacionfm.cl\/wp-content\/uploads\/2024\/02\/Ejercito-Posta-2024-02-26_Equipo-450x300.jpeg 450w, https:\/\/radiorevelacionfm.cl\/wp-content\/uploads\/2024\/02\/Ejercito-Posta-2024-02-26_Equipo-600x400.jpeg 600w\" sizes=\"(max-width: 900px) 100vw, 900px\" \/><\/div><\/div><\/div><\/div><div class=\"flex_column av_one_full  flex_column_div av-zero-column-padding first  avia-builder-el-2  el_after_av_one_full  el_before_av_one_full  column-top-margin\" style='border-radius:0px; '><section class=\"av_textblock_section \"  itemscope=\"itemscope\" itemtype=\"https:\/\/schema.org\/BlogPosting\" itemprop=\"blogPost\" ><div class='avia_textblock  '   itemprop=\"text\" ><p style=\"text-align: center;\"><span style=\"font-size: 18pt;\"><strong>Ej\u00e9rcito gan\u00f3 \u201cPosta Hist\u00f3rica Bajando pa&#8217; Puerto Ays\u00e9n\u201d<\/strong><\/span><\/p>\n<div id=\"gtx-trans\" style=\"position: absolute; left: -50px; top: 4.31534px;\">\n<div class=\"gtx-trans-icon\"><\/div>\n<\/div>\n<\/div><\/section><\/div><div class=\"flex_column av_one_full  flex_column_div av-zero-column-padding first  avia-builder-el-4  el_after_av_one_full  el_before_av_hr  column-top-margin\" style='border-radius:0px; '><section class=\"av_textblock_section \"  itemscope=\"itemscope\" itemtype=\"https:\/\/schema.org\/BlogPosting\" itemprop=\"blogPost\" ><div class='avia_textblock  '   itemprop=\"text\" ><p style=\"text-align: justify;\">Este domingo 25 de febrero se realiz\u00f3 una nueva versi\u00f3n de la posta atl\u00e9tica \u201cBajando pa\u00b4 Puerto Ays\u00e9n\u201d, en la que participaron 17 equipos con 13 corredores titulares y 2 de reserva de toda la regi\u00f3n de Ays\u00e9n, incluyendo una delegaci\u00f3n conformada por personal del Cuartel General, Destacamento Motorizado N\u00b014 \u201cAys\u00e9n\u201d, Zona Bienestar Coyhaique, SJZ Cuerpo Militar del Trabajo y Jefatura Administrativa Log\u00edstica Coyhaique y una delegaci\u00f3n del Regimiento N\u00b08 \u201cChilo\u00e9\u201d.<\/p>\n<p style=\"text-align: justify;\">La cita deportiva tuvo una largada a las 9 de la ma\u00f1ana desde la ciudad de Coyhaique para culminar en la plaza de armas de Puerto Ays\u00e9n, completando un trazado de 72 km.<\/p>\n<p style=\"text-align: justify;\">El equipo conformado por el personal del Cuartel General, Destacamento Motorizado N\u00b014 \u201cAys\u00e9n\u201d, ZB Coyhaique, SJZ CMT y JAL Guarnici\u00f3n Coyhaique obtuvo el primer lugar en la competencia.<\/p>\n<p style=\"text-align: justify;\">Cap Kamila Navarrete Robles<\/p>\n<p style=\"text-align: justify;\">Cap Cherry Droguett Droguett<\/p>\n<p style=\"text-align: justify;\">Cap Francisco Jeria Godoy<\/p>\n<p style=\"text-align: justify;\">Ste Daniela Robles Galleguillos<\/p>\n<p style=\"text-align: justify;\">Sg1 Cristian Cobos Navarro<\/p>\n<p style=\"text-align: justify;\">Sg2 Marcelo Carrasco Gonz\u00e1lez<\/p>\n<p style=\"text-align: justify;\">Cb1 Germain Fuentealba Millanguir<\/p>\n<p style=\"text-align: justify;\">Cb1 Eduardo Huichaman Molina<\/p>\n<p style=\"text-align: justify;\">Cb1 Claudio Rojas Chavez<\/p>\n<p style=\"text-align: justify;\">Cb1 Cristian Almonacid Mansilla<\/p>\n<p style=\"text-align: justify;\">Cb1 Juan Galleguillos Maulen<\/p>\n<p style=\"text-align: justify;\">Cb1 Daniel P\u00e9rez Rubilar<\/p>\n<p style=\"text-align: justify;\">Cb2 Maribel Cabrap\u00e1n Cabrap\u00e1n<\/p>\n<p style=\"text-align: justify;\">Cbo Juan Montealegre Castillo<\/p>\n<p style=\"text-align: justify;\">Queralia Jara Domke<\/p>\n<p style=\"text-align: justify;\">Sum\u00e1ndose la obtenci\u00f3n del tercer lugar por el equipo del Regimiento N\u00b08 \u201cChilo\u00e9\u201d<\/p>\n<ol style=\"text-align: justify;\">\n<li>Sg2\u00ba Cristian Quelimpani<\/li>\n<li>Ste Eduardo Rojas<\/li>\n<li>Sg2\u00ba H\u00e9ctor Mu\u00f1oz<\/li>\n<li>Sg2\u00baC Lisette Medina<\/li>\n<li>Sof Juan Vicencio<\/li>\n<li>Ana Guenteo<\/li>\n<li>Sg2\u00ba Jos\u00e9 Yubano<\/li>\n<li>Cb2\u00baC Brandon Ch\u00e1vez<\/li>\n<li>Cb2\u00baC Gervacio Cid<\/li>\n<li>Cb2\u00ba Francisca Collado<\/li>\n<li>Ste Karina Figueroa<\/li>\n<li>Cb2\u00baC Maximiliano Cifuentes<\/li>\n<li>Sg2\u00ba Di\u00f3genes Catal\u00e1n<\/li>\n<\/ol>\n<p style=\"text-align: justify;\">RESERVA<\/p>\n<ol style=\"text-align: justify;\" start=\"14\">\n<li>Sg2\u00ba Jhon Rayehuanque<\/li>\n<li>Amelia Vargas<\/li>\n<\/ol>\n<p style=\"text-align: justify;\">Finalmente, el ejemplo de trabajo en equipo y compa\u00f1erismo, destacaron entre los equipos durante las cinco horas -aproximadamente- que dur\u00f3 la competencia, y llev\u00e1ndolos a obtener el 1\u00b0 y 3\u00b0 lugar.<\/p>\n<\/div><\/section><\/div><div  style='height:50px' class='hr hr-invisible   avia-builder-el-6  el_after_av_one_full  el_before_av_social_share '><span class='hr-inner ' ><span class='hr-inner-style'><\/span><\/span><\/div><\/p>\n<div  class='av-social-sharing-box  avia-builder-el-7  el_after_av_hr  el_before_av_hr  '><div class='av-share-box'><h5 class='av-share-link-description av-no-toc '>Compartir esta noticia<\/h5><ul class='av-share-box-list noLightbox'><li class='av-share-link av-social-link-facebook' ><a target=\"_blank\" aria-label=\"Compartir en Facebook\" href='https:\/\/www.facebook.com\/sharer.php?u=https:\/\/radiorevelacionfm.cl\/?p=39835&#038;t=Ej%C3%A9rcito%20gan%C3%B3%20%E2%80%9CPosta%20Hist%C3%B3rica%20Bajando%20pa%E2%80%99%20Puerto%20Ays%C3%A9n%E2%80%9D' aria-hidden='false' data-av_icon='\ue8f3' data-av_iconfont='entypo-fontello' title='' data-avia-related-tooltip='Compartir en Facebook' rel=\"noopener\"><span class='avia_hidden_link_text'>Compartir en Facebook<\/span><\/a><\/li><li class='av-share-link av-social-link-twitter' ><a target=\"_blank\" aria-label=\"Compartir en Twitter\" href='https:\/\/twitter.com\/share?text=Ej%C3%A9rcito%20gan%C3%B3%20%E2%80%9CPosta%20Hist%C3%B3rica%20Bajando%20pa%E2%80%99%20Puerto%20Ays%C3%A9n%E2%80%9D&#038;url=https:\/\/radiorevelacionfm.cl\/?p=39835' aria-hidden='false' data-av_icon='\ue8f1' data-av_iconfont='entypo-fontello' title='' data-avia-related-tooltip='Compartir en Twitter' rel=\"noopener\"><span class='avia_hidden_link_text'>Compartir en Twitter<\/span><\/a><\/li><li class='av-share-link av-social-link-whatsapp' ><a target=\"_blank\" aria-label=\"Compartir en Whatsapp\" href='https:\/\/api.whatsapp.com\/send?text=https:\/\/radiorevelacionfm.cl\/?p=39835' aria-hidden='false' data-av_icon='\uf232' data-av_iconfont='entypo-fontello' title='' data-avia-related-tooltip='Compartir en Whatsapp' rel=\"noopener\"><span class='avia_hidden_link_text'>Compartir en Whatsapp<\/span><\/a><\/li><li class='av-share-link av-social-link-linkedin' ><a target=\"_blank\" aria-label=\"Compartir en LinkedIn\" href='https:\/\/linkedin.com\/shareArticle?mini=true&#038;title=Ej%C3%A9rcito%20gan%C3%B3%20%E2%80%9CPosta%20Hist%C3%B3rica%20Bajando%20pa%E2%80%99%20Puerto%20Ays%C3%A9n%E2%80%9D&#038;url=https:\/\/radiorevelacionfm.cl\/?p=39835' aria-hidden='false' data-av_icon='\ue8fc' data-av_iconfont='entypo-fontello' title='' data-avia-related-tooltip='Compartir en LinkedIn' rel=\"noopener\"><span class='avia_hidden_link_text'>Compartir en LinkedIn<\/span><\/a><\/li><li class='av-share-link av-social-link-mail' ><a  aria-label=\"Compartir por correo\" href='mailto:?subject=Ej%C3%A9rcito%20gan%C3%B3%20%E2%80%9CPosta%20Hist%C3%B3rica%20Bajando%20pa%E2%80%99%20Puerto%20Ays%C3%A9n%E2%80%9D&#038;body=https:\/\/radiorevelacionfm.cl\/?p=39835' aria-hidden='false' data-av_icon='\ue805' data-av_iconfont='entypo-fontello' title='' data-avia-related-tooltip='Compartir por correo'><span class='avia_hidden_link_text'>Compartir por correo<\/span><\/a><\/li><\/ul><\/div><\/div>\n<div  style='height:50px' class='hr hr-invisible   avia-builder-el-8  el_after_av_social_share  el_before_av_comments_list '><span class='hr-inner ' ><span class='hr-inner-style'><\/span><\/span><\/div>\n<div  class='av-buildercomment  av-blog-meta-html-info-disabled av-blog-meta-tag-disabled  '><\/div>\n","protected":false},"excerpt":{"rendered":"","protected":false},"author":1,"featured_media":39836,"comment_status":"open","ping_status":"open","sticky":false,"template":"","format":"standard","meta":{"footnotes":""},"categories":[38],"tags":[],"class_list":["post-39835","post","type-post","status-publish","format-standard","has-post-thumbnail","hentry","category-regional"],"jetpack_featured_media_url":"https:\/\/radiorevelacionfm.cl\/wp-content\/uploads\/2024\/02\/Ejercito-Posta-2024-02-26_Equipo.jpeg","_links":{"self":[{"href":"https:\/\/radiorevelacionfm.cl\/index.php?rest_route=\/wp\/v2\/posts\/39835","targetHints":{"allow":["GET"]}}],"collection":[{"href":"https:\/\/radiorevelacionfm.cl\/index.php?rest_route=\/wp\/v2\/posts"}],"about":[{"href":"https:\/\/radiorevelacionfm.cl\/index.php?rest_route=\/wp\/v2\/types\/post"}],"author":[{"embeddable":true,"href":"https:\/\/radiorevelacionfm.cl\/index.php?rest_route=\/wp\/v2\/users\/1"}],"replies":[{"embeddable":true,"href":"https:\/\/radiorevelacionfm.cl\/index.php?rest_route=%2Fwp%2Fv2%2Fcomments&post=39835"}],"version-history":[{"count":2,"href":"https:\/\/radiorevelacionfm.cl\/index.php?rest_route=\/wp\/v2\/posts\/39835\/revisions"}],"predecessor-version":[{"id":39838,"href":"https:\/\/radiorevelacionfm.cl\/index.php?rest_route=\/wp\/v2\/posts\/39835\/revisions\/39838"}],"wp:featuredmedia":[{"embeddable":true,"href":"https:\/\/radiorevelacionfm.cl\/index.php?rest_route=\/wp\/v2\/media\/39836"}],"wp:attachment":[{"href":"https:\/\/radiorevelacionfm.cl\/index.php?rest_route=%2Fwp%2Fv2%2Fmedia&parent=39835"}],"wp:term":[{"taxonomy":"category","embeddable":true,"href":"https:\/\/radiorevelacionfm.cl\/index.php?rest_route=%2Fwp%2Fv2%2Fcategories&post=39835"},{"taxonomy":"post_tag","embeddable":true,"href":"https:\/\/radiorevelacionfm.cl\/index.php?rest_route=%2Fwp%2Fv2%2Ftags&post=39835"}],"curies":[{"name":"wp","href":"https:\/\/api.w.org\/{rel}","templated":true}]}}