{"id":39832,"date":"2024-02-26T11:59:10","date_gmt":"2024-02-26T14:59:10","guid":{"rendered":"https:\/\/radiorevelacionfm.cl\/?p=39832"},"modified":"2024-02-26T11:59:10","modified_gmt":"2024-02-26T14:59:10","slug":"invitan-a-participar-de-consulta-ciudadana-para-actualizar-politica-nacional-de-ia","status":"publish","type":"post","link":"https:\/\/radiorevelacionfm.cl\/?p=39832","title":{"rendered":"Invitan a participar de consulta ciudadana para actualizar Pol\u00edtica Nacional de IA"},"content":{"rendered":"<div class=\"flex_column av_one_full  flex_column_div av-zero-column-padding first  avia-builder-el-0  el_before_av_one_full  avia-builder-el-first  \" style='border-radius:0px; '><div  class='avia-image-container  av-styling-    avia-builder-el-1  avia-builder-el-no-sibling  avia-align-center '  itemprop=\"image\" itemscope=\"itemscope\" itemtype=\"https:\/\/schema.org\/ImageObject\"  ><div class='avia-image-container-inner'><div class='avia-image-overlay-wrap'><img decoding=\"async\" class='wp-image-39833 avia-img-lazy-loading-not-39833 avia_image' src=\"https:\/\/radiorevelacionfm.cl\/wp-content\/uploads\/2024\/02\/ia-1_optimized-1_optimized-1.jpg\" alt='' title='ia-(1)_optimized-(1)_optimized (1)' height=\"940\" width=\"752\"  itemprop=\"thumbnailUrl\" srcset=\"https:\/\/radiorevelacionfm.cl\/wp-content\/uploads\/2024\/02\/ia-1_optimized-1_optimized-1.jpg 752w, https:\/\/radiorevelacionfm.cl\/wp-content\/uploads\/2024\/02\/ia-1_optimized-1_optimized-1-240x300.jpg 240w, https:\/\/radiorevelacionfm.cl\/wp-content\/uploads\/2024\/02\/ia-1_optimized-1_optimized-1-564x705.jpg 564w, https:\/\/radiorevelacionfm.cl\/wp-content\/uploads\/2024\/02\/ia-1_optimized-1_optimized-1-450x563.jpg 450w, https:\/\/radiorevelacionfm.cl\/wp-content\/uploads\/2024\/02\/ia-1_optimized-1_optimized-1-600x750.jpg 600w\" sizes=\"(max-width: 752px) 100vw, 752px\" \/><\/div><\/div><\/div><\/div><div class=\"flex_column av_one_full  flex_column_div av-zero-column-padding first  avia-builder-el-2  el_after_av_one_full  el_before_av_one_full  column-top-margin\" style='border-radius:0px; '><section class=\"av_textblock_section \"  itemscope=\"itemscope\" itemtype=\"https:\/\/schema.org\/BlogPosting\" itemprop=\"blogPost\" ><div class='avia_textblock  '   itemprop=\"text\" ><p style=\"text-align: center;\"><strong><span style=\"font-size: 18pt;\">Invitan a participar de consulta ciudadana para actualizar Pol\u00edtica Nacional de IA<\/span><\/strong><\/p>\n<div id=\"gtx-trans\" style=\"position: absolute; left: -50px; top: 4.31534px;\">\n<div class=\"gtx-trans-icon\"><\/div>\n<\/div>\n<\/div><\/section><\/div><div class=\"flex_column av_one_full  flex_column_div av-zero-column-padding first  avia-builder-el-4  el_after_av_one_full  el_before_av_hr  column-top-margin\" style='border-radius:0px; '><section class=\"av_textblock_section \"  itemscope=\"itemscope\" itemtype=\"https:\/\/schema.org\/BlogPosting\" itemprop=\"blogPost\" ><div class='avia_textblock  '   itemprop=\"text\" ><p class=\"v1MsoNormal\" style=\"text-align: justify;\"><i>Encuesta estar\u00e1 disponible en la p\u00e1gina web del MinCiencia hasta el 15 de marzo e incluye temas como g\u00e9nero, equidad y no discriminaci\u00f3n, impactos en el trabajo, ni\u00f1as, ni\u00f1os y adolescentes, creaci\u00f3n y propiedad intelectual, entre otros.<\/i><\/p>\n<p class=\"v1MsoNormal\" style=\"text-align: justify;\">Despu\u00e9s de un a\u00f1o donde se realizaron distintas instancias de participaci\u00f3n organizadas por el Ministerio de Ciencia, Tecnolog\u00eda, Conocimiento e Innovaci\u00f3n a lo largo de Chile y con una metodolog\u00eda de Unesco, se invita a la ciudadan\u00eda a opinar sobre el uso de las herramientas de Inteligencia Artificial (IA).<\/p>\n<p class=\"v1MsoNormal\" style=\"text-align: justify;\">\u00abEl avance acelerado de la Inteligencia Artificial motiv\u00f3 una actualizaci\u00f3n de nuestra Pol\u00edtica Nacional en esta materia, espec\u00edficamente del Eje 3 de Gobernanza y \u00c9tica. Este proceso, que contempl\u00f3 talleres participativos macrozonales y recomendaciones de diversos organismos, se encuentra en su \u00faltima etapa que es la consulta online, en la que pueden participar todas las personas naturales, jur\u00eddicas o agrupaciones y organizaciones de la sociedad\u00bb, indic\u00f3 la seremi de Ciencia, Ver\u00f3nica Vallejos.<\/p>\n<p class=\"v1MsoNormal\" style=\"text-align: justify;\">La Pol\u00edtica es un documento que contiene los lineamientos estrat\u00e9gicos en los que se debe enfocar el pa\u00eds en materia de inteligencia artificial durante los pr\u00f3ximos diez a\u00f1os, y con esta actualizaci\u00f3n se busca fortalecer y adaptarse a los vertiginosos avances tecnol\u00f3gicos.<\/p>\n<p class=\"v1MsoNormal\" style=\"text-align: justify;\">\u00abInvito a la ciudadan\u00eda a participar de esta consulta y les recuerdo que es importante haber revisado previamente la propuesta de actualizaci\u00f3n de la pol\u00edtica, la cual est\u00e1 disponible en la p\u00e1gina web del ministerio y a la que se puede acceder desde el formulario de esta consulta ciudadana. Toda la informaci\u00f3n recopilada, as\u00ed como las opiniones y comentarios que se reciban, ser\u00e1 considerada para la construcci\u00f3n del documento final\u00bb, concluy\u00f3 la autoridad macrozonal.<\/p>\n<p class=\"v1MsoNormal\" style=\"text-align: justify;\">La consulta estar\u00e1 disponible en el sitio web del Ministerio de Ciencia (<a href=\"http:\/\/www.minciencia.gob.cl\/\" target=\"_blank\" rel=\"noopener noreferrer\">www.minciencia.gob.cl<\/a>) hasta el 15 de marzo e incluye temas como g\u00e9nero, equidad y no discriminaci\u00f3n, impactos en el trabajo, ni\u00f1as, ni\u00f1os y adolescentes, creaci\u00f3n y propiedad intelectual, cultura de preservaci\u00f3n del patrimonio cultural, ecosistema digital seguro, regulaci\u00f3n e institucionalidad, articulaci\u00f3n internacional, medio ambiente y crisis clim\u00e1tica.<\/p>\n<p class=\"v1MsoNormal\" style=\"text-align: justify;\"><b>M\u00e1s antecedentes<\/b><\/p>\n<p class=\"v1MsoNormal\" style=\"text-align: justify;\">En 2021 Chile public\u00f3 su primera Pol\u00edtica Nacional de IA. Desde su publicaci\u00f3n se han visto avances significativos en la materia, como la creaci\u00f3n del Centro Nacional de Inteligencia Artificial (CENIA), la focalizaci\u00f3n en IA de becas de doctorado (ANID), la puesta en marcha de redes de 5G, el primer doctorado de IA en Chile y Latinoam\u00e9rica, la implementaci\u00f3n del Proyecto Algoritmos \u00c9ticos, entre otras medidas, lo que ha posicionado a Chile en el primer lugar de la regi\u00f3n en el \u00cdndice Latinoamericano de IA (CENIA, 2023).<\/p>\n<p class=\"v1MsoNormal\" style=\"text-align: justify;\">Esa pol\u00edtica a\u00fan est\u00e1\u00a0vigente y los tres ejes que la componen\u00a0-Factores Habilitantes, Desarrollo y Adopci\u00f3n y Gobernanza y \u00c9tica- se desarrollaron como resultado de un proceso participativo durante el 2019 y 2020.<\/p>\n<\/div><\/section><\/div><div  style='height:50px' class='hr hr-invisible   avia-builder-el-6  el_after_av_one_full  el_before_av_social_share '><span class='hr-inner ' ><span class='hr-inner-style'><\/span><\/span><\/div><\/p>\n<div  class='av-social-sharing-box  avia-builder-el-7  el_after_av_hr  el_before_av_hr  '><div class='av-share-box'><h5 class='av-share-link-description av-no-toc '>Compartir esta noticia<\/h5><ul class='av-share-box-list noLightbox'><li class='av-share-link av-social-link-facebook' ><a target=\"_blank\" aria-label=\"Compartir en Facebook\" href='https:\/\/www.facebook.com\/sharer.php?u=https:\/\/radiorevelacionfm.cl\/?p=39832&#038;t=Invitan%20a%20participar%20de%20consulta%20ciudadana%20para%20actualizar%20Pol%C3%ADtica%20Nacional%20de%20IA' aria-hidden='false' data-av_icon='\ue8f3' data-av_iconfont='entypo-fontello' title='' data-avia-related-tooltip='Compartir en Facebook' rel=\"noopener\"><span class='avia_hidden_link_text'>Compartir en Facebook<\/span><\/a><\/li><li class='av-share-link av-social-link-twitter' ><a target=\"_blank\" aria-label=\"Compartir en Twitter\" href='https:\/\/twitter.com\/share?text=Invitan%20a%20participar%20de%20consulta%20ciudadana%20para%20actualizar%20Pol%C3%ADtica%20Nacional%20de%20IA&#038;url=https:\/\/radiorevelacionfm.cl\/?p=39832' aria-hidden='false' data-av_icon='\ue8f1' data-av_iconfont='entypo-fontello' title='' data-avia-related-tooltip='Compartir en Twitter' rel=\"noopener\"><span class='avia_hidden_link_text'>Compartir en Twitter<\/span><\/a><\/li><li class='av-share-link av-social-link-whatsapp' ><a target=\"_blank\" aria-label=\"Compartir en Whatsapp\" href='https:\/\/api.whatsapp.com\/send?text=https:\/\/radiorevelacionfm.cl\/?p=39832' aria-hidden='false' data-av_icon='\uf232' data-av_iconfont='entypo-fontello' title='' data-avia-related-tooltip='Compartir en Whatsapp' rel=\"noopener\"><span class='avia_hidden_link_text'>Compartir en Whatsapp<\/span><\/a><\/li><li class='av-share-link av-social-link-linkedin' ><a target=\"_blank\" aria-label=\"Compartir en LinkedIn\" href='https:\/\/linkedin.com\/shareArticle?mini=true&#038;title=Invitan%20a%20participar%20de%20consulta%20ciudadana%20para%20actualizar%20Pol%C3%ADtica%20Nacional%20de%20IA&#038;url=https:\/\/radiorevelacionfm.cl\/?p=39832' aria-hidden='false' data-av_icon='\ue8fc' data-av_iconfont='entypo-fontello' title='' data-avia-related-tooltip='Compartir en LinkedIn' rel=\"noopener\"><span class='avia_hidden_link_text'>Compartir en LinkedIn<\/span><\/a><\/li><li class='av-share-link av-social-link-mail' ><a  aria-label=\"Compartir por correo\" href='mailto:?subject=Invitan%20a%20participar%20de%20consulta%20ciudadana%20para%20actualizar%20Pol%C3%ADtica%20Nacional%20de%20IA&#038;body=https:\/\/radiorevelacionfm.cl\/?p=39832' aria-hidden='false' data-av_icon='\ue805' data-av_iconfont='entypo-fontello' title='' data-avia-related-tooltip='Compartir por correo'><span class='avia_hidden_link_text'>Compartir por correo<\/span><\/a><\/li><\/ul><\/div><\/div>\n<div  style='height:50px' class='hr hr-invisible   avia-builder-el-8  el_after_av_social_share  el_before_av_comments_list '><span class='hr-inner ' ><span class='hr-inner-style'><\/span><\/span><\/div>\n<div  class='av-buildercomment  av-blog-meta-html-info-disabled av-blog-meta-tag-disabled  '><\/div>\n","protected":false},"excerpt":{"rendered":"","protected":false},"author":1,"featured_media":39833,"comment_status":"open","ping_status":"open","sticky":false,"template":"","format":"standard","meta":{"footnotes":""},"categories":[53],"tags":[],"class_list":["post-39832","post","type-post","status-publish","format-standard","has-post-thumbnail","hentry","category-ciencia"],"jetpack_featured_media_url":"https:\/\/radiorevelacionfm.cl\/wp-content\/uploads\/2024\/02\/ia-1_optimized-1_optimized-1.jpg","_links":{"self":[{"href":"https:\/\/radiorevelacionfm.cl\/index.php?rest_route=\/wp\/v2\/posts\/39832","targetHints":{"allow":["GET"]}}],"collection":[{"href":"https:\/\/radiorevelacionfm.cl\/index.php?rest_route=\/wp\/v2\/posts"}],"about":[{"href":"https:\/\/radiorevelacionfm.cl\/index.php?rest_route=\/wp\/v2\/types\/post"}],"author":[{"embeddable":true,"href":"https:\/\/radiorevelacionfm.cl\/index.php?rest_route=\/wp\/v2\/users\/1"}],"replies":[{"embeddable":true,"href":"https:\/\/radiorevelacionfm.cl\/index.php?rest_route=%2Fwp%2Fv2%2Fcomments&post=39832"}],"version-history":[{"count":1,"href":"https:\/\/radiorevelacionfm.cl\/index.php?rest_route=\/wp\/v2\/posts\/39832\/revisions"}],"predecessor-version":[{"id":39834,"href":"https:\/\/radiorevelacionfm.cl\/index.php?rest_route=\/wp\/v2\/posts\/39832\/revisions\/39834"}],"wp:featuredmedia":[{"embeddable":true,"href":"https:\/\/radiorevelacionfm.cl\/index.php?rest_route=\/wp\/v2\/media\/39833"}],"wp:attachment":[{"href":"https:\/\/radiorevelacionfm.cl\/index.php?rest_route=%2Fwp%2Fv2%2Fmedia&parent=39832"}],"wp:term":[{"taxonomy":"category","embeddable":true,"href":"https:\/\/radiorevelacionfm.cl\/index.php?rest_route=%2Fwp%2Fv2%2Fcategories&post=39832"},{"taxonomy":"post_tag","embeddable":true,"href":"https:\/\/radiorevelacionfm.cl\/index.php?rest_route=%2Fwp%2Fv2%2Ftags&post=39832"}],"curies":[{"name":"wp","href":"https:\/\/api.w.org\/{rel}","templated":true}]}}