{"id":3983,"date":"2021-05-10T19:29:55","date_gmt":"2021-05-10T22:29:55","guid":{"rendered":"https:\/\/radiorevelacionfm.cl\/?p=3983"},"modified":"2021-05-10T19:29:55","modified_gmt":"2021-05-10T22:29:55","slug":"jardin-mi-pequeno-paraiso-de-amengual-busca-crear-conciencia-del-cuidado-al-medio-ambiente","status":"publish","type":"post","link":"https:\/\/radiorevelacionfm.cl\/?p=3983","title":{"rendered":"Jard\u00edn \u201cMi Peque\u00f1o Para\u00edso\u201d de Amengual busca crear conciencia del cuidado al medio ambiente"},"content":{"rendered":"<div class=\"flex_column av_one_full  flex_column_div av-zero-column-padding first  avia-builder-el-0  el_before_av_one_full  avia-builder-el-first  \" style='border-radius:0px; '><div  class='avia-image-container  av-styling-    avia-builder-el-1  avia-builder-el-no-sibling  avia-align-center '  itemprop=\"image\" itemscope=\"itemscope\" itemtype=\"https:\/\/schema.org\/ImageObject\"  ><div class='avia-image-container-inner'><div class='avia-image-overlay-wrap'><img decoding=\"async\" class='wp-image-3984 avia-img-lazy-loading-not-3984 avia_image' src=\"https:\/\/radiorevelacionfm.cl\/wp-content\/uploads\/2021\/05\/proyecto-jardin-amengual-4_optimized.jpeg\" alt='' title='proyecto-jardin-amengual-4_optimized' height=\"960\" width=\"1280\"  itemprop=\"thumbnailUrl\" srcset=\"https:\/\/radiorevelacionfm.cl\/wp-content\/uploads\/2021\/05\/proyecto-jardin-amengual-4_optimized.jpeg 1280w, https:\/\/radiorevelacionfm.cl\/wp-content\/uploads\/2021\/05\/proyecto-jardin-amengual-4_optimized-300x225.jpeg 300w, https:\/\/radiorevelacionfm.cl\/wp-content\/uploads\/2021\/05\/proyecto-jardin-amengual-4_optimized-1030x773.jpeg 1030w, https:\/\/radiorevelacionfm.cl\/wp-content\/uploads\/2021\/05\/proyecto-jardin-amengual-4_optimized-768x576.jpeg 768w, https:\/\/radiorevelacionfm.cl\/wp-content\/uploads\/2021\/05\/proyecto-jardin-amengual-4_optimized-705x529.jpeg 705w, https:\/\/radiorevelacionfm.cl\/wp-content\/uploads\/2021\/05\/proyecto-jardin-amengual-4_optimized-600x450.jpeg 600w\" sizes=\"(max-width: 1280px) 100vw, 1280px\" \/><\/div><\/div><\/div><\/div><div class=\"flex_column av_one_full  flex_column_div av-zero-column-padding first  avia-builder-el-2  el_after_av_one_full  el_before_av_one_full  column-top-margin\" style='border-radius:0px; '><section class=\"av_textblock_section \"  itemscope=\"itemscope\" itemtype=\"https:\/\/schema.org\/BlogPosting\" itemprop=\"blogPost\" ><div class='avia_textblock  '   itemprop=\"text\" ><p style=\"text-align: center;\"><strong><span style=\"font-size: 18pt;\">Jard\u00edn \u201cMi Peque\u00f1o Para\u00edso\u201d de Amengual busca crear conciencia del cuidado al medio ambiente <\/span><\/strong><\/p>\n<div id=\"gtx-trans\" style=\"position: absolute; left: -50px; top: 4.31534px;\">\n<div class=\"gtx-trans-icon\"><\/div>\n<\/div>\n<\/div><\/section><\/div><div class=\"flex_column av_one_full  flex_column_div av-zero-column-padding first  avia-builder-el-4  el_after_av_one_full  el_before_av_hr  column-top-margin\" style='border-radius:0px; '><section class=\"av_textblock_section \"  itemscope=\"itemscope\" itemtype=\"https:\/\/schema.org\/BlogPosting\" itemprop=\"blogPost\" ><div class='avia_textblock  '   itemprop=\"text\" ><p style=\"text-align: justify;\">En localidad de Villa Amengual, comuna de Lago Verde, se encuentra el jard\u00edn infantil \u201cMi Peque\u00f1o Para\u00edso\u201d, establecimiento de pre b\u00e1sica que busca entregar una educaci\u00f3n integral a sus ni\u00f1os y ni\u00f1as, desde lo te\u00f3rico a lo pr\u00e1ctico, con especial \u00e9nfasis en el cuidado al medio ambiente.<\/p>\n<p style=\"text-align: justify;\">En esa l\u00ednea y a trav\u00e9s del Fondo de Innovaci\u00f3n en Educaci\u00f3n Parvularia, est\u00e1n desarrollando un proyecto que espera incluir a toda la comunidad. As\u00ed lo inform\u00f3 la directora del jard\u00edn, educadora de p\u00e1rvulos, Anita Catelican.<\/p>\n<p style=\"text-align: justify;\">\u201cComo comunidad educativa estamos contentos de poder compartir con ustedes la noticia de vamos a ejecutar nuestro proyecto FIEP que nos adjudicamos el a\u00f1o 2019, al que denominamos el mundo en nuestras manos. Lo llamamos de esta forma, porque nuestro objetivo general es poder implementar estrategias que contribuyan al cuidado del medio ambiente, que involucran a los ni\u00f1os y ni\u00f1as, a sus familias, al equipo educativo y a la comunidad en general\u201d.<\/p>\n<p style=\"text-align: justify;\">Anita Catelican, cont\u00f3 que el proyecto se basa en tres focos, potenciando por estos d\u00edas la reducci\u00f3n de los residuos inorg\u00e1nicos.<\/p>\n<p style=\"text-align: justify;\">\u201cContiene tres grandes focos, uno de ellos y en el que nos estamos enfocando ahora es, la reducci\u00f3n de los residuos inorg\u00e1nicos, de tal forma de que estamos invitando a la comunidad a poder reciclar. Implementamos dos puntos limpios, uno en el jard\u00edn infantil que en primera instancia se utiliz\u00f3 solo con las familias y que ahora estamos haciendo extensiva a toda la comunidad. Por lo tanto, tuvimos que implementar otro punto limpio en el colegio, donde se ubicaron contenedores, se pusieron r\u00f3tulos y donde la familia en general va a poder reciclar vidrios, pl\u00e1sticos, cartones, papeles y tambi\u00e9n latas de aluminio\u201d.<\/p>\n<p style=\"text-align: justify;\">El proyecto del jard\u00edn infantil \u201cMi Peque\u00f1o Para\u00edso\u201d de Villa Amengual no solo se queda en la recolecci\u00f3n de materiales, sino que apuestan a la reutilizaci\u00f3n y el reciclaje, por ello, se contactaron con Fecunda Patagonia de Coyhaique. As\u00ed lo cuenta la directora, Anita Catelican.<\/p>\n<p style=\"text-align: justify;\">\u201cTuvimos la gran noticia de que vamos a poder firmar un convenio de colaboraci\u00f3n con Fecunda Patagonia, que nos va a colaborar con maxi sacos, que son unos recipientes gigantes que se van a ubicar dentro de este recinto, para colocar mayor cantidad de residuos inorg\u00e1nicos. Tambi\u00e9n nos van a entregar adhesivos, de tal forma que ellos se van a hacer cargo de estos residuos y as\u00ed darle la utilidad que corresponde en la planta de reciclaje\u201d.<\/p>\n<p style=\"text-align: justify;\">La directora del jard\u00edn infantil de Amengual, Anita Catelican, dijo tambi\u00e9n que, en base al mismo proyecto se est\u00e1n construyendo eco ladrillos, con lo cual buscan aportar como unidad educativa al cuidado del medio ambiente.<\/p>\n<p style=\"text-align: justify;\">\u201cNosotros estamos confeccionando eco ladrillos para poder hacer la separaci\u00f3n de nuestro invernadero, que tambi\u00e9n lo pudimos adjudicar gracias a este proyecto. De esta forma, reducimos la cantidad de pl\u00e1stico que tiramos a la basura y estamos contribuyendo a esta tarea tan importante de no tirar tantos residuos a los vertederos, que en realidad est\u00e1n colapsando y todo lo que est\u00e1 pasando a nivel mundial con la contaminaci\u00f3n. Por ello, para nosotros es muy importante implementar desde los m\u00e1s peque\u00f1os estas iniciativas\u201d.<\/p>\n<p style=\"text-align: justify;\">El trabajo del cuidado al medio ambiente que est\u00e1 desarrollando el jard\u00edn infantil \u201cMi Peque\u00f1o Para\u00edso\u201d de Villa Amengual, no se detiene y en el desaf\u00edo ambiental que mantienen, han programado para el 17 de mayo una jornada con estudiantes de la escuela local, en conmemoraci\u00f3n del d\u00eda mundial del reciclaje.<\/p>\n<\/div><\/section><\/div><div  style='height:50px' class='hr hr-invisible   avia-builder-el-6  el_after_av_one_full  el_before_av_social_share '><span class='hr-inner ' ><span class='hr-inner-style'><\/span><\/span><\/div><\/p>\n<div  class='av-social-sharing-box  avia-builder-el-7  el_after_av_hr  el_before_av_hr  '><div class='av-share-box'><h5 class='av-share-link-description av-no-toc '>Compartir esta noticia<\/h5><ul class='av-share-box-list noLightbox'><li class='av-share-link av-social-link-facebook' ><a target=\"_blank\" aria-label=\"Compartir en Facebook\" href='https:\/\/www.facebook.com\/sharer.php?u=https:\/\/radiorevelacionfm.cl\/?p=3983&#038;t=Jard%C3%ADn%20%E2%80%9CMi%20Peque%C3%B1o%20Para%C3%ADso%E2%80%9D%20de%20Amengual%20busca%20crear%20conciencia%20del%20cuidado%20al%20medio%20ambiente' aria-hidden='false' data-av_icon='\ue8f3' data-av_iconfont='entypo-fontello' title='' data-avia-related-tooltip='Compartir en Facebook' rel=\"noopener\"><span class='avia_hidden_link_text'>Compartir en Facebook<\/span><\/a><\/li><li class='av-share-link av-social-link-twitter' ><a target=\"_blank\" aria-label=\"Compartir en Twitter\" href='https:\/\/twitter.com\/share?text=Jard%C3%ADn%20%E2%80%9CMi%20Peque%C3%B1o%20Para%C3%ADso%E2%80%9D%20de%20Amengual%20busca%20crear%20conciencia%20del%20cuidado%20al%20medio%20ambiente&#038;url=https:\/\/radiorevelacionfm.cl\/?p=3983' aria-hidden='false' data-av_icon='\ue8f1' data-av_iconfont='entypo-fontello' title='' data-avia-related-tooltip='Compartir en Twitter' rel=\"noopener\"><span class='avia_hidden_link_text'>Compartir en Twitter<\/span><\/a><\/li><li class='av-share-link av-social-link-whatsapp' ><a target=\"_blank\" aria-label=\"Compartir en Whatsapp\" href='https:\/\/api.whatsapp.com\/send?text=https:\/\/radiorevelacionfm.cl\/?p=3983' aria-hidden='false' data-av_icon='\uf232' data-av_iconfont='entypo-fontello' title='' data-avia-related-tooltip='Compartir en Whatsapp' rel=\"noopener\"><span class='avia_hidden_link_text'>Compartir en Whatsapp<\/span><\/a><\/li><li class='av-share-link av-social-link-linkedin' ><a target=\"_blank\" aria-label=\"Compartir en LinkedIn\" href='https:\/\/linkedin.com\/shareArticle?mini=true&#038;title=Jard%C3%ADn%20%E2%80%9CMi%20Peque%C3%B1o%20Para%C3%ADso%E2%80%9D%20de%20Amengual%20busca%20crear%20conciencia%20del%20cuidado%20al%20medio%20ambiente&#038;url=https:\/\/radiorevelacionfm.cl\/?p=3983' aria-hidden='false' data-av_icon='\ue8fc' data-av_iconfont='entypo-fontello' title='' data-avia-related-tooltip='Compartir en LinkedIn' rel=\"noopener\"><span class='avia_hidden_link_text'>Compartir en LinkedIn<\/span><\/a><\/li><li class='av-share-link av-social-link-mail' ><a  aria-label=\"Compartir por correo\" href='mailto:?subject=Jard%C3%ADn%20%E2%80%9CMi%20Peque%C3%B1o%20Para%C3%ADso%E2%80%9D%20de%20Amengual%20busca%20crear%20conciencia%20del%20cuidado%20al%20medio%20ambiente&#038;body=https:\/\/radiorevelacionfm.cl\/?p=3983' aria-hidden='false' data-av_icon='\ue805' data-av_iconfont='entypo-fontello' title='' data-avia-related-tooltip='Compartir por correo'><span class='avia_hidden_link_text'>Compartir por correo<\/span><\/a><\/li><\/ul><\/div><\/div>\n<div  style='height:50px' class='hr hr-invisible   avia-builder-el-8  el_after_av_social_share  el_before_av_comments_list '><span class='hr-inner ' ><span class='hr-inner-style'><\/span><\/span><\/div>\n<div  class='av-buildercomment  av-blog-meta-html-info-disabled av-blog-meta-tag-disabled  '><\/div>\n","protected":false},"excerpt":{"rendered":"","protected":false},"author":1,"featured_media":3984,"comment_status":"open","ping_status":"open","sticky":false,"template":"","format":"standard","meta":{"footnotes":""},"categories":[49],"tags":[],"class_list":["post-3983","post","type-post","status-publish","format-standard","has-post-thumbnail","hentry","category-educacion"],"jetpack_featured_media_url":"https:\/\/radiorevelacionfm.cl\/wp-content\/uploads\/2021\/05\/proyecto-jardin-amengual-4_optimized.jpeg","_links":{"self":[{"href":"https:\/\/radiorevelacionfm.cl\/index.php?rest_route=\/wp\/v2\/posts\/3983","targetHints":{"allow":["GET"]}}],"collection":[{"href":"https:\/\/radiorevelacionfm.cl\/index.php?rest_route=\/wp\/v2\/posts"}],"about":[{"href":"https:\/\/radiorevelacionfm.cl\/index.php?rest_route=\/wp\/v2\/types\/post"}],"author":[{"embeddable":true,"href":"https:\/\/radiorevelacionfm.cl\/index.php?rest_route=\/wp\/v2\/users\/1"}],"replies":[{"embeddable":true,"href":"https:\/\/radiorevelacionfm.cl\/index.php?rest_route=%2Fwp%2Fv2%2Fcomments&post=3983"}],"version-history":[{"count":1,"href":"https:\/\/radiorevelacionfm.cl\/index.php?rest_route=\/wp\/v2\/posts\/3983\/revisions"}],"predecessor-version":[{"id":3985,"href":"https:\/\/radiorevelacionfm.cl\/index.php?rest_route=\/wp\/v2\/posts\/3983\/revisions\/3985"}],"wp:featuredmedia":[{"embeddable":true,"href":"https:\/\/radiorevelacionfm.cl\/index.php?rest_route=\/wp\/v2\/media\/3984"}],"wp:attachment":[{"href":"https:\/\/radiorevelacionfm.cl\/index.php?rest_route=%2Fwp%2Fv2%2Fmedia&parent=3983"}],"wp:term":[{"taxonomy":"category","embeddable":true,"href":"https:\/\/radiorevelacionfm.cl\/index.php?rest_route=%2Fwp%2Fv2%2Fcategories&post=3983"},{"taxonomy":"post_tag","embeddable":true,"href":"https:\/\/radiorevelacionfm.cl\/index.php?rest_route=%2Fwp%2Fv2%2Ftags&post=3983"}],"curies":[{"name":"wp","href":"https:\/\/api.w.org\/{rel}","templated":true}]}}