{"id":39829,"date":"2024-02-26T10:22:39","date_gmt":"2024-02-26T13:22:39","guid":{"rendered":"https:\/\/radiorevelacionfm.cl\/?p=39829"},"modified":"2024-02-26T10:22:39","modified_gmt":"2024-02-26T13:22:39","slug":"artesanas-de-bahia-murta-preparan-coleccion-textil-inspirada-en-los-ecosistemas-naturales-que-habitan","status":"publish","type":"post","link":"https:\/\/radiorevelacionfm.cl\/?p=39829","title":{"rendered":"Artesanas de Bah\u00eda Murta preparan colecci\u00f3n textil inspirada en los ecosistemas naturales que habitan"},"content":{"rendered":"<div class=\"flex_column av_one_full  flex_column_div av-zero-column-padding first  avia-builder-el-0  el_before_av_one_full  avia-builder-el-first  \" style='border-radius:0px; '><div  class='avia-image-container  av-styling-    avia-builder-el-1  avia-builder-el-no-sibling  avia-align-center '  itemprop=\"image\" itemscope=\"itemscope\" itemtype=\"https:\/\/schema.org\/ImageObject\"  ><div class='avia-image-container-inner'><div class='avia-image-overlay-wrap'><img decoding=\"async\" class='wp-image-39830 avia-img-lazy-loading-not-39830 avia_image' src=\"https:\/\/radiorevelacionfm.cl\/wp-content\/uploads\/2024\/02\/20231011_135246-1_optimized.jpg\" alt='' title='20231011_135246-(1)_optimized' height=\"600\" width=\"1067\"  itemprop=\"thumbnailUrl\" srcset=\"https:\/\/radiorevelacionfm.cl\/wp-content\/uploads\/2024\/02\/20231011_135246-1_optimized.jpg 1067w, https:\/\/radiorevelacionfm.cl\/wp-content\/uploads\/2024\/02\/20231011_135246-1_optimized-300x169.jpg 300w, https:\/\/radiorevelacionfm.cl\/wp-content\/uploads\/2024\/02\/20231011_135246-1_optimized-1030x579.jpg 1030w, https:\/\/radiorevelacionfm.cl\/wp-content\/uploads\/2024\/02\/20231011_135246-1_optimized-768x432.jpg 768w, https:\/\/radiorevelacionfm.cl\/wp-content\/uploads\/2024\/02\/20231011_135246-1_optimized-705x396.jpg 705w, https:\/\/radiorevelacionfm.cl\/wp-content\/uploads\/2024\/02\/20231011_135246-1_optimized-450x253.jpg 450w, https:\/\/radiorevelacionfm.cl\/wp-content\/uploads\/2024\/02\/20231011_135246-1_optimized-600x337.jpg 600w\" sizes=\"(max-width: 1067px) 100vw, 1067px\" \/><\/div><\/div><\/div><\/div><div class=\"flex_column av_one_full  flex_column_div av-zero-column-padding first  avia-builder-el-2  el_after_av_one_full  el_before_av_one_full  column-top-margin\" style='border-radius:0px; '><section class=\"av_textblock_section \"  itemscope=\"itemscope\" itemtype=\"https:\/\/schema.org\/BlogPosting\" itemprop=\"blogPost\" ><div class='avia_textblock  '   itemprop=\"text\" ><p style=\"text-align: center;\"><strong><span style=\"font-size: 18pt;\">Artesanas de Bah\u00eda Murta preparan colecci\u00f3n textil inspirada en los ecosistemas naturales que habitan<\/span><\/strong><\/p>\n<div id=\"gtx-trans\" style=\"position: absolute; left: -50px; top: 4.31534px;\">\n<div class=\"gtx-trans-icon\"><\/div>\n<\/div>\n<\/div><\/section><\/div><div class=\"flex_column av_one_full  flex_column_div av-zero-column-padding first  avia-builder-el-4  el_after_av_one_full  el_before_av_hr  column-top-margin\" style='border-radius:0px; '><section class=\"av_textblock_section \"  itemscope=\"itemscope\" itemtype=\"https:\/\/schema.org\/BlogPosting\" itemprop=\"blogPost\" ><div class='avia_textblock  '   itemprop=\"text\" ><p dir=\"ltr\" style=\"text-align: justify;\"><em>Los tres r\u00edos de la comunidad de Bah\u00eda Murta, los bosques nativos, sus altas monta\u00f1as y el imponente lago General Carrera ser\u00e1n las fuentes de inspiraci\u00f3n de la colecci\u00f3n de artesan\u00eda que desarrolla la Feria Campesina Libre de Bah\u00eda Murta, en el contexto de un proyecto desarrollado por Asociaci\u00f3n Paralelo 47, Pulso Austral, apoyado por CIEP y financiado por el Fondo Nacional de Desarrollo Regional\u00a0 8 % (FNDR).\u00a0<\/em><\/p>\n<p dir=\"ltr\" style=\"text-align: justify;\">Cada s\u00e1bado en Bah\u00eda Murta, se re\u00fanen las artesanas para dar vida a la Feria Campesina Libre, compartiendo, intercambiando y comercializando sus productos de la huerta, la cocina y la artesan\u00eda. Un grupo y un espacio que se ha consolidado en esta comunidad, poniendo en valor la importancia de los oficios camperos en la vida rural y la identidad local.<\/p>\n<p dir=\"ltr\" style=\"text-align: justify;\">Las artesanas que integran esta agrupaci\u00f3n han sido protagonistas de una nueva versi\u00f3n de los Laboratorios Creativos de Oficios Textiles, un programa de formaci\u00f3n y fortalecimiento de agrupaciones de artesanas que llevan adelante Paralelo 47 y Pulso Austral en diversos territorios de la Regi\u00f3n de Ays\u00e9n.<\/p>\n<p dir=\"ltr\" style=\"text-align: justify;\">\u201cEstos laboratorios son un viaje art\u00edstico\u201d, cuenta Cecilia Moura, directora de Pulso Austral. \u201cUn viaje que comenz\u00f3 en agosto del a\u00f1o pasado en Bah\u00eda Murta, a trav\u00e9s del cual hemos desarrollado diversos encuentros textiles, siguiendo nuestras metodolog\u00edas que se enfocan en el trabajo colaborativo y horizontal, en promover el di\u00e1logo y la reflexi\u00f3n conjunta, la observaci\u00f3n constante de la naturaleza y la experimentaci\u00f3n art\u00edstica, para confluir en una colecci\u00f3n colectiva de artesan\u00eda que materializa el proceso vivido y que da cuenta de una profunda conexi\u00f3n con el paisaje natural y cultural\u201d comenta la psic\u00f3loga a cargo de facilitar estos espacios. Pero sobre todo, \u201cestos encuentros han sido una excusa para encontrarse, compartir y fortalecer lazos, para hacer comunidad en torno a los oficios\u201d, agrega Moura.<\/p>\n<p dir=\"ltr\" style=\"text-align: justify;\">En Bah\u00eda Murta, esta colecci\u00f3n reunir\u00e1 distintas piezas artesanales -tejidas a palillo, telar, crochet, bordadas o curtidas en cuero- bajo el concepto de rememorar textiles tradicionales de Bah\u00eda Murta e inspirarse en los ecosistemas que rodean a las artesanas. En forma paralela, este proceso se est\u00e1 desarrollando en Puerto Cisnes junto a la comunidad creativa de la localidad y cuyos resultados se ver\u00e1n en una exposici\u00f3n conjunta en Coyhaique.<\/p>\n<p dir=\"ltr\" style=\"text-align: justify;\">Una de las artesanas integrantes de la agrupaci\u00f3n Feria Campesina Libre de Bah\u00eda Murta, Deyanira Mu\u00f1oz, destac\u00f3 que \u201ca trav\u00e9s de diferentes t\u00e9cnicas textiles hemos podido plasmar las bellezas de nuestro entorno, en esta ocasi\u00f3n con la belleza de sus aguas, con los tres r\u00edos de Bah\u00eda Murta: el Enga\u00f1o, el Murta y el Resbal\u00f3n que desembocan al Lago General Carrera. Por otro lado, incluimos la historia del Murta Viejo, me siento inmensamente feliz de ser parte de este hermoso grupo humano\u201d<\/p>\n<p dir=\"ltr\" style=\"text-align: justify;\"><strong>Entre el arte y la ciencia<\/strong><\/p>\n<p dir=\"ltr\" style=\"text-align: justify;\">Durante el desarrollo de los Laboratorios Creativos de Oficios Textiles en Bah\u00eda Murta, financiados por el Gobierno Regional de Ays\u00e9n a trav\u00e9s del Fondo Nacional de Desarrollo Regional 8 % (FNDR); uno de los encuentros claves que permiti\u00f3 conectar conceptos como artesan\u00edas y ecosistemas naturales, fue una salida a terreno realizada en alianza con el Centro de Investigaci\u00f3n en Ecosistemas de la Patagonia (CIEP).<\/p>\n<p dir=\"ltr\" style=\"text-align: justify;\">Tras escuchar relatos de las artesanas que hablaban del Murta Viejo, de la crecida del r\u00edo Enga\u00f1o que se llev\u00f3 el pueblo en 1978 y que cal\u00f3 hondo en la historia local, se acord\u00f3 -entre todas- juntarse en este significativo lugar para la jornada de arte y ciencia.<\/p>\n<p dir=\"ltr\" style=\"text-align: justify;\">\u00bfQu\u00e9 te inspira del agua? Con esta pregunta, se invit\u00f3 a las artesanas a tejer libremente, cada una eligiendo sus t\u00e9cnicas, puntos y colores. Representaron la nieve, la lluvia, las olas, las corrientes, los tres r\u00edos que las rodean y el lago General Carrera, abriendo un espacio de reflexi\u00f3n sobre este elemento vital. El agua, que siempre ha estado all\u00ed, ahora se volv\u00eda consciente y presente en el tejido de las murtinas.<\/p>\n<p dir=\"ltr\" style=\"text-align: justify;\">Una vez que todas presentaron sus creaciones, la ec\u00f3loga Dra. Anna Astorga tom\u00f3 la palabra para realizar una mediaci\u00f3n cient\u00edfica y con lanas en tonos azules trazar la cuenca y explicar los ciclos del agua, abordando temas como el tiempo de residencia del agua, la historia biol\u00f3gica de cada r\u00edo, las particularidades, las temperaturas, los colores y las texturas que ellas mismas hab\u00edan retratado.\u00a0La conversaci\u00f3n culmin\u00f3 con agujas de lana en mano, uniendo entre todas los cuadrados tejidos. Dando vida a un primer ejercicio de obra colectiva que daba cuenta de los v\u00ednculos y aprendizajes que iban forj\u00e1ndose.<\/p>\n<p dir=\"ltr\" style=\"text-align: justify;\">As\u00ed, la jornada permiti\u00f3 conectar los conocimientos tradicionales de las artesanas con los saberes cient\u00edficos, expandiendo los lenguajes creativos de las participantes para luego definir el tema de inspiraci\u00f3n de la colecci\u00f3n que llevar\u00edan a cabo. Una colecci\u00f3n que est\u00e1 en proceso de desarrollo y en las pr\u00f3ximas semanas ver\u00e1 la luz en un nuevo laboratorio creativo y en una instancia de cierre con la comunidad local.<\/p>\n<p dir=\"ltr\" style=\"text-align: justify;\">\u201cEl desaf\u00edo de co-crear una colecci\u00f3n invita a las artesanas a transitar desde el espacio dom\u00e9stico -donde solitariamente suelen curtir, hilar, te\u00f1ir, tejer y bordar- hacia el espacio p\u00fablico y colectivo, en el que junto a otras mujeres, unen esfuerzos para visibilizar sus procesos creativos y posicionar sus oficios tradicionales\u201d, comenta la historiadora Catalina Camus de Pulso Austral. Agregando que a fines de marzo, las piezas de artesan\u00eda viajar\u00e1n a Coyhaique para ser exhibidas en el Museo Regional de Ays\u00e9n.<\/p>\n<p dir=\"ltr\" style=\"text-align: justify;\">Finalmente, cabe se\u00f1alar que la organizaci\u00f3n Pulso Austral est\u00e1 compuesta por un equipo de mujeres de diversas disciplinas, quienes desarrollan iniciativas vinculadas a las artes, la educaci\u00f3n, la ciencia y la cultura en miras a aportar al bienestar de las comunidades de la Regi\u00f3n de Ays\u00e9n. Desarrollaron en enero el Encuentro de Agrupaciones de Artesanas de la Regi\u00f3n de Ays\u00e9n -donde particip\u00f3 la Feria Campesina Libre de Bah\u00eda Murta-. Tambi\u00e9n llevan adelante el podcast Atlas Textil, fueron las creadoras del r\u00edo Cochrane tejido que lleg\u00f3 a la Bienal de Arte Textil en Santiago y de iniciativas que vinculan la educaci\u00f3n y el arte textil a trav\u00e9s de la creaci\u00f3n de tapices comunitarios.<\/p>\n<\/div><\/section><\/div><div  style='height:50px' class='hr hr-invisible   avia-builder-el-6  el_after_av_one_full  el_before_av_social_share '><span class='hr-inner ' ><span class='hr-inner-style'><\/span><\/span><\/div><\/p>\n<div  class='av-social-sharing-box  avia-builder-el-7  el_after_av_hr  el_before_av_hr  '><div class='av-share-box'><h5 class='av-share-link-description av-no-toc '>Compartir esta noticia<\/h5><ul class='av-share-box-list noLightbox'><li class='av-share-link av-social-link-facebook' ><a target=\"_blank\" aria-label=\"Compartir en Facebook\" href='https:\/\/www.facebook.com\/sharer.php?u=https:\/\/radiorevelacionfm.cl\/?p=39829&#038;t=Artesanas%20de%20Bah%C3%ADa%20Murta%20preparan%20colecci%C3%B3n%20textil%20inspirada%20en%20los%20ecosistemas%20naturales%20que%20habitan' aria-hidden='false' data-av_icon='\ue8f3' data-av_iconfont='entypo-fontello' title='' data-avia-related-tooltip='Compartir en Facebook' rel=\"noopener\"><span class='avia_hidden_link_text'>Compartir en Facebook<\/span><\/a><\/li><li class='av-share-link av-social-link-twitter' ><a target=\"_blank\" aria-label=\"Compartir en Twitter\" href='https:\/\/twitter.com\/share?text=Artesanas%20de%20Bah%C3%ADa%20Murta%20preparan%20colecci%C3%B3n%20textil%20inspirada%20en%20los%20ecosistemas%20naturales%20que%20habitan&#038;url=https:\/\/radiorevelacionfm.cl\/?p=39829' aria-hidden='false' data-av_icon='\ue8f1' data-av_iconfont='entypo-fontello' title='' data-avia-related-tooltip='Compartir en Twitter' rel=\"noopener\"><span class='avia_hidden_link_text'>Compartir en Twitter<\/span><\/a><\/li><li class='av-share-link av-social-link-whatsapp' ><a target=\"_blank\" aria-label=\"Compartir en Whatsapp\" href='https:\/\/api.whatsapp.com\/send?text=https:\/\/radiorevelacionfm.cl\/?p=39829' aria-hidden='false' data-av_icon='\uf232' data-av_iconfont='entypo-fontello' title='' data-avia-related-tooltip='Compartir en Whatsapp' rel=\"noopener\"><span class='avia_hidden_link_text'>Compartir en Whatsapp<\/span><\/a><\/li><li class='av-share-link av-social-link-linkedin' ><a target=\"_blank\" aria-label=\"Compartir en LinkedIn\" href='https:\/\/linkedin.com\/shareArticle?mini=true&#038;title=Artesanas%20de%20Bah%C3%ADa%20Murta%20preparan%20colecci%C3%B3n%20textil%20inspirada%20en%20los%20ecosistemas%20naturales%20que%20habitan&#038;url=https:\/\/radiorevelacionfm.cl\/?p=39829' aria-hidden='false' data-av_icon='\ue8fc' data-av_iconfont='entypo-fontello' title='' data-avia-related-tooltip='Compartir en LinkedIn' rel=\"noopener\"><span class='avia_hidden_link_text'>Compartir en LinkedIn<\/span><\/a><\/li><li class='av-share-link av-social-link-mail' ><a  aria-label=\"Compartir por correo\" href='mailto:?subject=Artesanas%20de%20Bah%C3%ADa%20Murta%20preparan%20colecci%C3%B3n%20textil%20inspirada%20en%20los%20ecosistemas%20naturales%20que%20habitan&#038;body=https:\/\/radiorevelacionfm.cl\/?p=39829' aria-hidden='false' data-av_icon='\ue805' data-av_iconfont='entypo-fontello' title='' data-avia-related-tooltip='Compartir por correo'><span class='avia_hidden_link_text'>Compartir por correo<\/span><\/a><\/li><\/ul><\/div><\/div>\n<div  style='height:50px' class='hr hr-invisible   avia-builder-el-8  el_after_av_social_share  el_before_av_comments_list '><span class='hr-inner ' ><span class='hr-inner-style'><\/span><\/span><\/div>\n<div  class='av-buildercomment  av-blog-meta-html-info-disabled av-blog-meta-tag-disabled  '><\/div>\n","protected":false},"excerpt":{"rendered":"","protected":false},"author":1,"featured_media":39830,"comment_status":"open","ping_status":"open","sticky":false,"template":"","format":"standard","meta":{"footnotes":""},"categories":[38],"tags":[],"class_list":["post-39829","post","type-post","status-publish","format-standard","has-post-thumbnail","hentry","category-regional"],"jetpack_featured_media_url":"https:\/\/radiorevelacionfm.cl\/wp-content\/uploads\/2024\/02\/20231011_135246-1_optimized.jpg","_links":{"self":[{"href":"https:\/\/radiorevelacionfm.cl\/index.php?rest_route=\/wp\/v2\/posts\/39829","targetHints":{"allow":["GET"]}}],"collection":[{"href":"https:\/\/radiorevelacionfm.cl\/index.php?rest_route=\/wp\/v2\/posts"}],"about":[{"href":"https:\/\/radiorevelacionfm.cl\/index.php?rest_route=\/wp\/v2\/types\/post"}],"author":[{"embeddable":true,"href":"https:\/\/radiorevelacionfm.cl\/index.php?rest_route=\/wp\/v2\/users\/1"}],"replies":[{"embeddable":true,"href":"https:\/\/radiorevelacionfm.cl\/index.php?rest_route=%2Fwp%2Fv2%2Fcomments&post=39829"}],"version-history":[{"count":1,"href":"https:\/\/radiorevelacionfm.cl\/index.php?rest_route=\/wp\/v2\/posts\/39829\/revisions"}],"predecessor-version":[{"id":39831,"href":"https:\/\/radiorevelacionfm.cl\/index.php?rest_route=\/wp\/v2\/posts\/39829\/revisions\/39831"}],"wp:featuredmedia":[{"embeddable":true,"href":"https:\/\/radiorevelacionfm.cl\/index.php?rest_route=\/wp\/v2\/media\/39830"}],"wp:attachment":[{"href":"https:\/\/radiorevelacionfm.cl\/index.php?rest_route=%2Fwp%2Fv2%2Fmedia&parent=39829"}],"wp:term":[{"taxonomy":"category","embeddable":true,"href":"https:\/\/radiorevelacionfm.cl\/index.php?rest_route=%2Fwp%2Fv2%2Fcategories&post=39829"},{"taxonomy":"post_tag","embeddable":true,"href":"https:\/\/radiorevelacionfm.cl\/index.php?rest_route=%2Fwp%2Fv2%2Ftags&post=39829"}],"curies":[{"name":"wp","href":"https:\/\/api.w.org\/{rel}","templated":true}]}}