{"id":39823,"date":"2024-02-25T20:09:37","date_gmt":"2024-02-25T23:09:37","guid":{"rendered":"https:\/\/radiorevelacionfm.cl\/?p=39823"},"modified":"2024-02-25T20:09:37","modified_gmt":"2024-02-25T23:09:37","slug":"comunidad-de-cerro-castillo-recorrio-las-instalaciones-de-su-nueva-posta-de-salud-rural","status":"publish","type":"post","link":"https:\/\/radiorevelacionfm.cl\/?p=39823","title":{"rendered":"Comunidad de Cerro Castillo recorri\u00f3 las instalaciones de su nueva Posta de Salud Rural"},"content":{"rendered":"<div class=\"flex_column av_one_full  flex_column_div av-zero-column-padding first  avia-builder-el-0  el_before_av_one_full  avia-builder-el-first  \" style='border-radius:0px; '><div  class='avia-image-container  av-styling-    avia-builder-el-1  avia-builder-el-no-sibling  avia-align-center '  itemprop=\"image\" itemscope=\"itemscope\" itemtype=\"https:\/\/schema.org\/ImageObject\"  ><div class='avia-image-container-inner'><div class='avia-image-overlay-wrap'><img decoding=\"async\" class='wp-image-39824 avia-img-lazy-loading-not-39824 avia_image' src=\"https:\/\/radiorevelacionfm.cl\/wp-content\/uploads\/2024\/02\/nueva-6-1_optimized-1.jpg\" alt='' title='nueva-6-(1)_optimized (1)' height=\"600\" width=\"1134\"  itemprop=\"thumbnailUrl\" srcset=\"https:\/\/radiorevelacionfm.cl\/wp-content\/uploads\/2024\/02\/nueva-6-1_optimized-1.jpg 1134w, https:\/\/radiorevelacionfm.cl\/wp-content\/uploads\/2024\/02\/nueva-6-1_optimized-1-300x159.jpg 300w, https:\/\/radiorevelacionfm.cl\/wp-content\/uploads\/2024\/02\/nueva-6-1_optimized-1-1030x545.jpg 1030w, https:\/\/radiorevelacionfm.cl\/wp-content\/uploads\/2024\/02\/nueva-6-1_optimized-1-768x406.jpg 768w, https:\/\/radiorevelacionfm.cl\/wp-content\/uploads\/2024\/02\/nueva-6-1_optimized-1-710x375.jpg 710w, https:\/\/radiorevelacionfm.cl\/wp-content\/uploads\/2024\/02\/nueva-6-1_optimized-1-705x373.jpg 705w, https:\/\/radiorevelacionfm.cl\/wp-content\/uploads\/2024\/02\/nueva-6-1_optimized-1-450x238.jpg 450w, https:\/\/radiorevelacionfm.cl\/wp-content\/uploads\/2024\/02\/nueva-6-1_optimized-1-600x317.jpg 600w\" sizes=\"(max-width: 1134px) 100vw, 1134px\" \/><\/div><\/div><\/div><\/div><div class=\"flex_column av_one_full  flex_column_div av-zero-column-padding first  avia-builder-el-2  el_after_av_one_full  el_before_av_one_full  column-top-margin\" style='border-radius:0px; '><section class=\"av_textblock_section \"  itemscope=\"itemscope\" itemtype=\"https:\/\/schema.org\/BlogPosting\" itemprop=\"blogPost\" ><div class='avia_textblock  '   itemprop=\"text\" ><p style=\"text-align: center;\"><span style=\"font-size: 18pt;\"><b>Comunidad de Cerro Castillo recorri\u00f3 las instalaciones de su nueva Posta de Salud Rural<\/b><\/span><\/p>\n<div id=\"gtx-trans\" style=\"position: absolute; left: -50px; top: 4.31534px;\">\n<div class=\"gtx-trans-icon\"><\/div>\n<\/div>\n<\/div><\/section><\/div><div class=\"flex_column av_one_full  flex_column_div av-zero-column-padding first  avia-builder-el-4  el_after_av_one_full  el_before_av_hr  column-top-margin\" style='border-radius:0px; '><section class=\"av_textblock_section \"  itemscope=\"itemscope\" itemtype=\"https:\/\/schema.org\/BlogPosting\" itemprop=\"blogPost\" ><div class='avia_textblock  '   itemprop=\"text\" ><p style=\"font-weight: 400; text-align: justify;\">Emocionados, una decena de dirigentes y vecinos de la localidad de Villa Cerro Castillo, junto al equipo del Servicio de Salud Ays\u00e9n, realizaron un recorrido por las instalaciones del recinto donde pronto funcionar\u00e1 la Posta de Salud Rural de la localidad.<\/p>\n<p style=\"font-weight: 400; text-align: justify;\">El establecimiento fue una de las iniciativas contempladas en el Programa Especial de Desarrollo de Zonas Extremas (PEDZE) que busc\u00f3 atender los d\u00e9ficits en inversi\u00f3n e infraestructura p\u00fablica en las localidades de la regi\u00f3n de Ays\u00e9n.<\/p>\n<p style=\"font-weight: 400; text-align: justify;\">\u201cEs genial, no pens\u00e1bamos que fu\u00e9semos a tener una posta tan linda, tan moderna\u201d, indic\u00f3 Flor V\u00e1squez, vecina de Cerro Castillo.<\/p>\n<p style=\"font-weight: 400; text-align: justify;\">Otra de las participantes en el recorrido, Gladys Jara, destac\u00f3 los espacios del nuevo establecimiento, \u201cde lujo, est\u00e1n hermosos, todos muy equipados, es un sue\u00f1o hecho realidad\u201d.<\/p>\n<p style=\"font-weight: 400; text-align: justify;\">Las caracter\u00edsticas del establecimiento y la moderna construcci\u00f3n, que cuenta con iluminaci\u00f3n solar y autonom\u00eda el\u00e9ctrica por 48 horas, fueron destacadas por las autoridades comunales.<\/p>\n<p style=\"font-weight: 400; text-align: justify;\">Claudia Fuentes, concejal de R\u00edo Ib\u00e1\u00f1ez, se\u00f1al\u00f3 que \u201ces algo que est\u00e1bamos esperando como comunidad, sobre todo los vecinos de Cerro Castillo, tener esta infraestructura nueva con toda su implementaci\u00f3n. Me parece muy fant\u00e1stico, la gente se merece tener una atenci\u00f3n de calidad\u201d.<\/p>\n<p style=\"font-weight: 400; text-align: justify;\">\u201cComo vecinos ha sido un anhelo de muchos a\u00f1os, contar con una posta de salud con las condiciones para poder entregar una atenci\u00f3n de calidad y m\u00e1s digna para los vecinos y con mejores espacios para los funcionarios\u201d, agreg\u00f3 la concejal y vecina de Cerro Castillo, Marcia \u00c1lvarez Valencia.<\/p>\n<p style=\"font-weight: 400; text-align: justify;\"><strong>Autoridades regionales tambi\u00e9n conocieron las nuevas instalaciones.<\/strong><\/p>\n<p style=\"font-weight: 400; text-align: justify;\">La Posta de Salud Rural de Villa Cerro Castillo fue la primera gran obra iniciada en la regi\u00f3n de Ays\u00e9n durante la actual administraci\u00f3n y, de hecho, fue uno de los lugares que visit\u00f3 el Presidente cuando llevaba cerca del 40 por ciento de avance.<\/p>\n<p style=\"font-weight: 400; text-align: justify;\">\u201cNuestro presidente, Gabriel Boric, estuvo aqu\u00ed cuando se estaban desarrollando las obras, ya que la atenci\u00f3n primaria, que depende del Servicio de Salud Ays\u00e9n, es tremendamente relevante por las distancias y complejidad que tiene, entonces, todas estas mejoras redundan en una mejora de calidad para todas las familias del territorio\u201d, coment\u00f3 el delegado Presidencial Regional, Rodrigo Araya Morales.<\/p>\n<p style=\"font-weight: 400; text-align: justify;\">En esta iniciativa, que implic\u00f3 una inversi\u00f3n superior a los 1.000 millones de pesos del Fondo Nacional de Desarrollo Regional, fue crucial el apoyo del Gobierno Regional y su Consejo.<\/p>\n<p style=\"font-weight: 400; text-align: justify;\">\u201cEstamos contentos de estar prontamente en la inauguraci\u00f3n y que esta posta inicie su funcionamiento para atender a la comunidad de Cerro Castillo. Cabe recordar que esta es una iniciativa financiada por el PEDZE del segundo gobierno de la presidenta Bachelet y hoy podemos ver una obra de este plan que no deja muy contentos\u201d, indic\u00f3 Teresita Fuentes Soto en representaci\u00f3n de la gobernadora Andrea Mac\u00edas Palma.<\/p>\n<p style=\"font-weight: 400; text-align: justify;\">El anfitri\u00f3n de la jornada fue el director del Servicio de Salud Ays\u00e9n, Juan Pablo Bravo Quintana, quien encabez\u00f3 el recorrido por el nuevo establecimiento de la Red Asistencial Regional.<\/p>\n<p style=\"font-weight: 400; text-align: justify;\">\u201cEste es un hito importante, estamos trabajando en gesti\u00f3n del cambio y puesta en marcha de la Posta de Salud Rural de Cerro Castillo y se nos viene a corto plazo. Estamos ahora con la autorizaci\u00f3n municipal y despu\u00e9s la autorizaci\u00f3n sanitaria para estar prontamente con la inauguraci\u00f3n, probablemente en el mes de abril, dando buenas noticias y acercando la salud a las comunidades\u201d, expres\u00f3 Bravo.<\/p>\n<p style=\"font-weight: 400; text-align: justify;\">Mientras que la Seremi de Salud, Carmen Gloria Monsalve G\u00f3mez, record\u00f3 que \u201cnuestra principal obligaci\u00f3n es poder entregar una atenci\u00f3n digna, justa y equitativa y no por estar tan aislados del resto del pa\u00eds eso debe demorar. Le hemos puesto mucho empe\u00f1o para que objetivamente avancemos en las mejoras y concreci\u00f3n de estas iniciativas muy anheladas por la comunidad\u201d.<\/p>\n<p style=\"font-weight: 400; text-align: justify;\"><strong>Avances de la Salud Rural en el territorio.<\/strong><\/p>\n<p style=\"font-weight: 400; text-align: justify;\">Los \u00faltimos dos a\u00f1os han sido de importantes avances para la Salud Rural, el principal punto de contacto entre la Red Asistencial y las comunidades apartadas. Se han concretado importantes obras como las postas de Caleta Andrade, Cerro Castillo y se han iniciado nuevas infraestructuras para Tapera y Puerto Guadal.<\/p>\n<p style=\"font-weight: 400; text-align: justify;\">Cada cambio, eso s\u00ed, implica desaf\u00edos para las comunidades y los funcionarios.<\/p>\n<p style=\"font-weight: 400; text-align: justify;\">\u201cLa parte emocional de los funcionarios se ve afectada tanto por la alegr\u00eda del nuevo recinto como por los recuerdos de lo vivido en los antiguos. Eso ser\u00e1 trabajado por el equipo de Calidad de Vida y Salud Laboral, mientras que nosotros seguiremos trabajando en los temas de regularizaci\u00f3n para obtener r\u00e1pidamente la autorizaci\u00f3n sanitaria, para que este pronto en manos de la comunidad\u201d, dijo la directora de Salud Rural del SSA, Lorena Guerrero Avenda\u00f1o.<\/p>\n<p style=\"font-weight: 400; text-align: justify;\">El moderno establecimiento, que cuenta con 2 Box Cl\u00ednicos Multiprop\u00f3sito, box Gineco-Obst\u00e9trico con ba\u00f1o, box de Procedimientos, Box Odontol\u00f3gico, Sala de Esterilizaci\u00f3n, entre otras instalaciones, lo que mejorar\u00e1 sustancialmente las condiciones laborales de los funcionarios de la Salud.<\/p>\n<p style=\"font-weight: 400; text-align: justify;\">\u201cEs s\u00faper espaciosa lo que es bueno para la atenci\u00f3n de los pacientes. Siempre hay detalles, pero se ir\u00e1n trabajando en el camino, as\u00ed que es muy bueno contar con este nuevo espacio\u201d, indic\u00f3 la Dra. Constanza Mu\u00f1oz Tagle, encargada del establecimiento.<\/p>\n<p style=\"font-weight: 400; text-align: justify;\">Actualmente, el establecimiento se encuentra a la espera de la Recepci\u00f3n de Obras por parte de la Municipalidad de R\u00edo Ib\u00e1\u00f1ez para luego gestionar la Autorizaci\u00f3n Sanitaria. Una vez concluidos estos tr\u00e1mites administrativos, se proyecta el inicio de operaciones para el mes de abril.<\/p>\n<\/div><\/section><\/div><div  style='height:50px' class='hr hr-invisible   avia-builder-el-6  el_after_av_one_full  el_before_av_social_share '><span class='hr-inner ' ><span class='hr-inner-style'><\/span><\/span><\/div><\/p>\n<div  class='av-social-sharing-box  avia-builder-el-7  el_after_av_hr  el_before_av_hr  '><div class='av-share-box'><h5 class='av-share-link-description av-no-toc '>Compartir esta noticia<\/h5><ul class='av-share-box-list noLightbox'><li class='av-share-link av-social-link-facebook' ><a target=\"_blank\" aria-label=\"Compartir en Facebook\" href='https:\/\/www.facebook.com\/sharer.php?u=https:\/\/radiorevelacionfm.cl\/?p=39823&#038;t=Comunidad%20de%20Cerro%20Castillo%20recorri%C3%B3%20las%20instalaciones%20de%20su%20nueva%20Posta%20de%20Salud%20Rural' aria-hidden='false' data-av_icon='\ue8f3' data-av_iconfont='entypo-fontello' title='' data-avia-related-tooltip='Compartir en Facebook' rel=\"noopener\"><span class='avia_hidden_link_text'>Compartir en Facebook<\/span><\/a><\/li><li class='av-share-link av-social-link-twitter' ><a target=\"_blank\" aria-label=\"Compartir en Twitter\" href='https:\/\/twitter.com\/share?text=Comunidad%20de%20Cerro%20Castillo%20recorri%C3%B3%20las%20instalaciones%20de%20su%20nueva%20Posta%20de%20Salud%20Rural&#038;url=https:\/\/radiorevelacionfm.cl\/?p=39823' aria-hidden='false' data-av_icon='\ue8f1' data-av_iconfont='entypo-fontello' title='' data-avia-related-tooltip='Compartir en Twitter' rel=\"noopener\"><span class='avia_hidden_link_text'>Compartir en Twitter<\/span><\/a><\/li><li class='av-share-link av-social-link-whatsapp' ><a target=\"_blank\" aria-label=\"Compartir en Whatsapp\" href='https:\/\/api.whatsapp.com\/send?text=https:\/\/radiorevelacionfm.cl\/?p=39823' aria-hidden='false' data-av_icon='\uf232' data-av_iconfont='entypo-fontello' title='' data-avia-related-tooltip='Compartir en Whatsapp' rel=\"noopener\"><span class='avia_hidden_link_text'>Compartir en Whatsapp<\/span><\/a><\/li><li class='av-share-link av-social-link-linkedin' ><a target=\"_blank\" aria-label=\"Compartir en LinkedIn\" href='https:\/\/linkedin.com\/shareArticle?mini=true&#038;title=Comunidad%20de%20Cerro%20Castillo%20recorri%C3%B3%20las%20instalaciones%20de%20su%20nueva%20Posta%20de%20Salud%20Rural&#038;url=https:\/\/radiorevelacionfm.cl\/?p=39823' aria-hidden='false' data-av_icon='\ue8fc' data-av_iconfont='entypo-fontello' title='' data-avia-related-tooltip='Compartir en LinkedIn' rel=\"noopener\"><span class='avia_hidden_link_text'>Compartir en LinkedIn<\/span><\/a><\/li><li class='av-share-link av-social-link-mail' ><a  aria-label=\"Compartir por correo\" href='mailto:?subject=Comunidad%20de%20Cerro%20Castillo%20recorri%C3%B3%20las%20instalaciones%20de%20su%20nueva%20Posta%20de%20Salud%20Rural&#038;body=https:\/\/radiorevelacionfm.cl\/?p=39823' aria-hidden='false' data-av_icon='\ue805' data-av_iconfont='entypo-fontello' title='' data-avia-related-tooltip='Compartir por correo'><span class='avia_hidden_link_text'>Compartir por correo<\/span><\/a><\/li><\/ul><\/div><\/div>\n<div  style='height:50px' class='hr hr-invisible   avia-builder-el-8  el_after_av_social_share  el_before_av_comments_list '><span class='hr-inner ' ><span class='hr-inner-style'><\/span><\/span><\/div>\n<div  class='av-buildercomment  av-blog-meta-html-info-disabled av-blog-meta-tag-disabled  '><\/div>\n","protected":false},"excerpt":{"rendered":"","protected":false},"author":1,"featured_media":39824,"comment_status":"open","ping_status":"open","sticky":false,"template":"","format":"standard","meta":{"footnotes":""},"categories":[46],"tags":[],"class_list":["post-39823","post","type-post","status-publish","format-standard","has-post-thumbnail","hentry","category-salud"],"jetpack_featured_media_url":"https:\/\/radiorevelacionfm.cl\/wp-content\/uploads\/2024\/02\/nueva-6-1_optimized-1.jpg","_links":{"self":[{"href":"https:\/\/radiorevelacionfm.cl\/index.php?rest_route=\/wp\/v2\/posts\/39823","targetHints":{"allow":["GET"]}}],"collection":[{"href":"https:\/\/radiorevelacionfm.cl\/index.php?rest_route=\/wp\/v2\/posts"}],"about":[{"href":"https:\/\/radiorevelacionfm.cl\/index.php?rest_route=\/wp\/v2\/types\/post"}],"author":[{"embeddable":true,"href":"https:\/\/radiorevelacionfm.cl\/index.php?rest_route=\/wp\/v2\/users\/1"}],"replies":[{"embeddable":true,"href":"https:\/\/radiorevelacionfm.cl\/index.php?rest_route=%2Fwp%2Fv2%2Fcomments&post=39823"}],"version-history":[{"count":1,"href":"https:\/\/radiorevelacionfm.cl\/index.php?rest_route=\/wp\/v2\/posts\/39823\/revisions"}],"predecessor-version":[{"id":39825,"href":"https:\/\/radiorevelacionfm.cl\/index.php?rest_route=\/wp\/v2\/posts\/39823\/revisions\/39825"}],"wp:featuredmedia":[{"embeddable":true,"href":"https:\/\/radiorevelacionfm.cl\/index.php?rest_route=\/wp\/v2\/media\/39824"}],"wp:attachment":[{"href":"https:\/\/radiorevelacionfm.cl\/index.php?rest_route=%2Fwp%2Fv2%2Fmedia&parent=39823"}],"wp:term":[{"taxonomy":"category","embeddable":true,"href":"https:\/\/radiorevelacionfm.cl\/index.php?rest_route=%2Fwp%2Fv2%2Fcategories&post=39823"},{"taxonomy":"post_tag","embeddable":true,"href":"https:\/\/radiorevelacionfm.cl\/index.php?rest_route=%2Fwp%2Fv2%2Ftags&post=39823"}],"curies":[{"name":"wp","href":"https:\/\/api.w.org\/{rel}","templated":true}]}}