{"id":39820,"date":"2024-02-25T18:09:01","date_gmt":"2024-02-25T21:09:01","guid":{"rendered":"https:\/\/radiorevelacionfm.cl\/?p=39820"},"modified":"2024-02-25T18:09:01","modified_gmt":"2024-02-25T21:09:01","slug":"confirman-subsidios-para-155-familias-de-aysen-por-mas-de-12-mil-millones-de-pesos","status":"publish","type":"post","link":"https:\/\/radiorevelacionfm.cl\/?p=39820","title":{"rendered":"Confirman subsidios para 155 familias de Ays\u00e9n por m\u00e1s de $12 mil millones de pesos"},"content":{"rendered":"<div class=\"flex_column av_one_full  flex_column_div av-zero-column-padding first  avia-builder-el-0  el_before_av_one_full  avia-builder-el-first  \" style='border-radius:0px; '><div  class='avia-image-container  av-styling-    avia-builder-el-1  avia-builder-el-no-sibling  avia-align-center '  itemprop=\"image\" itemscope=\"itemscope\" itemtype=\"https:\/\/schema.org\/ImageObject\"  ><div class='avia-image-container-inner'><div class='avia-image-overlay-wrap'><img decoding=\"async\" class='wp-image-39821 avia-img-lazy-loading-not-39821 avia_image' src=\"https:\/\/radiorevelacionfm.cl\/wp-content\/uploads\/2024\/02\/hogar-y-familia-3-1_optimized.jpeg\" alt='' title='hogar-y-familia-3-(1)_optimized' height=\"600\" width=\"917\"  itemprop=\"thumbnailUrl\" srcset=\"https:\/\/radiorevelacionfm.cl\/wp-content\/uploads\/2024\/02\/hogar-y-familia-3-1_optimized.jpeg 917w, https:\/\/radiorevelacionfm.cl\/wp-content\/uploads\/2024\/02\/hogar-y-familia-3-1_optimized-300x196.jpeg 300w, https:\/\/radiorevelacionfm.cl\/wp-content\/uploads\/2024\/02\/hogar-y-familia-3-1_optimized-768x503.jpeg 768w, https:\/\/radiorevelacionfm.cl\/wp-content\/uploads\/2024\/02\/hogar-y-familia-3-1_optimized-705x461.jpeg 705w, https:\/\/radiorevelacionfm.cl\/wp-content\/uploads\/2024\/02\/hogar-y-familia-3-1_optimized-450x294.jpeg 450w, https:\/\/radiorevelacionfm.cl\/wp-content\/uploads\/2024\/02\/hogar-y-familia-3-1_optimized-600x393.jpeg 600w\" sizes=\"(max-width: 917px) 100vw, 917px\" \/><\/div><\/div><\/div><\/div><div class=\"flex_column av_one_full  flex_column_div av-zero-column-padding first  avia-builder-el-2  el_after_av_one_full  el_before_av_one_full  column-top-margin\" style='border-radius:0px; '><section class=\"av_textblock_section \"  itemscope=\"itemscope\" itemtype=\"https:\/\/schema.org\/BlogPosting\" itemprop=\"blogPost\" ><div class='avia_textblock  '   itemprop=\"text\" ><p style=\"text-align: center;\"><strong><span style=\"font-size: 18pt;\">Confirman subsidios para 155 familias de Ays\u00e9n por m\u00e1s de $12 mil millones de pesos<\/span><\/strong><\/p>\n<div id=\"gtx-trans\" style=\"position: absolute; left: -50px; top: 4.31534px;\">\n<div class=\"gtx-trans-icon\"><\/div>\n<\/div>\n<\/div><\/section><\/div><div class=\"flex_column av_one_full  flex_column_div av-zero-column-padding first  avia-builder-el-4  el_after_av_one_full  el_before_av_hr  column-top-margin\" style='border-radius:0px; '><section class=\"av_textblock_section \"  itemscope=\"itemscope\" itemtype=\"https:\/\/schema.org\/BlogPosting\" itemprop=\"blogPost\" ><div class='avia_textblock  '   itemprop=\"text\" ><p style=\"text-align: justify;\">Una gran noticia fue la que entreg\u00f3 la Seremi de Vivienda, Paulina Ruz, a las dirigentas del proyecto habitacional \u201cHogar y Familia\u201d, conformado por los comit\u00e9s \u201cChimehuin\u201d que preside Ana Jopia, \u201cLa Revancha\u201d liderado por Margarita Escalona y \u201cLlave al Futuro\u201d dirigido por Deisy Chiguay. La autoridad sectorial les inform\u00f3 que se han aprobado los recursos para otorgar los subsidios a las 155 familias que son parte de estas tres organizaciones.<\/p>\n<p style=\"text-align: justify;\">Este es el resultado de un arduo trabajo de compromiso y acompa\u00f1amiento, donde junto a la Seremi de Vivienda, estuvo el Alcalde de la comuna de Ays\u00e9n, Julio Uribe, apoyando a los comit\u00e9s, realizando gestiones y donde la labor de los equipos de la entidad patrocinante municipal, del MINVU y las dirigentas fue primordial para avanzar y llegar a este importante punto del proyecto.<\/p>\n<p style=\"text-align: justify;\">\u201cRecibimos la noticia por parte de la Seremi, donde se adjudicaron los subsidios habitacionales tres comit\u00e9s de vivienda, con los que hemos estado trabajando hace ya un buen tiempo para la construcci\u00f3n de sus casas. Son 155 familias que se ven beneficiadas, en un lote de 5.5 hect\u00e1reas, donde se va a urbanizar, se va a construir una sede social, \u00e1reas verdes, as\u00ed es que, estamos muy contentos por esta noticia. Un trabajo bastante arduo, mucho compromiso de muchas partes, as\u00ed es que, felices por la noticia, felicitaciones al equipo, a las dirigentas tambi\u00e9n que componen este proyecto habitacional, tres comit\u00e9s, Chimehuin, La Revancha y Llave al Futuro\u201d, se\u00f1al\u00f3 Carolina Cifuentes, encargada de la entidad patrocinante municipal de Ays\u00e9n.<\/p>\n<p style=\"text-align: justify;\">Carolina Cifuentes, puso en valor el trabajo de todo el equipo de la entidad patrocinante, siempre en contacto directo con las dirigentas del proyecto habitacional, que significar\u00e1 una inversi\u00f3n de 12 mil millones de pesos.<\/p>\n<p style=\"text-align: justify;\">\u201cUn trabajo enorme, harta entrega por parte de todo el equipo que compone la entidad patrocinante, son aproximadamente 12 mil millones de pesos, que es una inversi\u00f3n muy grande, por lo tanto, esperamos que todo se desarrolle muy bien y que este a\u00f1o se pueda lograr la licitaci\u00f3n de ese proyecto. Las dirigentas muy comprometidas con sus comit\u00e9s, llevan hartos a\u00f1os siendo presidentas y respaldadas tambi\u00e9n por su gente, as\u00ed es que, se agradece la confianza en los profesionales de la Municipalidad, de la entidad patrocinante y que todo se llev\u00f3 a cabo de buena manera, con sus subsidios ya casi en las manos\u201d.<\/p>\n<p style=\"text-align: justify;\">Para Deisy Chiguay, presidenta del comit\u00e9 \u201cLlave al Futuro\u201d, la confirmaci\u00f3n de los recursos para los subsidios de las 155 familias, es el resultado de un trabajo en equipo, de ellos como organizaci\u00f3n, las autoridades comunales, regionales y el buen desempe\u00f1o de la entidad patrocinante municipal.<\/p>\n<p style=\"text-align: justify;\">\u201cTuvimos la grata noticia, despu\u00e9s de un trabajo excepcional que ha tenido nuestra entidad patrocinante con nuestro proyecto. En tiempo record se logr\u00f3 el compromiso de compra venta, las mec\u00e1nicas de suelo, la postulaci\u00f3n, el ingreso del ante proyecto, la calificaci\u00f3n para que podamos postular. Postulamos el 21 de diciembre y ahora tuvimos la grata noticia, una gran sorpresa, fue un momento muy emotivo, en el que nos informan que fuimos beneficiadas las 155 familias con los subsidios habitacionales. As\u00ed es que, muy contentos, esto ya es un piso para nosotros, es un nuevo comenzar, sabemos que viene harto trabajo aun, pero tenemos el apoyo, la confianza, que nuestra entidad patrocinante trabaja s\u00faper bien, son un gran equipo. Agradecer a las autoridades comunales y regionales que siempre han estado pendientes de nosotros y nos han apoyado con todas las gestiones\u201d.<\/p>\n<p style=\"text-align: justify;\">Ahora, se espera que en el transcurso de este 2024 se realice todo el proceso de licitaci\u00f3n, para dar inicio a la construcci\u00f3n del complejo habitacional \u201cHogar y Familia\u201d, que permitir\u00e1 beneficiar a 155 familias de Puerto Ays\u00e9n, urbanizar un nuevo espacio en la ciudad e invertir aproximadamente 12 mil millones de pesos.<\/p>\n<\/div><\/section><\/div><div  style='height:50px' class='hr hr-invisible   avia-builder-el-6  el_after_av_one_full  el_before_av_social_share '><span class='hr-inner ' ><span class='hr-inner-style'><\/span><\/span><\/div><\/p>\n<div  class='av-social-sharing-box  avia-builder-el-7  el_after_av_hr  el_before_av_hr  '><div class='av-share-box'><h5 class='av-share-link-description av-no-toc '>Compartir esta noticia<\/h5><ul class='av-share-box-list noLightbox'><li class='av-share-link av-social-link-facebook' ><a target=\"_blank\" aria-label=\"Compartir en Facebook\" href='https:\/\/www.facebook.com\/sharer.php?u=https:\/\/radiorevelacionfm.cl\/?p=39820&#038;t=Confirman%20subsidios%20para%20155%20familias%20de%20Ays%C3%A9n%20por%20m%C3%A1s%20de%20%2412%20mil%20millones%20de%20pesos' aria-hidden='false' data-av_icon='\ue8f3' data-av_iconfont='entypo-fontello' title='' data-avia-related-tooltip='Compartir en Facebook' rel=\"noopener\"><span class='avia_hidden_link_text'>Compartir en Facebook<\/span><\/a><\/li><li class='av-share-link av-social-link-twitter' ><a target=\"_blank\" aria-label=\"Compartir en Twitter\" href='https:\/\/twitter.com\/share?text=Confirman%20subsidios%20para%20155%20familias%20de%20Ays%C3%A9n%20por%20m%C3%A1s%20de%20%2412%20mil%20millones%20de%20pesos&#038;url=https:\/\/radiorevelacionfm.cl\/?p=39820' aria-hidden='false' data-av_icon='\ue8f1' data-av_iconfont='entypo-fontello' title='' data-avia-related-tooltip='Compartir en Twitter' rel=\"noopener\"><span class='avia_hidden_link_text'>Compartir en Twitter<\/span><\/a><\/li><li class='av-share-link av-social-link-whatsapp' ><a target=\"_blank\" aria-label=\"Compartir en Whatsapp\" href='https:\/\/api.whatsapp.com\/send?text=https:\/\/radiorevelacionfm.cl\/?p=39820' aria-hidden='false' data-av_icon='\uf232' data-av_iconfont='entypo-fontello' title='' data-avia-related-tooltip='Compartir en Whatsapp' rel=\"noopener\"><span class='avia_hidden_link_text'>Compartir en Whatsapp<\/span><\/a><\/li><li class='av-share-link av-social-link-linkedin' ><a target=\"_blank\" aria-label=\"Compartir en LinkedIn\" href='https:\/\/linkedin.com\/shareArticle?mini=true&#038;title=Confirman%20subsidios%20para%20155%20familias%20de%20Ays%C3%A9n%20por%20m%C3%A1s%20de%20%2412%20mil%20millones%20de%20pesos&#038;url=https:\/\/radiorevelacionfm.cl\/?p=39820' aria-hidden='false' data-av_icon='\ue8fc' data-av_iconfont='entypo-fontello' title='' data-avia-related-tooltip='Compartir en LinkedIn' rel=\"noopener\"><span class='avia_hidden_link_text'>Compartir en LinkedIn<\/span><\/a><\/li><li class='av-share-link av-social-link-mail' ><a  aria-label=\"Compartir por correo\" href='mailto:?subject=Confirman%20subsidios%20para%20155%20familias%20de%20Ays%C3%A9n%20por%20m%C3%A1s%20de%20%2412%20mil%20millones%20de%20pesos&#038;body=https:\/\/radiorevelacionfm.cl\/?p=39820' aria-hidden='false' data-av_icon='\ue805' data-av_iconfont='entypo-fontello' title='' data-avia-related-tooltip='Compartir por correo'><span class='avia_hidden_link_text'>Compartir por correo<\/span><\/a><\/li><\/ul><\/div><\/div>\n<div  style='height:50px' class='hr hr-invisible   avia-builder-el-8  el_after_av_social_share  el_before_av_comments_list '><span class='hr-inner ' ><span class='hr-inner-style'><\/span><\/span><\/div>\n<div  class='av-buildercomment  av-blog-meta-html-info-disabled av-blog-meta-tag-disabled  '><\/div>\n","protected":false},"excerpt":{"rendered":"","protected":false},"author":1,"featured_media":39821,"comment_status":"open","ping_status":"open","sticky":false,"template":"","format":"standard","meta":{"footnotes":""},"categories":[57],"tags":[],"class_list":["post-39820","post","type-post","status-publish","format-standard","has-post-thumbnail","hentry","category-vivienda"],"jetpack_featured_media_url":"https:\/\/radiorevelacionfm.cl\/wp-content\/uploads\/2024\/02\/hogar-y-familia-3-1_optimized.jpeg","_links":{"self":[{"href":"https:\/\/radiorevelacionfm.cl\/index.php?rest_route=\/wp\/v2\/posts\/39820","targetHints":{"allow":["GET"]}}],"collection":[{"href":"https:\/\/radiorevelacionfm.cl\/index.php?rest_route=\/wp\/v2\/posts"}],"about":[{"href":"https:\/\/radiorevelacionfm.cl\/index.php?rest_route=\/wp\/v2\/types\/post"}],"author":[{"embeddable":true,"href":"https:\/\/radiorevelacionfm.cl\/index.php?rest_route=\/wp\/v2\/users\/1"}],"replies":[{"embeddable":true,"href":"https:\/\/radiorevelacionfm.cl\/index.php?rest_route=%2Fwp%2Fv2%2Fcomments&post=39820"}],"version-history":[{"count":1,"href":"https:\/\/radiorevelacionfm.cl\/index.php?rest_route=\/wp\/v2\/posts\/39820\/revisions"}],"predecessor-version":[{"id":39822,"href":"https:\/\/radiorevelacionfm.cl\/index.php?rest_route=\/wp\/v2\/posts\/39820\/revisions\/39822"}],"wp:featuredmedia":[{"embeddable":true,"href":"https:\/\/radiorevelacionfm.cl\/index.php?rest_route=\/wp\/v2\/media\/39821"}],"wp:attachment":[{"href":"https:\/\/radiorevelacionfm.cl\/index.php?rest_route=%2Fwp%2Fv2%2Fmedia&parent=39820"}],"wp:term":[{"taxonomy":"category","embeddable":true,"href":"https:\/\/radiorevelacionfm.cl\/index.php?rest_route=%2Fwp%2Fv2%2Fcategories&post=39820"},{"taxonomy":"post_tag","embeddable":true,"href":"https:\/\/radiorevelacionfm.cl\/index.php?rest_route=%2Fwp%2Fv2%2Ftags&post=39820"}],"curies":[{"name":"wp","href":"https:\/\/api.w.org\/{rel}","templated":true}]}}