{"id":39817,"date":"2024-02-26T09:57:48","date_gmt":"2024-02-26T12:57:48","guid":{"rendered":"https:\/\/radiorevelacionfm.cl\/?p=39817"},"modified":"2024-02-26T09:57:48","modified_gmt":"2024-02-26T12:57:48","slug":"bach-en-la-ruta-el-personalizado-formato-que-pone-la-musica-clasica-al-alcance-del-lejano-publico-de-la-patagonia","status":"publish","type":"post","link":"https:\/\/radiorevelacionfm.cl\/?p=39817","title":{"rendered":"\u00abBach en la Ruta\u00bb: El personalizado formato que pone la m\u00fasica cl\u00e1sica al alcance del lejano p\u00fablico de la Patagonia"},"content":{"rendered":"<div class=\"flex_column av_one_full  flex_column_div av-zero-column-padding first  avia-builder-el-0  el_before_av_one_full  avia-builder-el-first  \" style='border-radius:0px; '><div  class='avia-image-container  av-styling-    avia-builder-el-1  avia-builder-el-no-sibling  avia-align-center '  itemprop=\"image\" itemscope=\"itemscope\" itemtype=\"https:\/\/schema.org\/ImageObject\"  ><div class='avia-image-container-inner'><div class='avia-image-overlay-wrap'><img decoding=\"async\" class='wp-image-39818 avia-img-lazy-loading-not-39818 avia_image' src=\"https:\/\/radiorevelacionfm.cl\/wp-content\/uploads\/2024\/02\/Bach-en-la-Ruta-5-1-1.jpeg\" alt='' title='Bach en la Ruta 5 (1) (1)' height=\"600\" width=\"800\"  itemprop=\"thumbnailUrl\" srcset=\"https:\/\/radiorevelacionfm.cl\/wp-content\/uploads\/2024\/02\/Bach-en-la-Ruta-5-1-1.jpeg 800w, https:\/\/radiorevelacionfm.cl\/wp-content\/uploads\/2024\/02\/Bach-en-la-Ruta-5-1-1-300x225.jpeg 300w, https:\/\/radiorevelacionfm.cl\/wp-content\/uploads\/2024\/02\/Bach-en-la-Ruta-5-1-1-768x576.jpeg 768w, https:\/\/radiorevelacionfm.cl\/wp-content\/uploads\/2024\/02\/Bach-en-la-Ruta-5-1-1-705x529.jpeg 705w, https:\/\/radiorevelacionfm.cl\/wp-content\/uploads\/2024\/02\/Bach-en-la-Ruta-5-1-1-450x338.jpeg 450w, https:\/\/radiorevelacionfm.cl\/wp-content\/uploads\/2024\/02\/Bach-en-la-Ruta-5-1-1-600x450.jpeg 600w\" sizes=\"(max-width: 800px) 100vw, 800px\" \/><\/div><\/div><\/div><\/div><div class=\"flex_column av_one_full  flex_column_div av-zero-column-padding first  avia-builder-el-2  el_after_av_one_full  el_before_av_one_full  column-top-margin\" style='border-radius:0px; '><section class=\"av_textblock_section \"  itemscope=\"itemscope\" itemtype=\"https:\/\/schema.org\/BlogPosting\" itemprop=\"blogPost\" ><div class='avia_textblock  '   itemprop=\"text\" ><p style=\"text-align: center;\"><span style=\"font-size: 18pt;\"><b><span lang=\"ES-TRAD\">\u00ab<i>Bach en la Ruta<\/i>\u00ab: El personalizado formato que pone la m\u00fasica cl\u00e1sica al alcance del lejano p\u00fablico de la Patagonia<\/span><\/b><\/span><\/p>\n<div id=\"gtx-trans\" style=\"position: absolute; left: -50px; top: 4.31534px;\">\n<div class=\"gtx-trans-icon\"><\/div>\n<\/div>\n<\/div><\/section><\/div><div class=\"flex_column av_one_full  flex_column_div av-zero-column-padding first  avia-builder-el-4  el_after_av_one_full  el_before_av_hr  column-top-margin\" style='border-radius:0px; '><section class=\"av_textblock_section \"  itemscope=\"itemscope\" itemtype=\"https:\/\/schema.org\/BlogPosting\" itemprop=\"blogPost\" ><div class='avia_textblock  '   itemprop=\"text\" ><p class=\"v1MsoNormal\" style=\"text-align: justify;\"><span lang=\"ES-TRAD\">Por tercer a\u00f1o consecutivo el maestro Mat\u00edas de Oliveira Pinto, junto a la artista regional Magdalena Rosas Ossa, recorri\u00f3 gran parte del sur de Ays\u00e9n llevando la m\u00fasica cl\u00e1sica en vivo a lugares y comunidades donde de otra forma \u00e9sta no llegar\u00eda. \u00ab<i>Bach en la Ruta<\/i>\u00bb se llama la propuesta, que combina la interpretaci\u00f3n en violonchelo de piezas tradicionales de Johan Sebasti\u00e1n Bach, compositor y director de orquesta alem\u00e1n de la \u00e9poca barroca.<\/span><\/p>\n<p class=\"v1MsoNormal\" style=\"text-align: justify;\"><span lang=\"ES-TRAD\">En esta ocasi\u00f3n la gira fue binacional, partiendo el 10 de febrero en Chile Chico, para seguir el domingo 11 en Los Antiguos (Argentina), el lunes 12 en Perito Moreno (Argentina) y el mi\u00e9rcoles 14 en Lago Posadas (Argentina). El viernes 16 se presentaron en Cochrane, el s\u00e1bado 17 en Puerto Bertrand, el domingo 18 en Puerto Guadal y el lunes 19 en Puerto R\u00edo Tranquilo.<\/span><\/p>\n<p class=\"v1MsoNormal\" style=\"text-align: justify;\"><span lang=\"ES-TRAD\">El periplo concluy\u00f3 el martes 20 de febrero en Coyhaique.<\/span><\/p>\n<p class=\"v1MsoNormal\" style=\"text-align: justify;\"><span lang=\"ES-TRAD\">\u00ab<i>\u00c9ste es un proyecto que llevamos haciendo durante tres a\u00f1os y que busca acercar la m\u00fasica a las comunidades que no tienen oportunidad de tener normalmente el conocimiento y la experiencia de este tipo de instrumentos, este tipo de repertorio y menos la oportunidad de ver un maestro del nivel de Mat\u00edas de Oliveira en acci\u00f3n<\/i>\u00bb se\u00f1al\u00f3\u00a0<b>Magdalena Rosas<\/b>. \u00ab<i>\u00c9l normalmente toca en lugares muy grandes, con orquestas muy grandes y esta oportunidad es \u00fanica<\/i>\u00bb agreg\u00f3.<\/span><\/p>\n<p class=\"v1MsoNormal\" style=\"text-align: justify;\"><span lang=\"ES-TRAD\">Explic\u00f3 la tambi\u00e9n concertista que incluso \u00ab<i>para nosotros como profesores, para m\u00ed como profesora en Coyhaique es una gran oportunidad de mejorar mi calidad, de aprender, de tener experiencias que en otras situaciones no podr\u00eda tener y es una manera para m\u00ed en lo personal de resistir ac\u00e1 en la regi\u00f3n, de poder decir se pueden hacer cosas, aunque somos una regi\u00f3n peque\u00f1a, aislada, igual se puede hacer cosas y tener acceso a experiencias como las que tenemos con &#8216;Bach en la Ruta&#8217; con Mat\u00edas<\/i>\u00ab.<\/span><\/p>\n<p class=\"v1MsoNormal\" style=\"text-align: justify;\"><b><span lang=\"ES-TRAD\">Mat\u00edas de Oliveira<\/span><\/b><span lang=\"ES-TRAD\"> destac\u00f3 en especial la forma en que se realizan los conciertos. \u00ab<i>Es un formato muy especial, de ir en di\u00e1logo con la comunidad, hablar con la gente. Es mucho m\u00e1s \u00edntimo. Uno ve, puede preguntar, as\u00ed que es un formato in\u00e9dito de alguna manera<\/i>\u00bb indic\u00f3. Esto, dado que en las presentaciones tradicionales el p\u00fablico no puede expresarse, por ello en la regi\u00f3n es \u00ab<i>mucho m\u00e1s personal, uno se aproxima con las explicaciones, se aproxima m\u00e1s a la m\u00fasica, la ve un poco desde el punto de vista del m\u00fasico tambi\u00e9n, eso es lo interesante<\/i>\u00ab.<\/span><\/p>\n<p class=\"v1MsoNormal\" style=\"text-align: justify;\"><span lang=\"ES-TRAD\">Asimismo, para el maestro es fundamental \u00ab<i>llevar la m\u00fasica cl\u00e1sica hasta donde no se hace mucha m\u00fasica cl\u00e1sica, creo que eso es el logro especial de este proyecto. Y en un nivel muy alto<\/i>\u00ab. En este sentido \u00ab<i>el repertorio es muy selecto, porque las suites de Bach es algo que es muy abstracto, no es una m\u00fasica que uno escucha todos los d\u00edas. No es que vamos a ir haciendo concesiones art\u00edsticas solo para tocar algo popular o algo as\u00ed.\u00a0\u00a0No, tocamos lo que nos parece mejor, lo m\u00e1s importante de la m\u00fasica. Llevar algo nuevo a la gente<\/i>\u00bb concluy\u00f3.<\/span><\/p>\n<p class=\"v1MsoNormal\" style=\"text-align: justify;\"><span lang=\"ES-TRAD\"><a href=\"https:\/\/www.uni-muenster.de\/Brasilienzentrum\/en\/aktuelles\/news\/2022\/Cooperation_wwu_ufrn_masterclass_for_strings.html\" target=\"_blank\" rel=\"noopener noreferrer\">Matias de Oliveira<\/a> es concertista en violonchelo, con presentaciones constantes en Estados Unidos, Europa, Asia y Sudam\u00e9rica. Es director art\u00edstico de los Festivales de Ouro Branco (Brasil) y Verden (Alemania). En Berl\u00edn realiza interpretaciones en la Filarm\u00f3nica, Konzerthaus, Appollo-Saal Der Staatsoper. Actualmente es docente de violonchelo en la Universidad de Munster y en la Universidad de las Artes de Berl\u00edn.<\/span><\/p>\n<p class=\"v1MsoNormal\" style=\"text-align: justify;\"><span lang=\"ES-TRAD\">Este 2024 fue uno de los invitados especiales de la\u00a0<a href=\"https:\/\/fimp.cl\/noticias\/desde-la-academia-hasta-el-escenario-el-fimp-2024-cierra-su-decima-edicion-con-una-celebracion-musical\/\" target=\"_blank\" rel=\"noopener noreferrer\">X edici\u00f3n del Festival Internacional de M\u00fasica en la Patagonia<\/a>, que se desarroll\u00f3 a principios de febrero en Coyhaique. Y en enero fue el <a href=\"https:\/\/radio45sur.cl\/2024\/01\/07\/el-lunes-8-de-enero-se-inicia-la-vi-version-de-patagonia-chelofest-2024\/\" target=\"_blank\" rel=\"noopener noreferrer\">director musical de la VI versi\u00f3n de Patagonia Chelofest<\/a>, tambi\u00e9n en la capital regional.\u00a0\u00a0<\/span><\/p>\n<p class=\"v1MsoNormal\" style=\"text-align: justify;\"><span lang=\"ES-TRAD\">Por ello el trasladarse hasta las localidades interiores tiene una relevancia especial.<\/span><\/p>\n<\/div><\/section><\/div><div  style='height:50px' class='hr hr-invisible   avia-builder-el-6  el_after_av_one_full  el_before_av_social_share '><span class='hr-inner ' ><span class='hr-inner-style'><\/span><\/span><\/div><\/p>\n<div  class='av-social-sharing-box  avia-builder-el-7  el_after_av_hr  el_before_av_hr  '><div class='av-share-box'><h5 class='av-share-link-description av-no-toc '>Compartir esta noticia<\/h5><ul class='av-share-box-list noLightbox'><li class='av-share-link av-social-link-facebook' ><a target=\"_blank\" aria-label=\"Compartir en Facebook\" href='https:\/\/www.facebook.com\/sharer.php?u=https:\/\/radiorevelacionfm.cl\/?p=39817&#038;t=%C2%ABBach%20en%20la%20Ruta%C2%BB%3A%20El%20personalizado%20formato%20que%20pone%20la%20m%C3%BAsica%20cl%C3%A1sica%20al%20alcance%20del%20lejano%20p%C3%BAblico%20de%20la%20Patagonia' aria-hidden='false' data-av_icon='\ue8f3' data-av_iconfont='entypo-fontello' title='' data-avia-related-tooltip='Compartir en Facebook' rel=\"noopener\"><span class='avia_hidden_link_text'>Compartir en Facebook<\/span><\/a><\/li><li class='av-share-link av-social-link-twitter' ><a target=\"_blank\" aria-label=\"Compartir en Twitter\" href='https:\/\/twitter.com\/share?text=%C2%ABBach%20en%20la%20Ruta%C2%BB%3A%20El%20personalizado%20formato%20que%20pone%20la%20m%C3%BAsica%20cl%C3%A1sica%20al%20alcance%20del%20lejano%20p%C3%BAblico%20de%20la%20Patagonia&#038;url=https:\/\/radiorevelacionfm.cl\/?p=39817' aria-hidden='false' data-av_icon='\ue8f1' data-av_iconfont='entypo-fontello' title='' data-avia-related-tooltip='Compartir en Twitter' rel=\"noopener\"><span class='avia_hidden_link_text'>Compartir en Twitter<\/span><\/a><\/li><li class='av-share-link av-social-link-whatsapp' ><a target=\"_blank\" aria-label=\"Compartir en Whatsapp\" href='https:\/\/api.whatsapp.com\/send?text=https:\/\/radiorevelacionfm.cl\/?p=39817' aria-hidden='false' data-av_icon='\uf232' data-av_iconfont='entypo-fontello' title='' data-avia-related-tooltip='Compartir en Whatsapp' rel=\"noopener\"><span class='avia_hidden_link_text'>Compartir en Whatsapp<\/span><\/a><\/li><li class='av-share-link av-social-link-linkedin' ><a target=\"_blank\" aria-label=\"Compartir en LinkedIn\" href='https:\/\/linkedin.com\/shareArticle?mini=true&#038;title=%C2%ABBach%20en%20la%20Ruta%C2%BB%3A%20El%20personalizado%20formato%20que%20pone%20la%20m%C3%BAsica%20cl%C3%A1sica%20al%20alcance%20del%20lejano%20p%C3%BAblico%20de%20la%20Patagonia&#038;url=https:\/\/radiorevelacionfm.cl\/?p=39817' aria-hidden='false' data-av_icon='\ue8fc' data-av_iconfont='entypo-fontello' title='' data-avia-related-tooltip='Compartir en LinkedIn' rel=\"noopener\"><span class='avia_hidden_link_text'>Compartir en LinkedIn<\/span><\/a><\/li><li class='av-share-link av-social-link-mail' ><a  aria-label=\"Compartir por correo\" href='mailto:?subject=%C2%ABBach%20en%20la%20Ruta%C2%BB%3A%20El%20personalizado%20formato%20que%20pone%20la%20m%C3%BAsica%20cl%C3%A1sica%20al%20alcance%20del%20lejano%20p%C3%BAblico%20de%20la%20Patagonia&#038;body=https:\/\/radiorevelacionfm.cl\/?p=39817' aria-hidden='false' data-av_icon='\ue805' data-av_iconfont='entypo-fontello' title='' data-avia-related-tooltip='Compartir por correo'><span class='avia_hidden_link_text'>Compartir por correo<\/span><\/a><\/li><\/ul><\/div><\/div>\n<div  style='height:50px' class='hr hr-invisible   avia-builder-el-8  el_after_av_social_share  el_before_av_comments_list '><span class='hr-inner ' ><span class='hr-inner-style'><\/span><\/span><\/div>\n<div  class='av-buildercomment  av-blog-meta-html-info-disabled av-blog-meta-tag-disabled  '><\/div>\n","protected":false},"excerpt":{"rendered":"","protected":false},"author":1,"featured_media":39818,"comment_status":"open","ping_status":"open","sticky":false,"template":"","format":"standard","meta":{"footnotes":""},"categories":[43],"tags":[],"class_list":["post-39817","post","type-post","status-publish","format-standard","has-post-thumbnail","hentry","category-musica"],"jetpack_featured_media_url":"https:\/\/radiorevelacionfm.cl\/wp-content\/uploads\/2024\/02\/Bach-en-la-Ruta-5-1-1.jpeg","_links":{"self":[{"href":"https:\/\/radiorevelacionfm.cl\/index.php?rest_route=\/wp\/v2\/posts\/39817","targetHints":{"allow":["GET"]}}],"collection":[{"href":"https:\/\/radiorevelacionfm.cl\/index.php?rest_route=\/wp\/v2\/posts"}],"about":[{"href":"https:\/\/radiorevelacionfm.cl\/index.php?rest_route=\/wp\/v2\/types\/post"}],"author":[{"embeddable":true,"href":"https:\/\/radiorevelacionfm.cl\/index.php?rest_route=\/wp\/v2\/users\/1"}],"replies":[{"embeddable":true,"href":"https:\/\/radiorevelacionfm.cl\/index.php?rest_route=%2Fwp%2Fv2%2Fcomments&post=39817"}],"version-history":[{"count":1,"href":"https:\/\/radiorevelacionfm.cl\/index.php?rest_route=\/wp\/v2\/posts\/39817\/revisions"}],"predecessor-version":[{"id":39819,"href":"https:\/\/radiorevelacionfm.cl\/index.php?rest_route=\/wp\/v2\/posts\/39817\/revisions\/39819"}],"wp:featuredmedia":[{"embeddable":true,"href":"https:\/\/radiorevelacionfm.cl\/index.php?rest_route=\/wp\/v2\/media\/39818"}],"wp:attachment":[{"href":"https:\/\/radiorevelacionfm.cl\/index.php?rest_route=%2Fwp%2Fv2%2Fmedia&parent=39817"}],"wp:term":[{"taxonomy":"category","embeddable":true,"href":"https:\/\/radiorevelacionfm.cl\/index.php?rest_route=%2Fwp%2Fv2%2Fcategories&post=39817"},{"taxonomy":"post_tag","embeddable":true,"href":"https:\/\/radiorevelacionfm.cl\/index.php?rest_route=%2Fwp%2Fv2%2Ftags&post=39817"}],"curies":[{"name":"wp","href":"https:\/\/api.w.org\/{rel}","templated":true}]}}