{"id":39814,"date":"2024-02-25T17:44:15","date_gmt":"2024-02-25T20:44:15","guid":{"rendered":"https:\/\/radiorevelacionfm.cl\/?p=39814"},"modified":"2024-02-25T17:44:15","modified_gmt":"2024-02-25T20:44:15","slug":"autoridades-coordinan-acciones-para-el-inicio-del-ano-escolar-2024","status":"publish","type":"post","link":"https:\/\/radiorevelacionfm.cl\/?p=39814","title":{"rendered":"Autoridades coordinan acciones para el inicio del A\u00f1o Escolar 2024"},"content":{"rendered":"<div class=\"flex_column av_one_full  flex_column_div av-zero-column-padding first  avia-builder-el-0  el_before_av_one_full  avia-builder-el-first  \" style='border-radius:0px; '><div  class='avia-image-container  av-styling-    avia-builder-el-1  avia-builder-el-no-sibling  avia-align-center '  itemprop=\"image\" itemscope=\"itemscope\" itemtype=\"https:\/\/schema.org\/ImageObject\"  ><div class='avia-image-container-inner'><div class='avia-image-overlay-wrap'><img decoding=\"async\" class='wp-image-39815 avia-img-lazy-loading-not-39815 avia_image' src=\"https:\/\/radiorevelacionfm.cl\/wp-content\/uploads\/2024\/02\/coord-inicio-ano-escolar-2024-1_optimized.jpg\" alt='' title='coord-inicio-a\u00f1o-escolar-2024-(1)_optimized' height=\"600\" width=\"900\"  itemprop=\"thumbnailUrl\" srcset=\"https:\/\/radiorevelacionfm.cl\/wp-content\/uploads\/2024\/02\/coord-inicio-ano-escolar-2024-1_optimized.jpg 900w, https:\/\/radiorevelacionfm.cl\/wp-content\/uploads\/2024\/02\/coord-inicio-ano-escolar-2024-1_optimized-300x200.jpg 300w, https:\/\/radiorevelacionfm.cl\/wp-content\/uploads\/2024\/02\/coord-inicio-ano-escolar-2024-1_optimized-768x512.jpg 768w, https:\/\/radiorevelacionfm.cl\/wp-content\/uploads\/2024\/02\/coord-inicio-ano-escolar-2024-1_optimized-705x470.jpg 705w, https:\/\/radiorevelacionfm.cl\/wp-content\/uploads\/2024\/02\/coord-inicio-ano-escolar-2024-1_optimized-450x300.jpg 450w, https:\/\/radiorevelacionfm.cl\/wp-content\/uploads\/2024\/02\/coord-inicio-ano-escolar-2024-1_optimized-600x400.jpg 600w\" sizes=\"(max-width: 900px) 100vw, 900px\" \/><\/div><\/div><\/div><\/div><div class=\"flex_column av_one_full  flex_column_div av-zero-column-padding first  avia-builder-el-2  el_after_av_one_full  el_before_av_one_full  column-top-margin\" style='border-radius:0px; '><section class=\"av_textblock_section \"  itemscope=\"itemscope\" itemtype=\"https:\/\/schema.org\/BlogPosting\" itemprop=\"blogPost\" ><div class='avia_textblock  '   itemprop=\"text\" ><p style=\"text-align: center;\"><span style=\"font-size: 18pt;\"><b>Autoridades coordinan acciones para el inicio del A\u00f1o Escolar 2024<\/b><\/span><\/p>\n<div id=\"gtx-trans\" style=\"position: absolute; left: -50px; top: 4.31534px;\">\n<div class=\"gtx-trans-icon\"><\/div>\n<\/div>\n<\/div><\/section><\/div><div class=\"flex_column av_one_full  flex_column_div av-zero-column-padding first  avia-builder-el-4  el_after_av_one_full  el_before_av_hr  column-top-margin\" style='border-radius:0px; '><section class=\"av_textblock_section \"  itemscope=\"itemscope\" itemtype=\"https:\/\/schema.org\/BlogPosting\" itemprop=\"blogPost\" ><div class='avia_textblock  '   itemprop=\"text\" ><p class=\"v1MsoNormal\" style=\"text-align: justify;\">El viernes 23 la\u00a0<a href=\"https:\/\/www.facebook.com\/IsabelGarridoCasassa?__cft__%5b0%5d=AZXbGX4cEvZaRQMKkSYCMKi3-oYYxUGSm99su99ezAz9ZKp87q-FCZR48SidvBXyCQrOECkPvD-Rk7-7zlkpNmvTCVkaRyC1yH366SZ9tpuH0GmA3aiR42ELHIsHaHr26FVcuzUAFp9cWaiaygdk4TrCXlSmoYwkYeo0OXBAnZFHsuY_H_ovL6Qw0cN2BzJ-AmE&amp;__tn__=-%5dK-R\" target=\"_blank\" rel=\"noopener noreferrer\">\u00a0Seremi de Educaci\u00f3n de\u00a0 Ays\u00e9n<\/a>\u00a0Isabel Garrido Casassa junto al Delegado Presidencial Regional Rodrigo Araya Morales lideraron una reuni\u00f3n de trabajo y coordinaci\u00f3n con miras al Inicio del A\u00f1o Escolar 2024, instancia que reuni\u00f3 a representantes diversas instituciones: Junji Ays\u00e9n,\u00a0<a href=\"https:\/\/www.facebook.com\/f.integra?__cft__%5b0%5d=AZXbGX4cEvZaRQMKkSYCMKi3-oYYxUGSm99su99ezAz9ZKp87q-FCZR48SidvBXyCQrOECkPvD-Rk7-7zlkpNmvTCVkaRyC1yH366SZ9tpuH0GmA3aiR42ELHIsHaHr26FVcuzUAFp9cWaiaygdk4TrCXlSmoYwkYeo0OXBAnZFHsuY_H_ovL6Qw0cN2BzJ-AmE&amp;__tn__=-%5dK-R\" target=\"_blank\" rel=\"noopener noreferrer\">Fundaci\u00f3n Integra<\/a>,\u00a0<a href=\"https:\/\/www.facebook.com\/JunaebRegionAysen?__cft__%5b0%5d=AZXbGX4cEvZaRQMKkSYCMKi3-oYYxUGSm99su99ezAz9ZKp87q-FCZR48SidvBXyCQrOECkPvD-Rk7-7zlkpNmvTCVkaRyC1yH366SZ9tpuH0GmA3aiR42ELHIsHaHr26FVcuzUAFp9cWaiaygdk4TrCXlSmoYwkYeo0OXBAnZFHsuY_H_ovL6Qw0cN2BzJ-AmE&amp;__tn__=-%5dK-R\" target=\"_blank\" rel=\"noopener noreferrer\">Junaeb Ays\u00e9n<\/a>, Slep Ays\u00e9n, Seremi de Trasportes y Telecomunicaciones,\u00a0<a href=\"https:\/\/www.facebook.com\/SeremiSaludAysen?__cft__%5b0%5d=AZXbGX4cEvZaRQMKkSYCMKi3-oYYxUGSm99su99ezAz9ZKp87q-FCZR48SidvBXyCQrOECkPvD-Rk7-7zlkpNmvTCVkaRyC1yH366SZ9tpuH0GmA3aiR42ELHIsHaHr26FVcuzUAFp9cWaiaygdk4TrCXlSmoYwkYeo0OXBAnZFHsuY_H_ovL6Qw0cN2BzJ-AmE&amp;__tn__=-%5dK-R\" target=\"_blank\" rel=\"noopener noreferrer\">Seremi de Salud Ays\u00e9n<\/a>, Carabineros de Chile, y Seremi de Gobierno.<\/p>\n<p class=\"v1MsoNormal\" style=\"text-align: justify;\">El objetivo de este encuentro fue coordinar acciones para asegurar que est\u00e9n las condiciones \u00f3ptimas para que inicien clases este martes 05 de marzo las y los estudiantes desde Prekinder a IV Medio de la regi\u00f3n, de acuerdo a lo establecido en el Calendario Escolar 2024.<\/p>\n<p class=\"v1MsoNormal\" style=\"text-align: justify;\">As\u00ed lo destac\u00f3 el Delegado Rodrigo Araya Morales:\u00a0\u00abLa educaci\u00f3n constituye un elemento vital para reducir desigualdades y fortalecer a las comunidades. Por eso estamos abocados a la articulaci\u00f3n de los servicios p\u00fablicos e instituciones, involucradas en asegurar las condiciones para que cada estudiante se desarrolle integralmente\u00bb.<\/p>\n<p class=\"v1MsoNormal\" style=\"text-align: justify;\">Por su parte, \u00a0la Seremi Isabel Garrido detall\u00f3: \u00abEstuvimos preparando el inicio del a\u00f1o escolar con distintas instituciones relacionadas al \u00e1rea educativa, coordinando temas de transporte, alimentaci\u00f3n, infraestructura, entre otros aspectos relevantes. Constatamos que estamos preparados y listos para este martes 05 de marzo recibir a las y los estudiantes en los establecimientos educativos\u00bb.<\/p>\n<p class=\"v1MsoNormal\" style=\"text-align: justify;\">Isabel Garrido se\u00f1al\u00f3 que \u00abEste a\u00f1o es muy especial ya que inicia su funcionamiento la Nueva Educaci\u00f3n P\u00fablica en la Regi\u00f3n de Ays\u00e9n con la puesta en marcha del Servicio Local de Educaci\u00f3n P\u00fablica Slep Ays\u00e9n y quiero enviar un mensaje a las y los estudiantes con energ\u00eda positiva e invitarles a asistir a clases ya que estamos en un proceso de reactivaci\u00f3n educativa y recuperaci\u00f3n de la asistencia y por ello es clave que nuestras y nuestros estudiantes asistan a clases\u00bb.<\/p>\n<\/div><\/section><\/div><div  style='height:50px' class='hr hr-invisible   avia-builder-el-6  el_after_av_one_full  el_before_av_social_share '><span class='hr-inner ' ><span class='hr-inner-style'><\/span><\/span><\/div><\/p>\n<div  class='av-social-sharing-box  avia-builder-el-7  el_after_av_hr  el_before_av_hr  '><div class='av-share-box'><h5 class='av-share-link-description av-no-toc '>Compartir esta noticia<\/h5><ul class='av-share-box-list noLightbox'><li class='av-share-link av-social-link-facebook' ><a target=\"_blank\" aria-label=\"Compartir en Facebook\" href='https:\/\/www.facebook.com\/sharer.php?u=https:\/\/radiorevelacionfm.cl\/?p=39814&#038;t=Autoridades%20coordinan%20acciones%20para%20el%20inicio%20del%20A%C3%B1o%20Escolar%202024' aria-hidden='false' data-av_icon='\ue8f3' data-av_iconfont='entypo-fontello' title='' data-avia-related-tooltip='Compartir en Facebook' rel=\"noopener\"><span class='avia_hidden_link_text'>Compartir en Facebook<\/span><\/a><\/li><li class='av-share-link av-social-link-twitter' ><a target=\"_blank\" aria-label=\"Compartir en Twitter\" href='https:\/\/twitter.com\/share?text=Autoridades%20coordinan%20acciones%20para%20el%20inicio%20del%20A%C3%B1o%20Escolar%202024&#038;url=https:\/\/radiorevelacionfm.cl\/?p=39814' aria-hidden='false' data-av_icon='\ue8f1' data-av_iconfont='entypo-fontello' title='' data-avia-related-tooltip='Compartir en Twitter' rel=\"noopener\"><span class='avia_hidden_link_text'>Compartir en Twitter<\/span><\/a><\/li><li class='av-share-link av-social-link-whatsapp' ><a target=\"_blank\" aria-label=\"Compartir en Whatsapp\" href='https:\/\/api.whatsapp.com\/send?text=https:\/\/radiorevelacionfm.cl\/?p=39814' aria-hidden='false' data-av_icon='\uf232' data-av_iconfont='entypo-fontello' title='' data-avia-related-tooltip='Compartir en Whatsapp' rel=\"noopener\"><span class='avia_hidden_link_text'>Compartir en Whatsapp<\/span><\/a><\/li><li class='av-share-link av-social-link-linkedin' ><a target=\"_blank\" aria-label=\"Compartir en LinkedIn\" href='https:\/\/linkedin.com\/shareArticle?mini=true&#038;title=Autoridades%20coordinan%20acciones%20para%20el%20inicio%20del%20A%C3%B1o%20Escolar%202024&#038;url=https:\/\/radiorevelacionfm.cl\/?p=39814' aria-hidden='false' data-av_icon='\ue8fc' data-av_iconfont='entypo-fontello' title='' data-avia-related-tooltip='Compartir en LinkedIn' rel=\"noopener\"><span class='avia_hidden_link_text'>Compartir en LinkedIn<\/span><\/a><\/li><li class='av-share-link av-social-link-mail' ><a  aria-label=\"Compartir por correo\" href='mailto:?subject=Autoridades%20coordinan%20acciones%20para%20el%20inicio%20del%20A%C3%B1o%20Escolar%202024&#038;body=https:\/\/radiorevelacionfm.cl\/?p=39814' aria-hidden='false' data-av_icon='\ue805' data-av_iconfont='entypo-fontello' title='' data-avia-related-tooltip='Compartir por correo'><span class='avia_hidden_link_text'>Compartir por correo<\/span><\/a><\/li><\/ul><\/div><\/div>\n<div  style='height:50px' class='hr hr-invisible   avia-builder-el-8  el_after_av_social_share  el_before_av_comments_list '><span class='hr-inner ' ><span class='hr-inner-style'><\/span><\/span><\/div>\n<div  class='av-buildercomment  av-blog-meta-html-info-disabled av-blog-meta-tag-disabled  '><\/div>\n","protected":false},"excerpt":{"rendered":"","protected":false},"author":1,"featured_media":39815,"comment_status":"open","ping_status":"open","sticky":false,"template":"","format":"standard","meta":{"footnotes":""},"categories":[49],"tags":[],"class_list":["post-39814","post","type-post","status-publish","format-standard","has-post-thumbnail","hentry","category-educacion"],"jetpack_featured_media_url":"https:\/\/radiorevelacionfm.cl\/wp-content\/uploads\/2024\/02\/coord-inicio-ano-escolar-2024-1_optimized.jpg","_links":{"self":[{"href":"https:\/\/radiorevelacionfm.cl\/index.php?rest_route=\/wp\/v2\/posts\/39814","targetHints":{"allow":["GET"]}}],"collection":[{"href":"https:\/\/radiorevelacionfm.cl\/index.php?rest_route=\/wp\/v2\/posts"}],"about":[{"href":"https:\/\/radiorevelacionfm.cl\/index.php?rest_route=\/wp\/v2\/types\/post"}],"author":[{"embeddable":true,"href":"https:\/\/radiorevelacionfm.cl\/index.php?rest_route=\/wp\/v2\/users\/1"}],"replies":[{"embeddable":true,"href":"https:\/\/radiorevelacionfm.cl\/index.php?rest_route=%2Fwp%2Fv2%2Fcomments&post=39814"}],"version-history":[{"count":1,"href":"https:\/\/radiorevelacionfm.cl\/index.php?rest_route=\/wp\/v2\/posts\/39814\/revisions"}],"predecessor-version":[{"id":39816,"href":"https:\/\/radiorevelacionfm.cl\/index.php?rest_route=\/wp\/v2\/posts\/39814\/revisions\/39816"}],"wp:featuredmedia":[{"embeddable":true,"href":"https:\/\/radiorevelacionfm.cl\/index.php?rest_route=\/wp\/v2\/media\/39815"}],"wp:attachment":[{"href":"https:\/\/radiorevelacionfm.cl\/index.php?rest_route=%2Fwp%2Fv2%2Fmedia&parent=39814"}],"wp:term":[{"taxonomy":"category","embeddable":true,"href":"https:\/\/radiorevelacionfm.cl\/index.php?rest_route=%2Fwp%2Fv2%2Fcategories&post=39814"},{"taxonomy":"post_tag","embeddable":true,"href":"https:\/\/radiorevelacionfm.cl\/index.php?rest_route=%2Fwp%2Fv2%2Ftags&post=39814"}],"curies":[{"name":"wp","href":"https:\/\/api.w.org\/{rel}","templated":true}]}}