{"id":39811,"date":"2024-02-25T12:59:06","date_gmt":"2024-02-25T15:59:06","guid":{"rendered":"https:\/\/radiorevelacionfm.cl\/?p=39811"},"modified":"2024-02-25T12:59:06","modified_gmt":"2024-02-25T15:59:06","slug":"ecmpos-la-lucha-por-proteger-los-recursos-marinos-para-proveer-el-sustento-de-los-pescadores-artesanales-de-aysen","status":"publish","type":"post","link":"https:\/\/radiorevelacionfm.cl\/?p=39811","title":{"rendered":"ECMPOs: La lucha por proteger los recursos marinos para proveer el sustento de los pescadores artesanales de Ays\u00e9n"},"content":{"rendered":"<div class=\"flex_column av_one_full  flex_column_div av-zero-column-padding first  avia-builder-el-0  el_before_av_one_full  avia-builder-el-first  \" style='border-radius:0px; '><div  class='avia-image-container  av-styling-    avia-builder-el-1  avia-builder-el-no-sibling  avia-align-center '  itemprop=\"image\" itemscope=\"itemscope\" itemtype=\"https:\/\/schema.org\/ImageObject\"  ><div class='avia-image-container-inner'><div class='avia-image-overlay-wrap'><img decoding=\"async\" class='wp-image-39812 avia-img-lazy-loading-not-39812 avia_image' src=\"https:\/\/radiorevelacionfm.cl\/wp-content\/uploads\/2024\/02\/pesca-artesanal-2-1_optimized.jpg\" alt='' title='pesca-artesanal-2-(1)_optimized' height=\"600\" width=\"800\"  itemprop=\"thumbnailUrl\" srcset=\"https:\/\/radiorevelacionfm.cl\/wp-content\/uploads\/2024\/02\/pesca-artesanal-2-1_optimized.jpg 800w, https:\/\/radiorevelacionfm.cl\/wp-content\/uploads\/2024\/02\/pesca-artesanal-2-1_optimized-300x225.jpg 300w, https:\/\/radiorevelacionfm.cl\/wp-content\/uploads\/2024\/02\/pesca-artesanal-2-1_optimized-768x576.jpg 768w, https:\/\/radiorevelacionfm.cl\/wp-content\/uploads\/2024\/02\/pesca-artesanal-2-1_optimized-705x529.jpg 705w, https:\/\/radiorevelacionfm.cl\/wp-content\/uploads\/2024\/02\/pesca-artesanal-2-1_optimized-450x338.jpg 450w, https:\/\/radiorevelacionfm.cl\/wp-content\/uploads\/2024\/02\/pesca-artesanal-2-1_optimized-600x450.jpg 600w\" sizes=\"(max-width: 800px) 100vw, 800px\" \/><\/div><\/div><\/div><\/div><div class=\"flex_column av_one_full  flex_column_div av-zero-column-padding first  avia-builder-el-2  el_after_av_one_full  el_before_av_one_full  column-top-margin\" style='border-radius:0px; '><section class=\"av_textblock_section \"  itemscope=\"itemscope\" itemtype=\"https:\/\/schema.org\/BlogPosting\" itemprop=\"blogPost\" ><div class='avia_textblock  '   itemprop=\"text\" ><p style=\"text-align: center;\"><span style=\"font-size: 18pt;\"><b><span lang=\"ES-TRAD\">ECMPOs: La lucha por proteger los recursos marinos para proveer el sustento de los pescadores artesanales de Ays\u00e9n<\/span><\/b><\/span><\/p>\n<div id=\"gtx-trans\" style=\"position: absolute; left: -50px; top: 4.31534px;\">\n<div class=\"gtx-trans-icon\"><\/div>\n<\/div>\n<\/div><\/section><\/div><div class=\"flex_column av_one_full  flex_column_div av-zero-column-padding first  avia-builder-el-4  el_after_av_one_full  el_before_av_hr  column-top-margin\" style='border-radius:0px; '><section class=\"av_textblock_section \"  itemscope=\"itemscope\" itemtype=\"https:\/\/schema.org\/BlogPosting\" itemprop=\"blogPost\" ><div class='avia_textblock  '   itemprop=\"text\" ><p style=\"text-align: justify;\"><i><span lang=\"ES-TRAD\">Dirigentes de la pesca y pobladores de Melinka se\u00f1alan que en la constituci\u00f3n de los Espacios Costeros Marinos de Pueblos Originarios el fondo no tendr\u00eda relaci\u00f3n, espec\u00edficamente, con la salmonicultura, sino prepararse ante los cambios que se est\u00e1n planteando con la macrozonificaci\u00f3n pesquera y la presi\u00f3n por los bancos naturales del \u00e1rea.<\/span><\/i><\/p>\n<p class=\"v1MsoNormal\" style=\"text-align: justify;\"><span lang=\"ES-TRAD\">El presidente de una de las federaciones independientes de la flota norte de pescadores artesanales de Ays\u00e9n,<span class=\"v1gmail-Apple-converted-space\">\u00a0<\/span><b>Juan Carlos Torres<\/b>, expres\u00f3 que a la luz de la presi\u00f3n actual sobre los recursos hidrobiol\u00f3gicos de la regi\u00f3n, los Espacios Costeros Marinos de Pueblos Originarios (ECMPO) se transforman en las \u00fanicas herramientas para resguardar el sustento de los pescadores artesanales a futuro, un 80 % de los cuales pertenece a los pueblos originarios.<\/span><\/p>\n<p class=\"v1MsoNormal\" style=\"text-align: justify;\"><span lang=\"ES-TRAD\">El dirigente se\u00f1al\u00f3 esto en el marco de la discusi\u00f3n que se ha generado en el seno de la Comisi\u00f3n Regional de Uso del Borde Costero por la constituci\u00f3n de este tipo de instrumentos, lo que se debiera resolver el 29 de febrero.<\/span><\/p>\n<p class=\"v1MsoNormal\" style=\"text-align: justify;\"><span lang=\"ES-TRAD\">Sobre las solicitudes, expres\u00f3 que \u00ab<i>nosotros hemos seguido muy atentos en todas las exposiciones que ha hecho CONADI, hemos conversado con las comunidades y hemos llegado a la conclusi\u00f3n que la \u00fanica alternativa que tenemos de poder resguardar lo \u00faltimo y poquito nada que queda de recursos semilleros del planeta, que est\u00e1 al otro lado del Moraleda<\/i>\u00ab.<\/span><\/p>\n<p class=\"v1MsoNormal\" style=\"text-align: justify;\"><span lang=\"ES-TRAD\">El hist\u00f3rico dirigente agreg\u00f3 que \u00ab<i>hay que proteger lo \u00faltimo que est\u00e1 quedando en el sur del mundo. Cuando se entregaron las 110 mil hect\u00e1reas a la industria salmonera por las triple A, no le consultaron a nadie<\/i>\u00ab.\u00a0<\/span><\/p>\n<p class=\"v1MsoNormal\" style=\"text-align: justify;\"><span lang=\"ES-TRAD\">\u00ab<i>Hoy d\u00eda est\u00e1n todos asustados porque queremos proteger, queremos sobrevivir. A nuestra edad y la de nuestros compa\u00f1eros, tal como yo a los 57 a\u00f1os, de los 50 para arriba no tenemos ninguna esperanza que nos den trabajo laboral en ninguna parte. Hay que reconsiderar el sacrificio humano que hemos tenido, que seguimos teniendo. En esta privatizaci\u00f3n del mar, donde se est\u00e1n vendiendo las islas que se est\u00e1 entregando todas, intentamos que quedemos con algo para poder seguir sobreviviendo<\/i>\u00bb puntualiz\u00f3.<\/span><\/p>\n<p class=\"v1MsoNormal\" style=\"text-align: justify;\"><b><span lang=\"ES-TRAD\">Voces del litoral<\/span><\/b><\/p>\n<p class=\"v1MsoNormal\" style=\"text-align: justify;\"><span lang=\"ES-TRAD\">En el Melinka coinciden en que las ECMPOs es la \u00ab<i>\u00fanica oportunidad<\/i>\u00bb que resta hoy para proteger los recursos hidrobiol\u00f3gicos para la pesca artesanal consuetudinaria de Ays\u00e9n, ante las amenazas que se proyectan por la entrega del maritorio a una futura macrozona austral.\u00a0<span class=\"v1gmail-Apple-converted-space\">\u00a0<\/span><\/span><\/p>\n<p class=\"v1MsoNormal\" style=\"text-align: justify;\"><span lang=\"ES-TRAD\">Los hombres y mujeres de mar aludieron espec\u00edficamente a las discusiones en torno a las macrozonas (Los Lagos, Ays\u00e9n y Magallanes pertenecen al sur austral), que se incluyen en la modificaci\u00f3n a la<span class=\"v1gmail-Apple-converted-space\">\u00a0<\/span><a href=\"https:\/\/www.gob.cl\/noticias\/presentacion-proyecto-nueva-ley-pesca-en-que-consiste\/\" target=\"_blank\" rel=\"noopener noreferrer\">Ley de Pesca<\/a>\u00a0(presentada en diciembre por el gobierno) y la<span class=\"v1gmail-Apple-converted-space\">\u00a0<\/span><a href=\"https:\/\/www.terram.cl\/2023\/07\/el-estrecho-margen-con-que-llegan-las-salmoneras-al-debate-por-nueva-ley-de-acuicultura\/\" target=\"_blank\" rel=\"noopener noreferrer\">futura Ley de Acuicultura<\/a>, que habilitar\u00edan definitivamente el ingreso al mar y litoral de Ays\u00e9n tanto de la pesca extractiva industrial, junto a buzos y pescadores de otras regiones, como el caso de Los Lagos. En su visi\u00f3n, uno de los \u00fanicos mecanismos que queda es apoyar herramientas como las ECMPOs para salvaguardar los usos tradicionales de los pescadores artesanales de la regi\u00f3n.<\/span><\/p>\n<p class=\"v1MsoNormal\" style=\"text-align: justify;\"><b><span lang=\"ES-TRAD\">Juan Ca\u00f1icul Pichipil<\/span><\/b><span lang=\"ES-TRAD\"><span class=\"v1gmail-Apple-converted-space\">\u00a0<\/span>es parte de la Comunidad Pu Wapi de Melinka, una de las que est\u00e1 solicitando la ECMPO Cisnes. En su visi\u00f3n, \u00ab<i>es la \u00fanica f\u00f3rmula que nos queda hasta el momento para defendernos de lo que se nos viene a futuro<\/i>\u00ab. Esto, en su visi\u00f3n, dado que si no se toman medidas como las ECMPO para proteger los usos consuetudinarios, \u00ab<i>aqu\u00ed vamos a perder todos juntos. No van a haber ganadores. Vamos a ser todos perdedore<\/i>\u00ab.<\/span><\/p>\n<p class=\"v1MsoNormal\" style=\"text-align: justify;\"><span lang=\"ES-TRAD\">El pescador indic\u00f3 que la Ley Lafkenche es una efectiva alternativa para salvaguardar la subsistencia futura del sector, la cual est\u00e1 siendo torpedeada desde la gran industria.<\/span><\/p>\n<p class=\"v1MsoNormal\" style=\"text-align: justify;\"><span lang=\"ES-TRAD\">Para<span class=\"v1gmail-Apple-converted-space\">\u00a0<\/span><b>Armando Ruiz Remolcoy<\/b>, tambi\u00e9n de la comunidad Pu Wapi, \u00ab<i>si no se cumple ese negocio, estamos mal, porque viene la macrozona, hay una nueva Ley de Pesca que est\u00e1n tirando. Entonces no vamos a tener nada, vamos a perder todo<\/i>\u00ab.<\/span><\/p>\n<p class=\"v1MsoNormal\" style=\"text-align: justify;\"><span lang=\"ES-TRAD\">Tambi\u00e9n de Melinka es<b><span class=\"v1gmail-Apple-converted-space\">\u00a0<\/span>Patricia Mart\u00ednez Gallardo<\/b>, quien explic\u00f3 que la idea es \u00ab<i>proteger nuestras \u00e1reas mar\u00edtimas, porque yo pertenezco a la comunidad ind\u00edgena. Proteger nuestras \u00e1reas mar\u00edtimas para poder trabajar en ellas, aunque quiz\u00e1s para nosotros que ya tenemos unos cuantos a\u00f1os no va a ser tan factible, pero s\u00ed para nuestros nietos e hijos, para que podamos hacer uso como corresponde de las \u00e1reas mar\u00edtimas<\/i>\u00ab.\u00a0<span class=\"v1gmail-Apple-converted-space\">\u00a0<\/span><\/span><\/p>\n<p class=\"v1MsoNormal\" style=\"text-align: justify;\"><b><span lang=\"ES-TRAD\">Elsa Puinao Haro<\/span><\/b><span lang=\"ES-TRAD\"><span class=\"v1gmail-Apple-converted-space\">\u00a0<\/span>es \u00ab<i>nacida y crecida ac\u00e1 en Melinka. La ECMPO es el \u00fanico salvavidas que tenemos en este minuto. Debemos pensar al largo plazo. Se vienen las macrozonas donde ya est\u00e1 dise\u00f1ado y nos van a colapsar nuestros productos, aqu\u00ed en nuestra regi\u00f3n. No tenemos por qu\u00e9 pelear aqu\u00ed en nuestra regi\u00f3n, tenemos que unirnos. Tenemos que unirnos para que enfrentemos el enemigo grande que se viene m\u00e1s adelante<\/i>\u00ab.<\/span><\/p>\n<p class=\"v1MsoNormal\" style=\"text-align: justify;\"><span lang=\"ES-TRAD\">Agreg\u00f3 que \u00ab<i>tenemos que vivir todos como buenos vecinos, salmoneros, turismo, todos en nuestra regi\u00f3n. Y tenemos que resguardarnos ante el enemigo grande que viene m\u00e1s adelante, porque nuestro pa\u00eds se va a dividir entre las regiones mar\u00edtimas<\/i>\u00ab. En este sentido indic\u00f3 que \u00ab<i>no peleemos entre nosotros con salmoneras, pero tenemos que unirnos, tenemos que saber convivir como vecinos. Las salmoneras ya est\u00e1n, los trabajadores est\u00e1n, a nadie tampoco le va a gustar que echen una salmonera, porque es un potencial que tenemos en nuestra regi\u00f3n<\/i>\u00ab<\/span>.<\/p>\n<\/div><\/section><\/div><div  style='height:50px' class='hr hr-invisible   avia-builder-el-6  el_after_av_one_full  el_before_av_social_share '><span class='hr-inner ' ><span class='hr-inner-style'><\/span><\/span><\/div><\/p>\n<div  class='av-social-sharing-box  avia-builder-el-7  el_after_av_hr  el_before_av_hr  '><div class='av-share-box'><h5 class='av-share-link-description av-no-toc '>Compartir esta noticia<\/h5><ul class='av-share-box-list noLightbox'><li class='av-share-link av-social-link-facebook' ><a target=\"_blank\" aria-label=\"Compartir en Facebook\" href='https:\/\/www.facebook.com\/sharer.php?u=https:\/\/radiorevelacionfm.cl\/?p=39811&#038;t=ECMPOs%3A%20La%20lucha%20por%20proteger%20los%20recursos%20marinos%20para%20proveer%20el%20sustento%20de%20los%20pescadores%20artesanales%20de%20Ays%C3%A9n' aria-hidden='false' data-av_icon='\ue8f3' data-av_iconfont='entypo-fontello' title='' data-avia-related-tooltip='Compartir en Facebook' rel=\"noopener\"><span class='avia_hidden_link_text'>Compartir en Facebook<\/span><\/a><\/li><li class='av-share-link av-social-link-twitter' ><a target=\"_blank\" aria-label=\"Compartir en Twitter\" href='https:\/\/twitter.com\/share?text=ECMPOs%3A%20La%20lucha%20por%20proteger%20los%20recursos%20marinos%20para%20proveer%20el%20sustento%20de%20los%20pescadores%20artesanales%20de%20Ays%C3%A9n&#038;url=https:\/\/radiorevelacionfm.cl\/?p=39811' aria-hidden='false' data-av_icon='\ue8f1' data-av_iconfont='entypo-fontello' title='' data-avia-related-tooltip='Compartir en Twitter' rel=\"noopener\"><span class='avia_hidden_link_text'>Compartir en Twitter<\/span><\/a><\/li><li class='av-share-link av-social-link-whatsapp' ><a target=\"_blank\" aria-label=\"Compartir en Whatsapp\" href='https:\/\/api.whatsapp.com\/send?text=https:\/\/radiorevelacionfm.cl\/?p=39811' aria-hidden='false' data-av_icon='\uf232' data-av_iconfont='entypo-fontello' title='' data-avia-related-tooltip='Compartir en Whatsapp' rel=\"noopener\"><span class='avia_hidden_link_text'>Compartir en Whatsapp<\/span><\/a><\/li><li class='av-share-link av-social-link-linkedin' ><a target=\"_blank\" aria-label=\"Compartir en LinkedIn\" href='https:\/\/linkedin.com\/shareArticle?mini=true&#038;title=ECMPOs%3A%20La%20lucha%20por%20proteger%20los%20recursos%20marinos%20para%20proveer%20el%20sustento%20de%20los%20pescadores%20artesanales%20de%20Ays%C3%A9n&#038;url=https:\/\/radiorevelacionfm.cl\/?p=39811' aria-hidden='false' data-av_icon='\ue8fc' data-av_iconfont='entypo-fontello' title='' data-avia-related-tooltip='Compartir en LinkedIn' rel=\"noopener\"><span class='avia_hidden_link_text'>Compartir en LinkedIn<\/span><\/a><\/li><li class='av-share-link av-social-link-mail' ><a  aria-label=\"Compartir por correo\" href='mailto:?subject=ECMPOs%3A%20La%20lucha%20por%20proteger%20los%20recursos%20marinos%20para%20proveer%20el%20sustento%20de%20los%20pescadores%20artesanales%20de%20Ays%C3%A9n&#038;body=https:\/\/radiorevelacionfm.cl\/?p=39811' aria-hidden='false' data-av_icon='\ue805' data-av_iconfont='entypo-fontello' title='' data-avia-related-tooltip='Compartir por correo'><span class='avia_hidden_link_text'>Compartir por correo<\/span><\/a><\/li><\/ul><\/div><\/div>\n<div  style='height:50px' class='hr hr-invisible   avia-builder-el-8  el_after_av_social_share  el_before_av_comments_list '><span class='hr-inner ' ><span class='hr-inner-style'><\/span><\/span><\/div>\n<div  class='av-buildercomment  av-blog-meta-html-info-disabled av-blog-meta-tag-disabled  '><\/div>\n","protected":false},"excerpt":{"rendered":"","protected":false},"author":1,"featured_media":39812,"comment_status":"open","ping_status":"open","sticky":false,"template":"","format":"standard","meta":{"footnotes":""},"categories":[38],"tags":[],"class_list":["post-39811","post","type-post","status-publish","format-standard","has-post-thumbnail","hentry","category-regional"],"jetpack_featured_media_url":"https:\/\/radiorevelacionfm.cl\/wp-content\/uploads\/2024\/02\/pesca-artesanal-2-1_optimized.jpg","_links":{"self":[{"href":"https:\/\/radiorevelacionfm.cl\/index.php?rest_route=\/wp\/v2\/posts\/39811","targetHints":{"allow":["GET"]}}],"collection":[{"href":"https:\/\/radiorevelacionfm.cl\/index.php?rest_route=\/wp\/v2\/posts"}],"about":[{"href":"https:\/\/radiorevelacionfm.cl\/index.php?rest_route=\/wp\/v2\/types\/post"}],"author":[{"embeddable":true,"href":"https:\/\/radiorevelacionfm.cl\/index.php?rest_route=\/wp\/v2\/users\/1"}],"replies":[{"embeddable":true,"href":"https:\/\/radiorevelacionfm.cl\/index.php?rest_route=%2Fwp%2Fv2%2Fcomments&post=39811"}],"version-history":[{"count":1,"href":"https:\/\/radiorevelacionfm.cl\/index.php?rest_route=\/wp\/v2\/posts\/39811\/revisions"}],"predecessor-version":[{"id":39813,"href":"https:\/\/radiorevelacionfm.cl\/index.php?rest_route=\/wp\/v2\/posts\/39811\/revisions\/39813"}],"wp:featuredmedia":[{"embeddable":true,"href":"https:\/\/radiorevelacionfm.cl\/index.php?rest_route=\/wp\/v2\/media\/39812"}],"wp:attachment":[{"href":"https:\/\/radiorevelacionfm.cl\/index.php?rest_route=%2Fwp%2Fv2%2Fmedia&parent=39811"}],"wp:term":[{"taxonomy":"category","embeddable":true,"href":"https:\/\/radiorevelacionfm.cl\/index.php?rest_route=%2Fwp%2Fv2%2Fcategories&post=39811"},{"taxonomy":"post_tag","embeddable":true,"href":"https:\/\/radiorevelacionfm.cl\/index.php?rest_route=%2Fwp%2Fv2%2Ftags&post=39811"}],"curies":[{"name":"wp","href":"https:\/\/api.w.org\/{rel}","templated":true}]}}