{"id":3980,"date":"2021-05-10T19:15:49","date_gmt":"2021-05-10T22:15:49","guid":{"rendered":"https:\/\/radiorevelacionfm.cl\/?p=3980"},"modified":"2021-05-10T19:15:49","modified_gmt":"2021-05-10T22:15:49","slug":"instituciones-trabajan-para-unas-historicas-elecciones-el-proximo-15-y-16-de-mayo","status":"publish","type":"post","link":"https:\/\/radiorevelacionfm.cl\/?p=3980","title":{"rendered":"Instituciones trabajan para unas hist\u00f3ricas elecciones el pr\u00f3ximo 15 y 16 de mayo"},"content":{"rendered":"<div class=\"flex_column av_one_full  flex_column_div av-zero-column-padding first  avia-builder-el-0  el_before_av_one_full  avia-builder-el-first  \" style='border-radius:0px; '><div  class='avia-image-container  av-styling-    avia-builder-el-1  avia-builder-el-no-sibling  avia-align-center '  itemprop=\"image\" itemscope=\"itemscope\" itemtype=\"https:\/\/schema.org\/ImageObject\"  ><div class='avia-image-container-inner'><div class='avia-image-overlay-wrap'><img decoding=\"async\" class='wp-image-0 avia-img-lazy-loading-not-0 avia_image' src=\"https:\/\/radiorevelacionfm.cl\/wp-content\/uploads\/2021\/05\/Coordinacion_090715-1.jpg\" alt='' title=''   itemprop=\"thumbnailUrl\"  \/><\/div><\/div><\/div><\/div><div class=\"flex_column av_one_full  flex_column_div av-zero-column-padding first  avia-builder-el-2  el_after_av_one_full  el_before_av_one_full  column-top-margin\" style='border-radius:0px; '><section class=\"av_textblock_section \"  itemscope=\"itemscope\" itemtype=\"https:\/\/schema.org\/BlogPosting\" itemprop=\"blogPost\" ><div class='avia_textblock  '   itemprop=\"text\" ><p style=\"text-align: center;\"><strong><span style=\"font-size: 18pt;\">Instituciones trabajan para unas hist\u00f3ricas elecciones el pr\u00f3ximo 15 y 16 de mayo<\/span><\/strong><\/p>\n<div id=\"gtx-trans\" style=\"position: absolute; left: -50px; top: 4.31534px;\">\n<div class=\"gtx-trans-icon\"><\/div>\n<\/div>\n<\/div><\/section><\/div><div class=\"flex_column av_one_full  flex_column_div av-zero-column-padding first  avia-builder-el-4  el_after_av_one_full  el_before_av_hr  column-top-margin\" style='border-radius:0px; '><section class=\"av_textblock_section \"  itemscope=\"itemscope\" itemtype=\"https:\/\/schema.org\/BlogPosting\" itemprop=\"blogPost\" ><div class='avia_textblock  '   itemprop=\"text\" ><p style=\"text-align: justify;\">Gobernador encabez\u00f3 reuni\u00f3n de coordinaci\u00f3n con miras a las elecciones del pr\u00f3ximo s\u00e1bado 15 \u00a0y domingo 16 de mayo.<\/p>\n<p style=\"text-align: justify;\">En la sala de reuniones de la gobernaci\u00f3n de Ays\u00e9n se realiz\u00f3 este lunes una reuni\u00f3n de coordinaci\u00f3n para afinar algunos detalles para asegurar un buen desarrollo eleccionario el fin de semana venidero, en donde a las elecciones de Alcaldes y Concejales se suman por primera vez a la papeleta los\/as candidatos\/as a Gobernadores\/as Regionales y Constituyentes.<\/p>\n<p style=\"text-align: justify;\">El Gobernador Manuel Ortiz se reuni\u00f3 en esta ocasi\u00f3n en forma presencial con Ej\u00e9rcito, Carabineros, Armada, Municipalidad de Ays\u00e9n y con el SERVEL v\u00eda remota para aclarar algunas dudas surgidas en esta reuni\u00f3n \u201ccomo gobernaci\u00f3n provincial y preocupado del pr\u00f3ximo acto eleccionario hist\u00f3rico que tendremos el fin de semana nos hemos reunido hoy junto a diversas instituciones para poder aclarar algunas dudas y as\u00ed poder ir entregando la mayor informaci\u00f3n a nuestra gente de la provincia, cabe recordar que estas elecciones por primera vez se van a realizar en dos d\u00edas as\u00ed que hacemos un llamado a que se planifiquen muy bien para que puedan ir a sufragar de manera tranquila ya que las medidas sanitarias han sido todas adoptadas\u201d se\u00f1alaba la autoridad provincial.<\/p>\n<p style=\"text-align: justify;\">Informar que en estas pr\u00f3ximas elecciones los horarios de votaci\u00f3n ser\u00e1n desde las 08:30 a 18:00 horas.<\/p>\n<\/div><\/section><\/div><div  style='height:50px' class='hr hr-invisible   avia-builder-el-6  el_after_av_one_full  el_before_av_social_share '><span class='hr-inner ' ><span class='hr-inner-style'><\/span><\/span><\/div><\/p>\n<div  class='av-social-sharing-box  avia-builder-el-7  el_after_av_hr  el_before_av_hr  '><div class='av-share-box'><h5 class='av-share-link-description av-no-toc '>Compartir esta noticia<\/h5><ul class='av-share-box-list noLightbox'><li class='av-share-link av-social-link-facebook' ><a target=\"_blank\" aria-label=\"Compartir en Facebook\" href='https:\/\/www.facebook.com\/sharer.php?u=https:\/\/radiorevelacionfm.cl\/?p=3980&#038;t=Instituciones%20trabajan%20para%20unas%20hist%C3%B3ricas%20elecciones%20el%20pr%C3%B3ximo%2015%20y%2016%20de%20mayo' aria-hidden='false' data-av_icon='\ue8f3' data-av_iconfont='entypo-fontello' title='' data-avia-related-tooltip='Compartir en Facebook' rel=\"noopener\"><span class='avia_hidden_link_text'>Compartir en Facebook<\/span><\/a><\/li><li class='av-share-link av-social-link-twitter' ><a target=\"_blank\" aria-label=\"Compartir en Twitter\" href='https:\/\/twitter.com\/share?text=Instituciones%20trabajan%20para%20unas%20hist%C3%B3ricas%20elecciones%20el%20pr%C3%B3ximo%2015%20y%2016%20de%20mayo&#038;url=https:\/\/radiorevelacionfm.cl\/?p=3980' aria-hidden='false' data-av_icon='\ue8f1' data-av_iconfont='entypo-fontello' title='' data-avia-related-tooltip='Compartir en Twitter' rel=\"noopener\"><span class='avia_hidden_link_text'>Compartir en Twitter<\/span><\/a><\/li><li class='av-share-link av-social-link-whatsapp' ><a target=\"_blank\" aria-label=\"Compartir en Whatsapp\" href='https:\/\/api.whatsapp.com\/send?text=https:\/\/radiorevelacionfm.cl\/?p=3980' aria-hidden='false' data-av_icon='\uf232' data-av_iconfont='entypo-fontello' title='' data-avia-related-tooltip='Compartir en Whatsapp' rel=\"noopener\"><span class='avia_hidden_link_text'>Compartir en Whatsapp<\/span><\/a><\/li><li class='av-share-link av-social-link-linkedin' ><a target=\"_blank\" aria-label=\"Compartir en LinkedIn\" href='https:\/\/linkedin.com\/shareArticle?mini=true&#038;title=Instituciones%20trabajan%20para%20unas%20hist%C3%B3ricas%20elecciones%20el%20pr%C3%B3ximo%2015%20y%2016%20de%20mayo&#038;url=https:\/\/radiorevelacionfm.cl\/?p=3980' aria-hidden='false' data-av_icon='\ue8fc' data-av_iconfont='entypo-fontello' title='' data-avia-related-tooltip='Compartir en LinkedIn' rel=\"noopener\"><span class='avia_hidden_link_text'>Compartir en LinkedIn<\/span><\/a><\/li><li class='av-share-link av-social-link-mail' ><a  aria-label=\"Compartir por correo\" href='mailto:?subject=Instituciones%20trabajan%20para%20unas%20hist%C3%B3ricas%20elecciones%20el%20pr%C3%B3ximo%2015%20y%2016%20de%20mayo&#038;body=https:\/\/radiorevelacionfm.cl\/?p=3980' aria-hidden='false' data-av_icon='\ue805' data-av_iconfont='entypo-fontello' title='' data-avia-related-tooltip='Compartir por correo'><span class='avia_hidden_link_text'>Compartir por correo<\/span><\/a><\/li><\/ul><\/div><\/div>\n<div  style='height:50px' class='hr hr-invisible   avia-builder-el-8  el_after_av_social_share  el_before_av_comments_list '><span class='hr-inner ' ><span class='hr-inner-style'><\/span><\/span><\/div>\n<div  class='av-buildercomment  av-blog-meta-html-info-disabled av-blog-meta-tag-disabled  '><\/div>\n","protected":false},"excerpt":{"rendered":"","protected":false},"author":1,"featured_media":0,"comment_status":"open","ping_status":"open","sticky":false,"template":"","format":"standard","meta":{"footnotes":""},"categories":[38],"tags":[],"class_list":["post-3980","post","type-post","status-publish","format-standard","hentry","category-regional"],"jetpack_featured_media_url":"","_links":{"self":[{"href":"https:\/\/radiorevelacionfm.cl\/index.php?rest_route=\/wp\/v2\/posts\/3980","targetHints":{"allow":["GET"]}}],"collection":[{"href":"https:\/\/radiorevelacionfm.cl\/index.php?rest_route=\/wp\/v2\/posts"}],"about":[{"href":"https:\/\/radiorevelacionfm.cl\/index.php?rest_route=\/wp\/v2\/types\/post"}],"author":[{"embeddable":true,"href":"https:\/\/radiorevelacionfm.cl\/index.php?rest_route=\/wp\/v2\/users\/1"}],"replies":[{"embeddable":true,"href":"https:\/\/radiorevelacionfm.cl\/index.php?rest_route=%2Fwp%2Fv2%2Fcomments&post=3980"}],"version-history":[{"count":1,"href":"https:\/\/radiorevelacionfm.cl\/index.php?rest_route=\/wp\/v2\/posts\/3980\/revisions"}],"predecessor-version":[{"id":3982,"href":"https:\/\/radiorevelacionfm.cl\/index.php?rest_route=\/wp\/v2\/posts\/3980\/revisions\/3982"}],"wp:attachment":[{"href":"https:\/\/radiorevelacionfm.cl\/index.php?rest_route=%2Fwp%2Fv2%2Fmedia&parent=3980"}],"wp:term":[{"taxonomy":"category","embeddable":true,"href":"https:\/\/radiorevelacionfm.cl\/index.php?rest_route=%2Fwp%2Fv2%2Fcategories&post=3980"},{"taxonomy":"post_tag","embeddable":true,"href":"https:\/\/radiorevelacionfm.cl\/index.php?rest_route=%2Fwp%2Fv2%2Ftags&post=3980"}],"curies":[{"name":"wp","href":"https:\/\/api.w.org\/{rel}","templated":true}]}}