{"id":39799,"date":"2024-02-23T14:04:34","date_gmt":"2024-02-23T17:04:34","guid":{"rendered":"https:\/\/radiorevelacionfm.cl\/?p=39799"},"modified":"2024-02-23T14:04:34","modified_gmt":"2024-02-23T17:04:34","slug":"concurso-regional-elegira-diseno-de-mascota-para-los-juegos-binacionales-araucania-aysen-2024","status":"publish","type":"post","link":"https:\/\/radiorevelacionfm.cl\/?p=39799","title":{"rendered":"Concurso regional elegir\u00e1 dise\u00f1o de mascota para los Juegos Binacionales Araucan\u00eda-Ays\u00e9n 2024"},"content":{"rendered":"<div class=\"flex_column av_one_full  flex_column_div av-zero-column-padding first  avia-builder-el-0  el_before_av_one_full  avia-builder-el-first  \" style='border-radius:0px; '><div  class='avia-image-container  av-styling-    avia-builder-el-1  avia-builder-el-no-sibling  avia-align-center '  itemprop=\"image\" itemscope=\"itemscope\" itemtype=\"https:\/\/schema.org\/ImageObject\"  ><div class='avia-image-container-inner'><div class='avia-image-overlay-wrap'><img decoding=\"async\" class='wp-image-39800 avia-img-lazy-loading-not-39800 avia_image' src=\"https:\/\/radiorevelacionfm.cl\/wp-content\/uploads\/2024\/02\/img_20240222_174026880_hdr-1_optimized.jpg\" alt='' title='img_20240222_174026880_hdr-(1)_optimized' height=\"600\" width=\"800\"  itemprop=\"thumbnailUrl\" srcset=\"https:\/\/radiorevelacionfm.cl\/wp-content\/uploads\/2024\/02\/img_20240222_174026880_hdr-1_optimized.jpg 800w, https:\/\/radiorevelacionfm.cl\/wp-content\/uploads\/2024\/02\/img_20240222_174026880_hdr-1_optimized-300x225.jpg 300w, https:\/\/radiorevelacionfm.cl\/wp-content\/uploads\/2024\/02\/img_20240222_174026880_hdr-1_optimized-768x576.jpg 768w, https:\/\/radiorevelacionfm.cl\/wp-content\/uploads\/2024\/02\/img_20240222_174026880_hdr-1_optimized-705x529.jpg 705w, https:\/\/radiorevelacionfm.cl\/wp-content\/uploads\/2024\/02\/img_20240222_174026880_hdr-1_optimized-450x338.jpg 450w, https:\/\/radiorevelacionfm.cl\/wp-content\/uploads\/2024\/02\/img_20240222_174026880_hdr-1_optimized-600x450.jpg 600w\" sizes=\"(max-width: 800px) 100vw, 800px\" \/><\/div><\/div><\/div><\/div><div class=\"flex_column av_one_full  flex_column_div av-zero-column-padding first  avia-builder-el-2  el_after_av_one_full  el_before_av_one_full  column-top-margin\" style='border-radius:0px; '><section class=\"av_textblock_section \"  itemscope=\"itemscope\" itemtype=\"https:\/\/schema.org\/BlogPosting\" itemprop=\"blogPost\" ><div class='avia_textblock  '   itemprop=\"text\" ><p style=\"text-align: center;\"><strong><span style=\"font-size: 18pt;\">Concurso regional elegir\u00e1 dise\u00f1o de mascota para los Juegos Binacionales Araucan\u00eda-Ays\u00e9n 2024<\/span><\/strong><\/p>\n<div id=\"gtx-trans\" style=\"position: absolute; left: -50px; top: 4.31534px;\">\n<div class=\"gtx-trans-icon\"><\/div>\n<\/div>\n<\/div><\/section><\/div><div class=\"flex_column av_one_full  flex_column_div av-zero-column-padding first  avia-builder-el-4  el_after_av_one_full  el_before_av_hr  column-top-margin\" style='border-radius:0px; '><section class=\"av_textblock_section \"  itemscope=\"itemscope\" itemtype=\"https:\/\/schema.org\/BlogPosting\" itemprop=\"blogPost\" ><div class='avia_textblock  '   itemprop=\"text\" ><p class=\"v1MsoNormal\" style=\"text-align: justify;\">Nuestra Regi\u00f3n de Ays\u00e9n ser\u00e1 anfitri\u00f3n de los Juegos Deportivos Binacionales de la Araucan\u00eda 2024, a realizarse entre los d\u00edas 10 y 16 de noviembre, con la participaci\u00f3n de j\u00f3venes pertenecientes a Delegaciones de Chile y Argentina.<\/p>\n<p class=\"v1MsoNormal\" style=\"text-align: justify;\">En el Polideportivo de Puerto Ays\u00e9n (recinto que albergar\u00e1 la competencia de disciplinas de b\u00e1squetbol y nataci\u00f3n), se llev\u00f3 a cabo la difusi\u00f3n del Concurso Mascota Oficial de los Juegos de la Araucan\u00eda Ays\u00e9n 2024.<\/p>\n<p class=\"v1MsoNormal\" style=\"text-align: justify;\">La invitaci\u00f3n est\u00e1 abierta a la participaci\u00f3n de todos los habitantes de la Regi\u00f3n de Ays\u00e9n para crear un dise\u00f1o gr\u00e1fico que identifique la identidad regional y el esp\u00edritu deportivo del evento m\u00e1s importante que nuestra Regi\u00f3n haya realizado en su historia.<\/p>\n<p class=\"v1MsoNormal\" style=\"text-align: justify;\">El Delegado Presidencial Provincial de Ays\u00e9n Jorge D\u00edaz Guzm\u00e1n,\u00a0destac\u00f3 el origen de este evento que celebra sus 31 a\u00f1os de historia deportiva, relevando el esp\u00edritu de fraternidad entre ambas naciones y la integraci\u00f3n de j\u00f3venes deportistas de ambos pa\u00edses, lo que va en beneficio de su desarrollo personal, humano, f\u00edsico y deportivo. De igual modo, puso \u00e9nfasis en la dedicaci\u00f3n y apoyo que ha brindado el Gobierno del Presidente de la Rep\u00fablica Gabriel Boric, en la planificaci\u00f3n y gesti\u00f3n de este hito deportivo que, se espera, sea todo un \u00e9xito.<\/p>\n<p class=\"v1MsoNormal\" style=\"text-align: justify;\">La actividad cont\u00f3 con la participaci\u00f3n de la Seremi de Deportes, Mar\u00eda Eugenia Dur\u00e1n, manifestando que \u00abestamos impulsando este concurso de la mascota oficial, porque queremos hacer llegar el mensaje de los Juegos de la Araucan\u00eda a todos los rincones de la Regi\u00f3n de Ays\u00e9n, donde las personas se sientan part\u00edcipes e identificadas con elegir un s\u00edmbolo propio y regional para este importante evento deportivo\u00bb, acot\u00f3.<\/p>\n<p class=\"v1MsoNormal\" style=\"text-align: justify;\">Tambi\u00e9n se hicieron presentes, el Director Regional (S) del IND, Javier Medina, el Alcalde Subrogante de Ays\u00e9n, \u00d3scar Azocar, dirigentes deportivos, representantes del comercio local y j\u00f3venes deportistas que se preparan para la competencia internacional del presente a\u00f1o.<\/p>\n<p class=\"v1MsoNormal\" style=\"text-align: justify;\">Para el Concurso, la propuesta de mascota, deber\u00e1 ser original e in\u00e9dita, representada por cualquier animal, personaje representativo, significativo y emblem\u00e1tico que se identifique con el esp\u00edritu, colores y caracter\u00edsticas generales de la Regi\u00f3n de Ays\u00e9n.<\/p>\n<p class=\"v1MsoNormal\" style=\"text-align: justify;\">El Plazo del concurso para la recepci\u00f3n de los dise\u00f1os es del 20 de febrero al 05 de marzo de 2024, hasta las 12:00 hrs. Las bases pueden ser descargadas desde el \u00a0c\u00f3digo QR que aparece en el afiche de difusi\u00f3n del evento.<\/p>\n<\/div><\/section><\/div><div  style='height:50px' class='hr hr-invisible   avia-builder-el-6  el_after_av_one_full  el_before_av_social_share '><span class='hr-inner ' ><span class='hr-inner-style'><\/span><\/span><\/div><\/p>\n<div  class='av-social-sharing-box  avia-builder-el-7  el_after_av_hr  el_before_av_hr  '><div class='av-share-box'><h5 class='av-share-link-description av-no-toc '>Compartir esta noticia<\/h5><ul class='av-share-box-list noLightbox'><li class='av-share-link av-social-link-facebook' ><a target=\"_blank\" aria-label=\"Compartir en Facebook\" href='https:\/\/www.facebook.com\/sharer.php?u=https:\/\/radiorevelacionfm.cl\/?p=39799&#038;t=Concurso%20regional%20elegir%C3%A1%20dise%C3%B1o%20de%20mascota%20para%20los%20Juegos%20Binacionales%20Araucan%C3%ADa-Ays%C3%A9n%202024' aria-hidden='false' data-av_icon='\ue8f3' data-av_iconfont='entypo-fontello' title='' data-avia-related-tooltip='Compartir en Facebook' rel=\"noopener\"><span class='avia_hidden_link_text'>Compartir en Facebook<\/span><\/a><\/li><li class='av-share-link av-social-link-twitter' ><a target=\"_blank\" aria-label=\"Compartir en Twitter\" href='https:\/\/twitter.com\/share?text=Concurso%20regional%20elegir%C3%A1%20dise%C3%B1o%20de%20mascota%20para%20los%20Juegos%20Binacionales%20Araucan%C3%ADa-Ays%C3%A9n%202024&#038;url=https:\/\/radiorevelacionfm.cl\/?p=39799' aria-hidden='false' data-av_icon='\ue8f1' data-av_iconfont='entypo-fontello' title='' data-avia-related-tooltip='Compartir en Twitter' rel=\"noopener\"><span class='avia_hidden_link_text'>Compartir en Twitter<\/span><\/a><\/li><li class='av-share-link av-social-link-whatsapp' ><a target=\"_blank\" aria-label=\"Compartir en Whatsapp\" href='https:\/\/api.whatsapp.com\/send?text=https:\/\/radiorevelacionfm.cl\/?p=39799' aria-hidden='false' data-av_icon='\uf232' data-av_iconfont='entypo-fontello' title='' data-avia-related-tooltip='Compartir en Whatsapp' rel=\"noopener\"><span class='avia_hidden_link_text'>Compartir en Whatsapp<\/span><\/a><\/li><li class='av-share-link av-social-link-linkedin' ><a target=\"_blank\" aria-label=\"Compartir en LinkedIn\" href='https:\/\/linkedin.com\/shareArticle?mini=true&#038;title=Concurso%20regional%20elegir%C3%A1%20dise%C3%B1o%20de%20mascota%20para%20los%20Juegos%20Binacionales%20Araucan%C3%ADa-Ays%C3%A9n%202024&#038;url=https:\/\/radiorevelacionfm.cl\/?p=39799' aria-hidden='false' data-av_icon='\ue8fc' data-av_iconfont='entypo-fontello' title='' data-avia-related-tooltip='Compartir en LinkedIn' rel=\"noopener\"><span class='avia_hidden_link_text'>Compartir en LinkedIn<\/span><\/a><\/li><li class='av-share-link av-social-link-mail' ><a  aria-label=\"Compartir por correo\" href='mailto:?subject=Concurso%20regional%20elegir%C3%A1%20dise%C3%B1o%20de%20mascota%20para%20los%20Juegos%20Binacionales%20Araucan%C3%ADa-Ays%C3%A9n%202024&#038;body=https:\/\/radiorevelacionfm.cl\/?p=39799' aria-hidden='false' data-av_icon='\ue805' data-av_iconfont='entypo-fontello' title='' data-avia-related-tooltip='Compartir por correo'><span class='avia_hidden_link_text'>Compartir por correo<\/span><\/a><\/li><\/ul><\/div><\/div>\n<div  style='height:50px' class='hr hr-invisible   avia-builder-el-8  el_after_av_social_share  el_before_av_comments_list '><span class='hr-inner ' ><span class='hr-inner-style'><\/span><\/span><\/div>\n<div  class='av-buildercomment  av-blog-meta-html-info-disabled av-blog-meta-tag-disabled  '><\/div>\n","protected":false},"excerpt":{"rendered":"","protected":false},"author":1,"featured_media":39800,"comment_status":"open","ping_status":"open","sticky":false,"template":"","format":"standard","meta":{"footnotes":""},"categories":[38],"tags":[],"class_list":["post-39799","post","type-post","status-publish","format-standard","has-post-thumbnail","hentry","category-regional"],"jetpack_featured_media_url":"https:\/\/radiorevelacionfm.cl\/wp-content\/uploads\/2024\/02\/img_20240222_174026880_hdr-1_optimized.jpg","_links":{"self":[{"href":"https:\/\/radiorevelacionfm.cl\/index.php?rest_route=\/wp\/v2\/posts\/39799","targetHints":{"allow":["GET"]}}],"collection":[{"href":"https:\/\/radiorevelacionfm.cl\/index.php?rest_route=\/wp\/v2\/posts"}],"about":[{"href":"https:\/\/radiorevelacionfm.cl\/index.php?rest_route=\/wp\/v2\/types\/post"}],"author":[{"embeddable":true,"href":"https:\/\/radiorevelacionfm.cl\/index.php?rest_route=\/wp\/v2\/users\/1"}],"replies":[{"embeddable":true,"href":"https:\/\/radiorevelacionfm.cl\/index.php?rest_route=%2Fwp%2Fv2%2Fcomments&post=39799"}],"version-history":[{"count":1,"href":"https:\/\/radiorevelacionfm.cl\/index.php?rest_route=\/wp\/v2\/posts\/39799\/revisions"}],"predecessor-version":[{"id":39801,"href":"https:\/\/radiorevelacionfm.cl\/index.php?rest_route=\/wp\/v2\/posts\/39799\/revisions\/39801"}],"wp:featuredmedia":[{"embeddable":true,"href":"https:\/\/radiorevelacionfm.cl\/index.php?rest_route=\/wp\/v2\/media\/39800"}],"wp:attachment":[{"href":"https:\/\/radiorevelacionfm.cl\/index.php?rest_route=%2Fwp%2Fv2%2Fmedia&parent=39799"}],"wp:term":[{"taxonomy":"category","embeddable":true,"href":"https:\/\/radiorevelacionfm.cl\/index.php?rest_route=%2Fwp%2Fv2%2Fcategories&post=39799"},{"taxonomy":"post_tag","embeddable":true,"href":"https:\/\/radiorevelacionfm.cl\/index.php?rest_route=%2Fwp%2Fv2%2Ftags&post=39799"}],"curies":[{"name":"wp","href":"https:\/\/api.w.org\/{rel}","templated":true}]}}