{"id":39797,"date":"2024-02-23T10:48:52","date_gmt":"2024-02-23T13:48:52","guid":{"rendered":"https:\/\/radiorevelacionfm.cl\/?p=39797"},"modified":"2024-02-23T10:48:52","modified_gmt":"2024-02-23T13:48:52","slug":"fiscalia-de-coyhaique-logra-condena-para-dos-imputados-por-trafico-de-cannabis-cocaina-y-extasis","status":"publish","type":"post","link":"https:\/\/radiorevelacionfm.cl\/?p=39797","title":{"rendered":"Fiscal\u00eda de Coyhaique logra condena para dos imputados por tr\u00e1fico de cannabis, coca\u00edna y \u00e9xtasis"},"content":{"rendered":"<div class=\"flex_column av_one_full  flex_column_div av-zero-column-padding first  avia-builder-el-0  el_before_av_one_full  avia-builder-el-first  \" style='border-radius:0px; '><div  class='avia-image-container  av-styling-    avia-builder-el-1  avia-builder-el-no-sibling  avia-align-center '  itemprop=\"image\" itemscope=\"itemscope\" itemtype=\"https:\/\/schema.org\/ImageObject\"  ><div class='avia-image-container-inner'><div class='avia-image-overlay-wrap'><img decoding=\"async\" class='wp-image-38114 avia-img-lazy-loading-not-38114 avia_image' src=\"https:\/\/radiorevelacionfm.cl\/wp-content\/uploads\/2023\/12\/Fiscalia3-1-1.jpeg\" alt='' title='Fiscalia3 (1) (1)' height=\"600\" width=\"942\"  itemprop=\"thumbnailUrl\" srcset=\"https:\/\/radiorevelacionfm.cl\/wp-content\/uploads\/2023\/12\/Fiscalia3-1-1.jpeg 942w, https:\/\/radiorevelacionfm.cl\/wp-content\/uploads\/2023\/12\/Fiscalia3-1-1-300x191.jpeg 300w, https:\/\/radiorevelacionfm.cl\/wp-content\/uploads\/2023\/12\/Fiscalia3-1-1-768x489.jpeg 768w, https:\/\/radiorevelacionfm.cl\/wp-content\/uploads\/2023\/12\/Fiscalia3-1-1-705x449.jpeg 705w, https:\/\/radiorevelacionfm.cl\/wp-content\/uploads\/2023\/12\/Fiscalia3-1-1-450x287.jpeg 450w, https:\/\/radiorevelacionfm.cl\/wp-content\/uploads\/2023\/12\/Fiscalia3-1-1-600x382.jpeg 600w\" sizes=\"(max-width: 942px) 100vw, 942px\" \/><\/div><\/div><\/div><\/div><div class=\"flex_column av_one_full  flex_column_div av-zero-column-padding first  avia-builder-el-2  el_after_av_one_full  el_before_av_one_full  column-top-margin\" style='border-radius:0px; '><section class=\"av_textblock_section \"  itemscope=\"itemscope\" itemtype=\"https:\/\/schema.org\/BlogPosting\" itemprop=\"blogPost\" ><div class='avia_textblock  '   itemprop=\"text\" ><p style=\"text-align: center;\"><span style=\"font-size: 18pt;\"><b>Fiscal\u00eda de Coyhaique logra condena para dos imputados por tr\u00e1fico de cannabis, coca\u00edna y \u00e9xtasis<\/b><\/span><\/p>\n<div id=\"gtx-trans\" style=\"position: absolute; left: -50px; top: 4.31534px;\">\n<div class=\"gtx-trans-icon\"><\/div>\n<\/div>\n<\/div><\/section><\/div><div class=\"flex_column av_one_full  flex_column_div av-zero-column-padding first  avia-builder-el-4  el_after_av_one_full  el_before_av_hr  column-top-margin\" style='border-radius:0px; '><section class=\"av_textblock_section \"  itemscope=\"itemscope\" itemtype=\"https:\/\/schema.org\/BlogPosting\" itemprop=\"blogPost\" ><div class='avia_textblock  '   itemprop=\"text\" ><p style=\"font-weight: 400; text-align: justify;\"><em>Hechos fueron descubiertos en junio del a\u00f1o pasado por el OS-7 de Carabineros.<\/em><\/p>\n<p style=\"font-weight: 400; text-align: justify;\">La Fiscal\u00eda Local de Coyhaique obtuvo una condena en contra de dos imputados, un hombre de 20 y una mujer de 19 a\u00f1os, por el delito de tr\u00e1fico de marihuana, coca\u00edna y \u00e9xtasis, descubierto el 15 de junio de 2023 en Coyhaique.<\/p>\n<p style=\"font-weight: 400; text-align: justify;\">Ambos imputados fueron sentenciados a tres a\u00f1os y un d\u00eda de presidio, m\u00e1s una multa de 6 UTM, 386 mil pesos aproximadamente. Adem\u00e1s, el imputado de 20 a\u00f1os fue condenado a otros 541 d\u00edas de presidio como autor de un delito de tenencia ilegal de municiones.<\/p>\n<p style=\"font-weight: 400; text-align: justify;\">De acuerdo a los hechos acreditados por la Fiscal\u00eda ante el Tribunal de Juicio Oral en Lo Penal, el 15 de junio de 2023, el imputado fue detenido en el sector alto de la ciudad por personal de Carabineros, portando cannabis para la venta. Luego en su domicilio y en posesi\u00f3n de ambos imputados, se encontr\u00f3 m\u00e1s marihuana, coca\u00edna, pastillas de \u00e9xtasis y elementos para el tr\u00e1fico de drogas en diferentes dependencias del inmueble como cuatro balanzas digitales, cuatro tel\u00e9fonos celulares; $427 mil pesos en dinero en efectivo, adem\u00e1s de un cartucho calibre 7.62 sin percutir. El total de lo incautado por Carabineros del OS-7 fue 950,6 gramos de marihuana, 50 gramos de coca\u00edna y 10 comprimidos de \u00e9xtasis.<\/p>\n<p style=\"font-weight: 400; text-align: justify;\">Al reunir los requisitos, el Tribunal sustituy\u00f3 la pena corporal impuesta a los acusados por la libertad vigilada intensiva, tiempo durante el cual quedar\u00e1n sometidos al cumplimiento de un programa de actividades orientado a su reinserci\u00f3n social a cargo de Gendarmer\u00eda.<\/p>\n<\/div><\/section><\/div><div  style='height:50px' class='hr hr-invisible   avia-builder-el-6  el_after_av_one_full  el_before_av_social_share '><span class='hr-inner ' ><span class='hr-inner-style'><\/span><\/span><\/div><\/p>\n<div  class='av-social-sharing-box  avia-builder-el-7  el_after_av_hr  el_before_av_hr  '><div class='av-share-box'><h5 class='av-share-link-description av-no-toc '>Compartir esta noticia<\/h5><ul class='av-share-box-list noLightbox'><li class='av-share-link av-social-link-facebook' ><a target=\"_blank\" aria-label=\"Compartir en Facebook\" href='https:\/\/www.facebook.com\/sharer.php?u=https:\/\/radiorevelacionfm.cl\/?p=39797&#038;t=Fiscal%C3%ADa%20de%20Coyhaique%20logra%20condena%20para%20dos%20imputados%20por%20tr%C3%A1fico%20de%20cannabis%2C%20coca%C3%ADna%20y%20%C3%A9xtasis' aria-hidden='false' data-av_icon='\ue8f3' data-av_iconfont='entypo-fontello' title='' data-avia-related-tooltip='Compartir en Facebook' rel=\"noopener\"><span class='avia_hidden_link_text'>Compartir en Facebook<\/span><\/a><\/li><li class='av-share-link av-social-link-twitter' ><a target=\"_blank\" aria-label=\"Compartir en Twitter\" href='https:\/\/twitter.com\/share?text=Fiscal%C3%ADa%20de%20Coyhaique%20logra%20condena%20para%20dos%20imputados%20por%20tr%C3%A1fico%20de%20cannabis%2C%20coca%C3%ADna%20y%20%C3%A9xtasis&#038;url=https:\/\/radiorevelacionfm.cl\/?p=39797' aria-hidden='false' data-av_icon='\ue8f1' data-av_iconfont='entypo-fontello' title='' data-avia-related-tooltip='Compartir en Twitter' rel=\"noopener\"><span class='avia_hidden_link_text'>Compartir en Twitter<\/span><\/a><\/li><li class='av-share-link av-social-link-whatsapp' ><a target=\"_blank\" aria-label=\"Compartir en Whatsapp\" href='https:\/\/api.whatsapp.com\/send?text=https:\/\/radiorevelacionfm.cl\/?p=39797' aria-hidden='false' data-av_icon='\uf232' data-av_iconfont='entypo-fontello' title='' data-avia-related-tooltip='Compartir en Whatsapp' rel=\"noopener\"><span class='avia_hidden_link_text'>Compartir en Whatsapp<\/span><\/a><\/li><li class='av-share-link av-social-link-linkedin' ><a target=\"_blank\" aria-label=\"Compartir en LinkedIn\" href='https:\/\/linkedin.com\/shareArticle?mini=true&#038;title=Fiscal%C3%ADa%20de%20Coyhaique%20logra%20condena%20para%20dos%20imputados%20por%20tr%C3%A1fico%20de%20cannabis%2C%20coca%C3%ADna%20y%20%C3%A9xtasis&#038;url=https:\/\/radiorevelacionfm.cl\/?p=39797' aria-hidden='false' data-av_icon='\ue8fc' data-av_iconfont='entypo-fontello' title='' data-avia-related-tooltip='Compartir en LinkedIn' rel=\"noopener\"><span class='avia_hidden_link_text'>Compartir en LinkedIn<\/span><\/a><\/li><li class='av-share-link av-social-link-mail' ><a  aria-label=\"Compartir por correo\" href='mailto:?subject=Fiscal%C3%ADa%20de%20Coyhaique%20logra%20condena%20para%20dos%20imputados%20por%20tr%C3%A1fico%20de%20cannabis%2C%20coca%C3%ADna%20y%20%C3%A9xtasis&#038;body=https:\/\/radiorevelacionfm.cl\/?p=39797' aria-hidden='false' data-av_icon='\ue805' data-av_iconfont='entypo-fontello' title='' data-avia-related-tooltip='Compartir por correo'><span class='avia_hidden_link_text'>Compartir por correo<\/span><\/a><\/li><\/ul><\/div><\/div>\n<div  style='height:50px' class='hr hr-invisible   avia-builder-el-8  el_after_av_social_share  el_before_av_comments_list '><span class='hr-inner ' ><span class='hr-inner-style'><\/span><\/span><\/div>\n<div  class='av-buildercomment  av-blog-meta-html-info-disabled av-blog-meta-tag-disabled  '><\/div>\n","protected":false},"excerpt":{"rendered":"","protected":false},"author":1,"featured_media":38114,"comment_status":"open","ping_status":"open","sticky":false,"template":"","format":"standard","meta":{"footnotes":""},"categories":[55],"tags":[],"class_list":["post-39797","post","type-post","status-publish","format-standard","has-post-thumbnail","hentry","category-justicia"],"jetpack_featured_media_url":"https:\/\/radiorevelacionfm.cl\/wp-content\/uploads\/2023\/12\/Fiscalia3-1-1.jpeg","_links":{"self":[{"href":"https:\/\/radiorevelacionfm.cl\/index.php?rest_route=\/wp\/v2\/posts\/39797","targetHints":{"allow":["GET"]}}],"collection":[{"href":"https:\/\/radiorevelacionfm.cl\/index.php?rest_route=\/wp\/v2\/posts"}],"about":[{"href":"https:\/\/radiorevelacionfm.cl\/index.php?rest_route=\/wp\/v2\/types\/post"}],"author":[{"embeddable":true,"href":"https:\/\/radiorevelacionfm.cl\/index.php?rest_route=\/wp\/v2\/users\/1"}],"replies":[{"embeddable":true,"href":"https:\/\/radiorevelacionfm.cl\/index.php?rest_route=%2Fwp%2Fv2%2Fcomments&post=39797"}],"version-history":[{"count":1,"href":"https:\/\/radiorevelacionfm.cl\/index.php?rest_route=\/wp\/v2\/posts\/39797\/revisions"}],"predecessor-version":[{"id":39798,"href":"https:\/\/radiorevelacionfm.cl\/index.php?rest_route=\/wp\/v2\/posts\/39797\/revisions\/39798"}],"wp:featuredmedia":[{"embeddable":true,"href":"https:\/\/radiorevelacionfm.cl\/index.php?rest_route=\/wp\/v2\/media\/38114"}],"wp:attachment":[{"href":"https:\/\/radiorevelacionfm.cl\/index.php?rest_route=%2Fwp%2Fv2%2Fmedia&parent=39797"}],"wp:term":[{"taxonomy":"category","embeddable":true,"href":"https:\/\/radiorevelacionfm.cl\/index.php?rest_route=%2Fwp%2Fv2%2Fcategories&post=39797"},{"taxonomy":"post_tag","embeddable":true,"href":"https:\/\/radiorevelacionfm.cl\/index.php?rest_route=%2Fwp%2Fv2%2Ftags&post=39797"}],"curies":[{"name":"wp","href":"https:\/\/api.w.org\/{rel}","templated":true}]}}