{"id":39794,"date":"2024-02-23T10:02:45","date_gmt":"2024-02-23T13:02:45","guid":{"rendered":"https:\/\/radiorevelacionfm.cl\/?p=39794"},"modified":"2024-02-23T10:02:45","modified_gmt":"2024-02-23T13:02:45","slug":"aysen-programa-vinculos-cierra-version-16-y-continua-con-activa-participacion-de-adultos-mayores","status":"publish","type":"post","link":"https:\/\/radiorevelacionfm.cl\/?p=39794","title":{"rendered":"Ays\u00e9n: Programa V\u00ednculos cierra versi\u00f3n 16 y contin\u00faa con activa participaci\u00f3n de Adultos Mayores"},"content":{"rendered":"<div class=\"flex_column av_one_full  flex_column_div av-zero-column-padding first  avia-builder-el-0  el_before_av_one_full  avia-builder-el-first  \" style='border-radius:0px; '><div  class='avia-image-container  av-styling-    avia-builder-el-1  avia-builder-el-no-sibling  avia-align-center '  itemprop=\"image\" itemscope=\"itemscope\" itemtype=\"https:\/\/schema.org\/ImageObject\"  ><div class='avia-image-container-inner'><div class='avia-image-overlay-wrap'><img decoding=\"async\" class='wp-image-39795 avia-img-lazy-loading-not-39795 avia_image' src=\"https:\/\/radiorevelacionfm.cl\/wp-content\/uploads\/2024\/02\/cierre-16-vinculos-6-1_optimized-1.jpg\" alt='' title='cierre-16-vinculos-6-(1)_optimized (1)' height=\"600\" width=\"1064\"  itemprop=\"thumbnailUrl\" srcset=\"https:\/\/radiorevelacionfm.cl\/wp-content\/uploads\/2024\/02\/cierre-16-vinculos-6-1_optimized-1.jpg 1064w, https:\/\/radiorevelacionfm.cl\/wp-content\/uploads\/2024\/02\/cierre-16-vinculos-6-1_optimized-1-300x169.jpg 300w, https:\/\/radiorevelacionfm.cl\/wp-content\/uploads\/2024\/02\/cierre-16-vinculos-6-1_optimized-1-1030x581.jpg 1030w, https:\/\/radiorevelacionfm.cl\/wp-content\/uploads\/2024\/02\/cierre-16-vinculos-6-1_optimized-1-768x433.jpg 768w, https:\/\/radiorevelacionfm.cl\/wp-content\/uploads\/2024\/02\/cierre-16-vinculos-6-1_optimized-1-705x398.jpg 705w, https:\/\/radiorevelacionfm.cl\/wp-content\/uploads\/2024\/02\/cierre-16-vinculos-6-1_optimized-1-450x254.jpg 450w, https:\/\/radiorevelacionfm.cl\/wp-content\/uploads\/2024\/02\/cierre-16-vinculos-6-1_optimized-1-600x338.jpg 600w\" sizes=\"(max-width: 1064px) 100vw, 1064px\" \/><\/div><\/div><\/div><\/div><div class=\"flex_column av_one_full  flex_column_div av-zero-column-padding first  avia-builder-el-2  el_after_av_one_full  el_before_av_one_full  column-top-margin\" style='border-radius:0px; '><section class=\"av_textblock_section \"  itemscope=\"itemscope\" itemtype=\"https:\/\/schema.org\/BlogPosting\" itemprop=\"blogPost\" ><div class='avia_textblock  '   itemprop=\"text\" ><p style=\"text-align: center;\"><strong><span style=\"font-size: 18pt;\">Ays\u00e9n: Programa V\u00ednculos cierra versi\u00f3n 16 y contin\u00faa con activa participaci\u00f3n de Adultos Mayores<\/span><\/strong><\/p>\n<div id=\"gtx-trans\" style=\"position: absolute; left: -50px; top: 4.31534px;\">\n<div class=\"gtx-trans-icon\"><\/div>\n<\/div>\n<\/div><\/section><\/div><div class=\"flex_column av_one_full  flex_column_div av-zero-column-padding first  avia-builder-el-4  el_after_av_one_full  el_before_av_hr  column-top-margin\" style='border-radius:0px; '><section class=\"av_textblock_section \"  itemscope=\"itemscope\" itemtype=\"https:\/\/schema.org\/BlogPosting\" itemprop=\"blogPost\" ><div class='avia_textblock  '   itemprop=\"text\" ><p style=\"text-align: justify;\">Con la permanente y activa participaci\u00f3n de unos cuarenta adultos mayores, cerr\u00f3 en Puerto Ays\u00e9n la edici\u00f3n 16 del programa \u201cV\u00ednculos\u201d, el que permite realizar actividades individuales y grupales con adultos mayores, iniciativa que es posible llevarla adelante gracias al convenio vigente entre la Municipalidad y el Ministerio de Desarrollo Social y Familia.<\/p>\n<p style=\"text-align: justify;\">\u201cLa pol\u00edtica social del Ministerio y del Gobierno para trabajar con los grupos vulnerables, como son los adultos mayores, es a trav\u00e9s de los municipios. Los municipios son la puerta y los que llegan a la comunidad, el Estado no llega directamente a la comunidad, los municipios, Concejales, Concejalas, los funcionarios municipales son los que conocen a la gente. Estamos cerrando la convocatorio 16 de v\u00ednculos con aproximadamente 40 adultos mayores, estamos trabajando en la convocatoria 17 con 40 adultos mayores y estamos empezando una que es la 18, con 80 adultos mayores\u201d, coment\u00f3 el Seremi(s) de Desarrollo Social y Familia, Claudio Venegas.<\/p>\n<p style=\"text-align: justify;\">La coordinadora Regional de Senama, Claudia Andaur, enfatiz\u00f3 en lo importante del convenio entre la Municipalidad y el Ministerio de Desarrollo Social y Familia, indicando que, \u201ces un convenio muy importante, porque posibilita trabajar a trav\u00e9s de la intersectorialidad con adultos mayores de la comuna en un programa muy interesante, que lo que hace es vincular a los adultos mayores, que muchas veces carecen de redes de apoyo y a trav\u00e9s de un acompa\u00f1amiento psicosocial se pueden realizar tanto tareas individuales como grupales. La idea es vincularlos y tambi\u00e9n dotarlos de mayores herramientas para la conexi\u00f3n con su entorno y que no vivan una adultez mayor en soledad\u201d.<\/p>\n<p style=\"text-align: justify;\">Por su parte, la Concejala M\u00f3nica Navarrete, puso en valor el trabajo de las monitoras del programa V\u00ednculos, destacando los positivos logros alcanzados. \u201cResaltar el rol de las monitoras, porque ellas son las que realmente se llevan la pega, quienes hacen el v\u00ednculo con nuestros adultos mayores. Hoy este trabajo se ve plasmado en esta linda actividad, porque la emoci\u00f3n de sus participantes, de sus monitoras, significa que se realiz\u00f3 una buena labor, as\u00ed que, agradecida sobre todo por ellos\u201d.<\/p>\n<p style=\"text-align: justify;\">La monitora del programa V\u00ednculos, Marta Ugarte, se mostr\u00f3 feliz con los resultados del trabajo directo con los adultos mayores y su activa participaci\u00f3n. \u201cEstoy muy contenta porque tuve harta concurrencia, si bien, est\u00e1n las personas de la versi\u00f3n 17 con quienes yo voy a seguir, en general la aceptaci\u00f3n al programa fue s\u00faper buena y de a poco hemos ido consiguiendo beneficios y los adultos mayores han ido cobrando fuerza, tienen muchas cosas que decir\u201d.<\/p>\n<p style=\"text-align: justify;\">Uno de los beneficiarios con la versi\u00f3n 16 del programa \u201cV\u00ednculos\u201d en Ays\u00e9n, Mart\u00edn Mardones, entregaba su evaluaci\u00f3n de lo realizado, manifestando que, \u201clo pase muy bien, me gust\u00f3, aprendimos harto con la se\u00f1ora Martita, una l\u00e1stima que ahora no vamos a poder seguir con ella, pero contento, lo pasamos bien y aprendimos harto con ella. Ahora, los que van a quedar con ella que sigan bien y contento con lo que hemos pasado\u201d.<\/p>\n<p style=\"text-align: justify;\">\u201cV\u00ednculos\u201d, es un programa que a trav\u00e9s de su red de profesionales ha contribuido en la vida de quienes voluntariamente decidieron participar de \u00e9l, mediante herramientas psicosociales para el fortalecimiento de la identidad, autonom\u00eda y sentido de pertenencia a nivel individual y grupal. Acci\u00f3n factible gracias al convenio colaborativo entre la Municipalidad de Ays\u00e9n y la Secretar\u00eda Regional Ministerial de Desarrollo Social y Familia.<\/p>\n<\/div><\/section><\/div><div  style='height:50px' class='hr hr-invisible   avia-builder-el-6  el_after_av_one_full  el_before_av_social_share '><span class='hr-inner ' ><span class='hr-inner-style'><\/span><\/span><\/div><\/p>\n<div  class='av-social-sharing-box  avia-builder-el-7  el_after_av_hr  el_before_av_hr  '><div class='av-share-box'><h5 class='av-share-link-description av-no-toc '>Compartir esta noticia<\/h5><ul class='av-share-box-list noLightbox'><li class='av-share-link av-social-link-facebook' ><a target=\"_blank\" aria-label=\"Compartir en Facebook\" href='https:\/\/www.facebook.com\/sharer.php?u=https:\/\/radiorevelacionfm.cl\/?p=39794&#038;t=Ays%C3%A9n%3A%20Programa%20V%C3%ADnculos%20cierra%20versi%C3%B3n%2016%20y%20contin%C3%BAa%20con%20activa%20participaci%C3%B3n%20de%20Adultos%20Mayores' aria-hidden='false' data-av_icon='\ue8f3' data-av_iconfont='entypo-fontello' title='' data-avia-related-tooltip='Compartir en Facebook' rel=\"noopener\"><span class='avia_hidden_link_text'>Compartir en Facebook<\/span><\/a><\/li><li class='av-share-link av-social-link-twitter' ><a target=\"_blank\" aria-label=\"Compartir en Twitter\" href='https:\/\/twitter.com\/share?text=Ays%C3%A9n%3A%20Programa%20V%C3%ADnculos%20cierra%20versi%C3%B3n%2016%20y%20contin%C3%BAa%20con%20activa%20participaci%C3%B3n%20de%20Adultos%20Mayores&#038;url=https:\/\/radiorevelacionfm.cl\/?p=39794' aria-hidden='false' data-av_icon='\ue8f1' data-av_iconfont='entypo-fontello' title='' data-avia-related-tooltip='Compartir en Twitter' rel=\"noopener\"><span class='avia_hidden_link_text'>Compartir en Twitter<\/span><\/a><\/li><li class='av-share-link av-social-link-whatsapp' ><a target=\"_blank\" aria-label=\"Compartir en Whatsapp\" href='https:\/\/api.whatsapp.com\/send?text=https:\/\/radiorevelacionfm.cl\/?p=39794' aria-hidden='false' data-av_icon='\uf232' data-av_iconfont='entypo-fontello' title='' data-avia-related-tooltip='Compartir en Whatsapp' rel=\"noopener\"><span class='avia_hidden_link_text'>Compartir en Whatsapp<\/span><\/a><\/li><li class='av-share-link av-social-link-linkedin' ><a target=\"_blank\" aria-label=\"Compartir en LinkedIn\" href='https:\/\/linkedin.com\/shareArticle?mini=true&#038;title=Ays%C3%A9n%3A%20Programa%20V%C3%ADnculos%20cierra%20versi%C3%B3n%2016%20y%20contin%C3%BAa%20con%20activa%20participaci%C3%B3n%20de%20Adultos%20Mayores&#038;url=https:\/\/radiorevelacionfm.cl\/?p=39794' aria-hidden='false' data-av_icon='\ue8fc' data-av_iconfont='entypo-fontello' title='' data-avia-related-tooltip='Compartir en LinkedIn' rel=\"noopener\"><span class='avia_hidden_link_text'>Compartir en LinkedIn<\/span><\/a><\/li><li class='av-share-link av-social-link-mail' ><a  aria-label=\"Compartir por correo\" href='mailto:?subject=Ays%C3%A9n%3A%20Programa%20V%C3%ADnculos%20cierra%20versi%C3%B3n%2016%20y%20contin%C3%BAa%20con%20activa%20participaci%C3%B3n%20de%20Adultos%20Mayores&#038;body=https:\/\/radiorevelacionfm.cl\/?p=39794' aria-hidden='false' data-av_icon='\ue805' data-av_iconfont='entypo-fontello' title='' data-avia-related-tooltip='Compartir por correo'><span class='avia_hidden_link_text'>Compartir por correo<\/span><\/a><\/li><\/ul><\/div><\/div>\n<div  style='height:50px' class='hr hr-invisible   avia-builder-el-8  el_after_av_social_share  el_before_av_comments_list '><span class='hr-inner ' ><span class='hr-inner-style'><\/span><\/span><\/div>\n<div  class='av-buildercomment  av-blog-meta-html-info-disabled av-blog-meta-tag-disabled  '><\/div>\n","protected":false},"excerpt":{"rendered":"","protected":false},"author":1,"featured_media":39795,"comment_status":"open","ping_status":"open","sticky":false,"template":"","format":"standard","meta":{"footnotes":""},"categories":[38],"tags":[],"class_list":["post-39794","post","type-post","status-publish","format-standard","has-post-thumbnail","hentry","category-regional"],"jetpack_featured_media_url":"https:\/\/radiorevelacionfm.cl\/wp-content\/uploads\/2024\/02\/cierre-16-vinculos-6-1_optimized-1.jpg","_links":{"self":[{"href":"https:\/\/radiorevelacionfm.cl\/index.php?rest_route=\/wp\/v2\/posts\/39794","targetHints":{"allow":["GET"]}}],"collection":[{"href":"https:\/\/radiorevelacionfm.cl\/index.php?rest_route=\/wp\/v2\/posts"}],"about":[{"href":"https:\/\/radiorevelacionfm.cl\/index.php?rest_route=\/wp\/v2\/types\/post"}],"author":[{"embeddable":true,"href":"https:\/\/radiorevelacionfm.cl\/index.php?rest_route=\/wp\/v2\/users\/1"}],"replies":[{"embeddable":true,"href":"https:\/\/radiorevelacionfm.cl\/index.php?rest_route=%2Fwp%2Fv2%2Fcomments&post=39794"}],"version-history":[{"count":1,"href":"https:\/\/radiorevelacionfm.cl\/index.php?rest_route=\/wp\/v2\/posts\/39794\/revisions"}],"predecessor-version":[{"id":39796,"href":"https:\/\/radiorevelacionfm.cl\/index.php?rest_route=\/wp\/v2\/posts\/39794\/revisions\/39796"}],"wp:featuredmedia":[{"embeddable":true,"href":"https:\/\/radiorevelacionfm.cl\/index.php?rest_route=\/wp\/v2\/media\/39795"}],"wp:attachment":[{"href":"https:\/\/radiorevelacionfm.cl\/index.php?rest_route=%2Fwp%2Fv2%2Fmedia&parent=39794"}],"wp:term":[{"taxonomy":"category","embeddable":true,"href":"https:\/\/radiorevelacionfm.cl\/index.php?rest_route=%2Fwp%2Fv2%2Fcategories&post=39794"},{"taxonomy":"post_tag","embeddable":true,"href":"https:\/\/radiorevelacionfm.cl\/index.php?rest_route=%2Fwp%2Fv2%2Ftags&post=39794"}],"curies":[{"name":"wp","href":"https:\/\/api.w.org\/{rel}","templated":true}]}}