{"id":39785,"date":"2024-02-22T21:00:52","date_gmt":"2024-02-23T00:00:52","guid":{"rendered":"https:\/\/radiorevelacionfm.cl\/?p=39785"},"modified":"2024-02-22T21:00:52","modified_gmt":"2024-02-23T00:00:52","slug":"seremi-de-salud-necesitamos-que-la-comunidad-se-proteja-contra-el-covid-19-y-se-prepare-para-este-invierno","status":"publish","type":"post","link":"https:\/\/radiorevelacionfm.cl\/?p=39785","title":{"rendered":"Seremi de Salud: \u201cNecesitamos que la comunidad se proteja contra el COVID-19 y se prepare para este invierno\u201d"},"content":{"rendered":"<div class=\"flex_column av_one_full  flex_column_div av-zero-column-padding first  avia-builder-el-0  el_before_av_one_full  avia-builder-el-first  \" style='border-radius:0px; '><div  class='avia-image-container  av-styling-    avia-builder-el-1  avia-builder-el-no-sibling  avia-align-center '  itemprop=\"image\" itemscope=\"itemscope\" itemtype=\"https:\/\/schema.org\/ImageObject\"  ><div class='avia-image-container-inner'><div class='avia-image-overlay-wrap'><img decoding=\"async\" class='wp-image-39786 avia-img-lazy-loading-not-39786 avia_image' src=\"https:\/\/radiorevelacionfm.cl\/wp-content\/uploads\/2024\/02\/equipo-central-vacunas-1_optimized.jpeg\" alt='' title='equipo-central-vacunas-(1)_optimized' height=\"600\" width=\"800\"  itemprop=\"thumbnailUrl\" srcset=\"https:\/\/radiorevelacionfm.cl\/wp-content\/uploads\/2024\/02\/equipo-central-vacunas-1_optimized.jpeg 800w, https:\/\/radiorevelacionfm.cl\/wp-content\/uploads\/2024\/02\/equipo-central-vacunas-1_optimized-300x225.jpeg 300w, https:\/\/radiorevelacionfm.cl\/wp-content\/uploads\/2024\/02\/equipo-central-vacunas-1_optimized-768x576.jpeg 768w, https:\/\/radiorevelacionfm.cl\/wp-content\/uploads\/2024\/02\/equipo-central-vacunas-1_optimized-705x529.jpeg 705w, https:\/\/radiorevelacionfm.cl\/wp-content\/uploads\/2024\/02\/equipo-central-vacunas-1_optimized-450x338.jpeg 450w, https:\/\/radiorevelacionfm.cl\/wp-content\/uploads\/2024\/02\/equipo-central-vacunas-1_optimized-600x450.jpeg 600w\" sizes=\"(max-width: 800px) 100vw, 800px\" \/><\/div><\/div><\/div><\/div><div class=\"flex_column av_one_full  flex_column_div av-zero-column-padding first  avia-builder-el-2  el_after_av_one_full  el_before_av_one_full  column-top-margin\" style='border-radius:0px; '><section class=\"av_textblock_section \"  itemscope=\"itemscope\" itemtype=\"https:\/\/schema.org\/BlogPosting\" itemprop=\"blogPost\" ><div class='avia_textblock  '   itemprop=\"text\" ><p style=\"text-align: center;\"><span style=\"font-size: 18pt;\"><strong>Seremi de Salud: <\/strong><strong>\u201cNecesitamos que la comunidad se proteja contra el COVID-19 y se prepare para este invierno\u201d<\/strong><\/span><\/p>\n<div id=\"gtx-trans\" style=\"position: absolute; left: -50px; top: 4.31534px;\">\n<div class=\"gtx-trans-icon\"><\/div>\n<\/div>\n<\/div><\/section><\/div><div class=\"flex_column av_one_full  flex_column_div av-zero-column-padding first  avia-builder-el-4  el_after_av_one_full  el_before_av_hr  column-top-margin\" style='border-radius:0px; '><section class=\"av_textblock_section \"  itemscope=\"itemscope\" itemtype=\"https:\/\/schema.org\/BlogPosting\" itemprop=\"blogPost\" ><div class='avia_textblock  '   itemprop=\"text\" ><p style=\"text-align: justify;\"><em>En esta etapa, junto a los adultos mayores y mujeres embarazadas, se suman funcionarios de las Fuerzas Armadas, Orden y Seguridad, Bomberos y personal de servicios p\u00fablicos, entre otros.<\/em><\/p>\n<p style=\"text-align: justify;\">Desde comienzos de este a\u00f1o que el dep\u00f3sito de vacunas de la Seremi de Salud Ays\u00e9n comenz\u00f3 a recibir el stock de vacunas que permitir\u00e1 a los habitantes de la regi\u00f3n, acceder en forma gratuita a las inmunizaciones contra el COVID-19, proceso que adquiere especial relevancia durante los primeros meses de este 2024, con la finalidad que la poblaci\u00f3n pueda generar los anticuerpos que permitan proteger su salud durante la pr\u00f3xima \u00e9poca invernal.<\/p>\n<p style=\"text-align: justify;\">As\u00ed lo manifest\u00f3 la Seremi de Salud, Carmen Monsalve G\u00f3mez, quien hizo un llamado a prevenir las enfermedades de invierno e impulsar el autocuidado a trav\u00e9s de la vacuna contra el COVID-19.\u00a0 \u201cEl llamado que hacemos a toda la comunidad de nuestra regi\u00f3n, es que acudan a vacunarse aprovechando esta temporada de verano, donde es m\u00e1s f\u00e1cil movilizarse especialmente para las personas mayores y mujeres embarazadas.\u00a0 A la fecha, hemos tenido varios adultos mayores que han presentado cuadros de neumon\u00eda grave, algunos casos por no tener sus vacunas al d\u00eda\u201d.<\/p>\n<p style=\"text-align: justify;\">Este proceso de vacunaci\u00f3n esta orientado a todas las personas sanas desde los 6 meses hasta los 59 a\u00f1os (con esquema incompleto o sin dosis administradas); adultos mayores (60 a\u00f1os y m\u00e1s), embarazadas, enfermos cr\u00f3nicos, personal de las fuerzas armadas bomberos, carabineros y polic\u00eda de investigaciones, personal de servicios p\u00fablicos, personal que realizar\u00e1 el CENSO, adem\u00e1s de funcionarios de farmacias, donde el principal requisito es que se pueden inmunizar luego de haber transcurrido un a\u00f1o desde la aplicaci\u00f3n de la \u00faltima dosis.<\/p>\n<p style=\"text-align: justify;\">La vacuna contra el COVID-19 est\u00e1 disponible en todos los establecimientos de la Red P\u00fablica de Salud de la regi\u00f3n de Ays\u00e9n, por lo que se invita a la comunidad a acercarse a los centros de salud con su c\u00e9dula de identidad para consultar por su calendario de inmunizaci\u00f3n.<\/p>\n<\/div><\/section><\/div><div  style='height:50px' class='hr hr-invisible   avia-builder-el-6  el_after_av_one_full  el_before_av_social_share '><span class='hr-inner ' ><span class='hr-inner-style'><\/span><\/span><\/div><\/p>\n<div  class='av-social-sharing-box  avia-builder-el-7  el_after_av_hr  el_before_av_hr  '><div class='av-share-box'><h5 class='av-share-link-description av-no-toc '>Compartir esta noticia<\/h5><ul class='av-share-box-list noLightbox'><li class='av-share-link av-social-link-facebook' ><a target=\"_blank\" aria-label=\"Compartir en Facebook\" href='https:\/\/www.facebook.com\/sharer.php?u=https:\/\/radiorevelacionfm.cl\/?p=39785&#038;t=Seremi%20de%20Salud%3A%20%E2%80%9CNecesitamos%20que%20la%20comunidad%20se%20proteja%20contra%20el%20COVID-19%20y%20se%20prepare%20para%20este%20invierno%E2%80%9D' aria-hidden='false' data-av_icon='\ue8f3' data-av_iconfont='entypo-fontello' title='' data-avia-related-tooltip='Compartir en Facebook' rel=\"noopener\"><span class='avia_hidden_link_text'>Compartir en Facebook<\/span><\/a><\/li><li class='av-share-link av-social-link-twitter' ><a target=\"_blank\" aria-label=\"Compartir en Twitter\" href='https:\/\/twitter.com\/share?text=Seremi%20de%20Salud%3A%20%E2%80%9CNecesitamos%20que%20la%20comunidad%20se%20proteja%20contra%20el%20COVID-19%20y%20se%20prepare%20para%20este%20invierno%E2%80%9D&#038;url=https:\/\/radiorevelacionfm.cl\/?p=39785' aria-hidden='false' data-av_icon='\ue8f1' data-av_iconfont='entypo-fontello' title='' data-avia-related-tooltip='Compartir en Twitter' rel=\"noopener\"><span class='avia_hidden_link_text'>Compartir en Twitter<\/span><\/a><\/li><li class='av-share-link av-social-link-whatsapp' ><a target=\"_blank\" aria-label=\"Compartir en Whatsapp\" href='https:\/\/api.whatsapp.com\/send?text=https:\/\/radiorevelacionfm.cl\/?p=39785' aria-hidden='false' data-av_icon='\uf232' data-av_iconfont='entypo-fontello' title='' data-avia-related-tooltip='Compartir en Whatsapp' rel=\"noopener\"><span class='avia_hidden_link_text'>Compartir en Whatsapp<\/span><\/a><\/li><li class='av-share-link av-social-link-linkedin' ><a target=\"_blank\" aria-label=\"Compartir en LinkedIn\" href='https:\/\/linkedin.com\/shareArticle?mini=true&#038;title=Seremi%20de%20Salud%3A%20%E2%80%9CNecesitamos%20que%20la%20comunidad%20se%20proteja%20contra%20el%20COVID-19%20y%20se%20prepare%20para%20este%20invierno%E2%80%9D&#038;url=https:\/\/radiorevelacionfm.cl\/?p=39785' aria-hidden='false' data-av_icon='\ue8fc' data-av_iconfont='entypo-fontello' title='' data-avia-related-tooltip='Compartir en LinkedIn' rel=\"noopener\"><span class='avia_hidden_link_text'>Compartir en LinkedIn<\/span><\/a><\/li><li class='av-share-link av-social-link-mail' ><a  aria-label=\"Compartir por correo\" href='mailto:?subject=Seremi%20de%20Salud%3A%20%E2%80%9CNecesitamos%20que%20la%20comunidad%20se%20proteja%20contra%20el%20COVID-19%20y%20se%20prepare%20para%20este%20invierno%E2%80%9D&#038;body=https:\/\/radiorevelacionfm.cl\/?p=39785' aria-hidden='false' data-av_icon='\ue805' data-av_iconfont='entypo-fontello' title='' data-avia-related-tooltip='Compartir por correo'><span class='avia_hidden_link_text'>Compartir por correo<\/span><\/a><\/li><\/ul><\/div><\/div>\n<div  style='height:50px' class='hr hr-invisible   avia-builder-el-8  el_after_av_social_share  el_before_av_comments_list '><span class='hr-inner ' ><span class='hr-inner-style'><\/span><\/span><\/div>\n<div  class='av-buildercomment  av-blog-meta-html-info-disabled av-blog-meta-tag-disabled  '><\/div>\n","protected":false},"excerpt":{"rendered":"","protected":false},"author":1,"featured_media":39786,"comment_status":"open","ping_status":"open","sticky":false,"template":"","format":"standard","meta":{"footnotes":""},"categories":[46],"tags":[],"class_list":["post-39785","post","type-post","status-publish","format-standard","has-post-thumbnail","hentry","category-salud"],"jetpack_featured_media_url":"https:\/\/radiorevelacionfm.cl\/wp-content\/uploads\/2024\/02\/equipo-central-vacunas-1_optimized.jpeg","_links":{"self":[{"href":"https:\/\/radiorevelacionfm.cl\/index.php?rest_route=\/wp\/v2\/posts\/39785","targetHints":{"allow":["GET"]}}],"collection":[{"href":"https:\/\/radiorevelacionfm.cl\/index.php?rest_route=\/wp\/v2\/posts"}],"about":[{"href":"https:\/\/radiorevelacionfm.cl\/index.php?rest_route=\/wp\/v2\/types\/post"}],"author":[{"embeddable":true,"href":"https:\/\/radiorevelacionfm.cl\/index.php?rest_route=\/wp\/v2\/users\/1"}],"replies":[{"embeddable":true,"href":"https:\/\/radiorevelacionfm.cl\/index.php?rest_route=%2Fwp%2Fv2%2Fcomments&post=39785"}],"version-history":[{"count":1,"href":"https:\/\/radiorevelacionfm.cl\/index.php?rest_route=\/wp\/v2\/posts\/39785\/revisions"}],"predecessor-version":[{"id":39787,"href":"https:\/\/radiorevelacionfm.cl\/index.php?rest_route=\/wp\/v2\/posts\/39785\/revisions\/39787"}],"wp:featuredmedia":[{"embeddable":true,"href":"https:\/\/radiorevelacionfm.cl\/index.php?rest_route=\/wp\/v2\/media\/39786"}],"wp:attachment":[{"href":"https:\/\/radiorevelacionfm.cl\/index.php?rest_route=%2Fwp%2Fv2%2Fmedia&parent=39785"}],"wp:term":[{"taxonomy":"category","embeddable":true,"href":"https:\/\/radiorevelacionfm.cl\/index.php?rest_route=%2Fwp%2Fv2%2Fcategories&post=39785"},{"taxonomy":"post_tag","embeddable":true,"href":"https:\/\/radiorevelacionfm.cl\/index.php?rest_route=%2Fwp%2Fv2%2Ftags&post=39785"}],"curies":[{"name":"wp","href":"https:\/\/api.w.org\/{rel}","templated":true}]}}