{"id":39782,"date":"2024-02-22T18:12:35","date_gmt":"2024-02-22T21:12:35","guid":{"rendered":"https:\/\/radiorevelacionfm.cl\/?p=39782"},"modified":"2024-02-22T18:12:35","modified_gmt":"2024-02-22T21:12:35","slug":"conaf-denuncia-danos-en-cueva-de-las-manos-del-parque-nacional-patagonia","status":"publish","type":"post","link":"https:\/\/radiorevelacionfm.cl\/?p=39782","title":{"rendered":"Conaf denuncia da\u00f1os en Cueva de las Manos del Parque Nacional Patagonia"},"content":{"rendered":"<div class=\"flex_column av_one_full  flex_column_div av-zero-column-padding first  avia-builder-el-0  el_before_av_one_full  avia-builder-el-first  \" style='border-radius:0px; '><div  class='avia-image-container  av-styling-    avia-builder-el-1  avia-builder-el-no-sibling  avia-align-center '  itemprop=\"image\" itemscope=\"itemscope\" itemtype=\"https:\/\/schema.org\/ImageObject\"  ><div class='avia-image-container-inner'><div class='avia-image-overlay-wrap'><img decoding=\"async\" class='wp-image-39783 avia-img-lazy-loading-not-39783 avia_image' src=\"https:\/\/radiorevelacionfm.cl\/wp-content\/uploads\/2024\/02\/imagenes-3-y-4_optimized.-se-puede-identificar-que-la-mano-corresponde-a-una-persona-adulta-1-1.jpg\" alt='' title='im\u00e1genes-3-y-4_optimized.-se-puede-identificar-que-la-mano-corresponde-a-una-persona-adulta-(1) (1)' height=\"600\" width=\"799\"  itemprop=\"thumbnailUrl\" srcset=\"https:\/\/radiorevelacionfm.cl\/wp-content\/uploads\/2024\/02\/imagenes-3-y-4_optimized.-se-puede-identificar-que-la-mano-corresponde-a-una-persona-adulta-1-1.jpg 799w, https:\/\/radiorevelacionfm.cl\/wp-content\/uploads\/2024\/02\/imagenes-3-y-4_optimized.-se-puede-identificar-que-la-mano-corresponde-a-una-persona-adulta-1-1-300x225.jpg 300w, https:\/\/radiorevelacionfm.cl\/wp-content\/uploads\/2024\/02\/imagenes-3-y-4_optimized.-se-puede-identificar-que-la-mano-corresponde-a-una-persona-adulta-1-1-768x577.jpg 768w, https:\/\/radiorevelacionfm.cl\/wp-content\/uploads\/2024\/02\/imagenes-3-y-4_optimized.-se-puede-identificar-que-la-mano-corresponde-a-una-persona-adulta-1-1-705x529.jpg 705w, https:\/\/radiorevelacionfm.cl\/wp-content\/uploads\/2024\/02\/imagenes-3-y-4_optimized.-se-puede-identificar-que-la-mano-corresponde-a-una-persona-adulta-1-1-450x338.jpg 450w, https:\/\/radiorevelacionfm.cl\/wp-content\/uploads\/2024\/02\/imagenes-3-y-4_optimized.-se-puede-identificar-que-la-mano-corresponde-a-una-persona-adulta-1-1-600x451.jpg 600w\" sizes=\"(max-width: 799px) 100vw, 799px\" \/><\/div><\/div><\/div><\/div><div class=\"flex_column av_one_full  flex_column_div av-zero-column-padding first  avia-builder-el-2  el_after_av_one_full  el_before_av_one_full  column-top-margin\" style='border-radius:0px; '><section class=\"av_textblock_section \"  itemscope=\"itemscope\" itemtype=\"https:\/\/schema.org\/BlogPosting\" itemprop=\"blogPost\" ><div class='avia_textblock  '   itemprop=\"text\" ><p style=\"text-align: center;\"><strong><span style=\"font-size: 18pt;\">Conaf denuncia da\u00f1os en Cueva de las Manos del Parque Nacional Patagonia<\/span><\/strong><\/p>\n<div id=\"gtx-trans\" style=\"position: absolute; left: -50px; top: 4.31534px;\">\n<div class=\"gtx-trans-icon\"><\/div>\n<\/div>\n<\/div><\/section><\/div><div class=\"flex_column av_one_full  flex_column_div av-zero-column-padding first  avia-builder-el-4  el_after_av_one_full  el_before_av_hr  column-top-margin\" style='border-radius:0px; '><section class=\"av_textblock_section \"  itemscope=\"itemscope\" itemtype=\"https:\/\/schema.org\/BlogPosting\" itemprop=\"blogPost\" ><div class='avia_textblock  '   itemprop=\"text\" ><p style=\"text-align: justify;\"><em>Este martes se realiz\u00f3 una denuncia ante Carabineros de Chile Chico por da\u00f1os a la \u201cCueva de las Manos\u201d del R\u00edo Pedregoso, al interior del Parque Nacional Patagonia, sector Jeinimeni.<\/em><\/p>\n<p style=\"text-align: justify;\">La Direcci\u00f3n Regional de CONAF Ays\u00e9n informa que cerca de las 18 horas del martes 20 de febrero, se realiz\u00f3 una denuncia ante Carabineros de Chile Chico por da\u00f1o arqueol\u00f3gico al interior del monumento \u201cCueva de las manos\u201d del R\u00edo Pedregoso, sitio que se encuentra al interior del Parque Nacional Patagonia, sector Jeinimeni.<\/p>\n<p style=\"text-align: justify;\">La denuncia fue realizada por Benjam\u00edn Molina, administrador del Parque Nacional Patagonia sector Jeinimeni, quien se\u00f1al\u00f3 que en uno de los habituales patrullajes de los funcionarios se detect\u00f3 la intervenci\u00f3n al interior del monumento.<\/p>\n<p style=\"text-align: justify;\">El administrador del PNP explic\u00f3 que su denuncia se enmarca en una falta espec\u00edfica a la Ley 17.288, Ley de Monumentos Nacionales, en su art\u00edculo 38, que indica que \u201cquien\u00a0 cause da\u00f1os en un Monumento Nacional, o afectare de cualquier modo su integridad, ser\u00e1 sancionado con pena de presidio menor en sus grados medio a m\u00e1ximo y una multa de cincuenta a doscientas unidades tributarias mensuales.\u201d<\/p>\n<p style=\"text-align: justify;\">\u201cEsto da\u00f1a seriamente uno de los lugares m\u00e1s emblem\u00e1ticos del sector y unos de los patrimonios \u00a0culturales m\u00e1s reconocidos por la comunidad, \u00a0nos hace seguir trabajando con m\u00e1s fuerza en el cuidado de estos sitios patrimoniales, aunque tambi\u00e9n hay que reconocer que para evitar que se sigan cometiendo este tipo de actos \u2013que lamentablemente ya han ocurrido anteriormente-, se debe seguir informando y educando a la comunidad en general sobre el patrimonio cultural que tenemos presente en nuestra regi\u00f3n\u201d, agreg\u00f3.<\/p>\n<p style=\"text-align: justify;\">Si bien hasta el momento se desconoce la identidad de qui\u00e9n o qui\u00e9nes intervinieron el recinto, el\u00a0 origen o las caracter\u00edsticas t\u00e9cnicas de la pintura, los antecedentes ya fueron entregados a la Fiscal\u00eda local, que deber\u00e1 realizar diligencias de rigor.<\/p>\n<p style=\"text-align: justify;\">Al respecto, el Director Regional (I) de CONAF, Ronald Valenzuela, expres\u00f3: \u201cCausa verdadero escozor el ver c\u00f3mo parad\u00f3jicamente una de las primeras expresiones culturales realizadas por pueblos n\u00f3mades de la estepa patag\u00f3nica, 3.000 a\u00f1os m\u00e1s tarde son vandalizadas al alero de la incultura y la reducida valoraci\u00f3n de algunas personas. Sitios como \u00e9stos constituyen cultura viva y son un viaje a trav\u00e9s del tiempo que es patrimonio de todos y todas y, por lo mismo, es deber de todos y de todas conservarlos para las futuras generaciones\u201d.<\/p>\n<p style=\"text-align: justify;\">Del mismo modo, la Jefa del Departamento de \u00c1reas Silvestres Protegidas, Andrea Bahamonde, se\u00f1al\u00f3: \u201cComo CONAF hacemos un llamado a cuidar estos monumentos arqueol\u00f3gicos que son de todos los chilenos, que nos muestran parte de nuestro pasado; en este caso, las pinturas rupestres\u00a0 son una manifestaci\u00f3n de la cultura Tehuelche\u201d.<\/p>\n<p style=\"text-align: justify;\"><strong>Sitio Patrimonial<\/strong><\/p>\n<p style=\"text-align: justify;\">La Cueva de las Manos del R\u00edo Pedregoso se encuentra en Chile Chico, aproximadamente a veinticinco kil\u00f3metros por el camino que lleva al Parque Nacional Patagonia, sector Lago Jenimeni.<\/p>\n<p style=\"text-align: justify;\">Es una b\u00f3veda incrustada en una formaci\u00f3n de ignimbrita, que es una roca volc\u00e1nica que fue esculpida por los efectos de la naturaleza en el per\u00edodo \u00a0condiciones paleoclim\u00e1ticas. Se encuentra a una altura de 1.106 metros, tiene una apertura de acceso de aproximadamente unos 6,8 metros de ancho y en su parte m\u00e1s alta llega a 3,5 metros. El piso tiene una capa de ceniza volc\u00e1nica de aprox. 20 cm de espesor sobre la roca, y las pinturas ruprestres se encuentran ubicadas en las paredes y techo de la cueva.<\/p>\n<p style=\"text-align: justify;\">Al interior de la cueva se encuentran 13 sectores de Arte Rupestre, seg\u00fan publicaciones de los investigadores Hans Niemeyer (1976) y Felipe Bate (1979). Debido a esta caracter\u00edstica, es el lugar de mayor relevancia arqueol\u00f3gica de todo el recorrido y, por lo mismo, un lugar que en la actualidad recibe una gran cantidad de visitantes tanto nacionales como extranjeros, por lo que adem\u00e1s se est\u00e1 construyendo un sendero de 8.9 km para todo p\u00fablico, y otro de 1 km. para personas con capacidad reducida. Todo financiado por el Gobierno Regional.<\/p>\n<p style=\"text-align: justify;\">Finalmente, cabe agregar que tras un catastro realizado en nuestra regi\u00f3n entre los a\u00f1os 20202 y 2021 por encargo del Consejo de Monumentos Nacionales de Chile, se determin\u00f3 la existencia en nuestra regi\u00f3n de 120 sitios con m\u00e1s de 1.750 motivos que corresponden a diversas expresiones pl\u00e1sticas de los pueblos n\u00f3mades que alguna vez circularon entre la estepa chilena y argentina. Basados en los an\u00e1lisis, se estima que la antig\u00fcedad de algunos tipos de motivos llega a 3.000 a\u00f1os.<\/p>\n<\/div><\/section><\/div><div  style='height:50px' class='hr hr-invisible   avia-builder-el-6  el_after_av_one_full  el_before_av_social_share '><span class='hr-inner ' ><span class='hr-inner-style'><\/span><\/span><\/div><\/p>\n<div  class='av-social-sharing-box  avia-builder-el-7  el_after_av_hr  el_before_av_hr  '><div class='av-share-box'><h5 class='av-share-link-description av-no-toc '>Compartir esta noticia<\/h5><ul class='av-share-box-list noLightbox'><li class='av-share-link av-social-link-facebook' ><a target=\"_blank\" aria-label=\"Compartir en Facebook\" href='https:\/\/www.facebook.com\/sharer.php?u=https:\/\/radiorevelacionfm.cl\/?p=39782&#038;t=Conaf%20denuncia%20da%C3%B1os%20en%20Cueva%20de%20las%20Manos%20del%20Parque%20Nacional%20Patagonia' aria-hidden='false' data-av_icon='\ue8f3' data-av_iconfont='entypo-fontello' title='' data-avia-related-tooltip='Compartir en Facebook' rel=\"noopener\"><span class='avia_hidden_link_text'>Compartir en Facebook<\/span><\/a><\/li><li class='av-share-link av-social-link-twitter' ><a target=\"_blank\" aria-label=\"Compartir en Twitter\" href='https:\/\/twitter.com\/share?text=Conaf%20denuncia%20da%C3%B1os%20en%20Cueva%20de%20las%20Manos%20del%20Parque%20Nacional%20Patagonia&#038;url=https:\/\/radiorevelacionfm.cl\/?p=39782' aria-hidden='false' data-av_icon='\ue8f1' data-av_iconfont='entypo-fontello' title='' data-avia-related-tooltip='Compartir en Twitter' rel=\"noopener\"><span class='avia_hidden_link_text'>Compartir en Twitter<\/span><\/a><\/li><li class='av-share-link av-social-link-whatsapp' ><a target=\"_blank\" aria-label=\"Compartir en Whatsapp\" href='https:\/\/api.whatsapp.com\/send?text=https:\/\/radiorevelacionfm.cl\/?p=39782' aria-hidden='false' data-av_icon='\uf232' data-av_iconfont='entypo-fontello' title='' data-avia-related-tooltip='Compartir en Whatsapp' rel=\"noopener\"><span class='avia_hidden_link_text'>Compartir en Whatsapp<\/span><\/a><\/li><li class='av-share-link av-social-link-linkedin' ><a target=\"_blank\" aria-label=\"Compartir en LinkedIn\" href='https:\/\/linkedin.com\/shareArticle?mini=true&#038;title=Conaf%20denuncia%20da%C3%B1os%20en%20Cueva%20de%20las%20Manos%20del%20Parque%20Nacional%20Patagonia&#038;url=https:\/\/radiorevelacionfm.cl\/?p=39782' aria-hidden='false' data-av_icon='\ue8fc' data-av_iconfont='entypo-fontello' title='' data-avia-related-tooltip='Compartir en LinkedIn' rel=\"noopener\"><span class='avia_hidden_link_text'>Compartir en LinkedIn<\/span><\/a><\/li><li class='av-share-link av-social-link-mail' ><a  aria-label=\"Compartir por correo\" href='mailto:?subject=Conaf%20denuncia%20da%C3%B1os%20en%20Cueva%20de%20las%20Manos%20del%20Parque%20Nacional%20Patagonia&#038;body=https:\/\/radiorevelacionfm.cl\/?p=39782' aria-hidden='false' data-av_icon='\ue805' data-av_iconfont='entypo-fontello' title='' data-avia-related-tooltip='Compartir por correo'><span class='avia_hidden_link_text'>Compartir por correo<\/span><\/a><\/li><\/ul><\/div><\/div>\n<div  style='height:50px' class='hr hr-invisible   avia-builder-el-8  el_after_av_social_share  el_before_av_comments_list '><span class='hr-inner ' ><span class='hr-inner-style'><\/span><\/span><\/div>\n<div  class='av-buildercomment  av-blog-meta-html-info-disabled av-blog-meta-tag-disabled  '><\/div>\n","protected":false},"excerpt":{"rendered":"","protected":false},"author":1,"featured_media":39783,"comment_status":"open","ping_status":"open","sticky":false,"template":"","format":"standard","meta":{"footnotes":""},"categories":[38],"tags":[],"class_list":["post-39782","post","type-post","status-publish","format-standard","has-post-thumbnail","hentry","category-regional"],"jetpack_featured_media_url":"https:\/\/radiorevelacionfm.cl\/wp-content\/uploads\/2024\/02\/imagenes-3-y-4_optimized.-se-puede-identificar-que-la-mano-corresponde-a-una-persona-adulta-1-1.jpg","_links":{"self":[{"href":"https:\/\/radiorevelacionfm.cl\/index.php?rest_route=\/wp\/v2\/posts\/39782","targetHints":{"allow":["GET"]}}],"collection":[{"href":"https:\/\/radiorevelacionfm.cl\/index.php?rest_route=\/wp\/v2\/posts"}],"about":[{"href":"https:\/\/radiorevelacionfm.cl\/index.php?rest_route=\/wp\/v2\/types\/post"}],"author":[{"embeddable":true,"href":"https:\/\/radiorevelacionfm.cl\/index.php?rest_route=\/wp\/v2\/users\/1"}],"replies":[{"embeddable":true,"href":"https:\/\/radiorevelacionfm.cl\/index.php?rest_route=%2Fwp%2Fv2%2Fcomments&post=39782"}],"version-history":[{"count":1,"href":"https:\/\/radiorevelacionfm.cl\/index.php?rest_route=\/wp\/v2\/posts\/39782\/revisions"}],"predecessor-version":[{"id":39784,"href":"https:\/\/radiorevelacionfm.cl\/index.php?rest_route=\/wp\/v2\/posts\/39782\/revisions\/39784"}],"wp:featuredmedia":[{"embeddable":true,"href":"https:\/\/radiorevelacionfm.cl\/index.php?rest_route=\/wp\/v2\/media\/39783"}],"wp:attachment":[{"href":"https:\/\/radiorevelacionfm.cl\/index.php?rest_route=%2Fwp%2Fv2%2Fmedia&parent=39782"}],"wp:term":[{"taxonomy":"category","embeddable":true,"href":"https:\/\/radiorevelacionfm.cl\/index.php?rest_route=%2Fwp%2Fv2%2Fcategories&post=39782"},{"taxonomy":"post_tag","embeddable":true,"href":"https:\/\/radiorevelacionfm.cl\/index.php?rest_route=%2Fwp%2Fv2%2Ftags&post=39782"}],"curies":[{"name":"wp","href":"https:\/\/api.w.org\/{rel}","templated":true}]}}