{"id":39779,"date":"2024-02-22T16:24:28","date_gmt":"2024-02-22T19:24:28","guid":{"rendered":"https:\/\/radiorevelacionfm.cl\/?p=39779"},"modified":"2024-02-22T16:24:28","modified_gmt":"2024-02-22T19:24:28","slug":"invitan-al-ultimo-fin-de-semana-de-fiestas-costumbristas-en-villa-la-tapera-con-jineteadas-y-rodeo","status":"publish","type":"post","link":"https:\/\/radiorevelacionfm.cl\/?p=39779","title":{"rendered":"Invitan al \u00faltimo fin de semana de fiestas costumbristas en Villa La Tapera con jineteadas y rodeo"},"content":{"rendered":"<div class=\"flex_column av_one_full  flex_column_div av-zero-column-padding first  avia-builder-el-0  el_before_av_one_full  avia-builder-el-first  \" style='border-radius:0px; '><div  class='avia-image-container  av-styling-    avia-builder-el-1  avia-builder-el-no-sibling  avia-align-center '  itemprop=\"image\" itemscope=\"itemscope\" itemtype=\"https:\/\/schema.org\/ImageObject\"  ><div class='avia-image-container-inner'><div class='avia-image-overlay-wrap'><img decoding=\"async\" class='wp-image-39780 avia-img-lazy-loading-not-39780 avia_image' src=\"https:\/\/radiorevelacionfm.cl\/wp-content\/uploads\/2024\/02\/1b7f2a49-7814-459e-af78-45b2c5925dd2-1_optimized-1.jpg\" alt='' title='1b7f2a49-7814-459e-af78-45b2c5925dd2-(1)_optimized (1)' height=\"600\" width=\"800\"  itemprop=\"thumbnailUrl\" srcset=\"https:\/\/radiorevelacionfm.cl\/wp-content\/uploads\/2024\/02\/1b7f2a49-7814-459e-af78-45b2c5925dd2-1_optimized-1.jpg 800w, https:\/\/radiorevelacionfm.cl\/wp-content\/uploads\/2024\/02\/1b7f2a49-7814-459e-af78-45b2c5925dd2-1_optimized-1-300x225.jpg 300w, https:\/\/radiorevelacionfm.cl\/wp-content\/uploads\/2024\/02\/1b7f2a49-7814-459e-af78-45b2c5925dd2-1_optimized-1-768x576.jpg 768w, https:\/\/radiorevelacionfm.cl\/wp-content\/uploads\/2024\/02\/1b7f2a49-7814-459e-af78-45b2c5925dd2-1_optimized-1-705x529.jpg 705w, https:\/\/radiorevelacionfm.cl\/wp-content\/uploads\/2024\/02\/1b7f2a49-7814-459e-af78-45b2c5925dd2-1_optimized-1-450x338.jpg 450w, https:\/\/radiorevelacionfm.cl\/wp-content\/uploads\/2024\/02\/1b7f2a49-7814-459e-af78-45b2c5925dd2-1_optimized-1-600x450.jpg 600w\" sizes=\"(max-width: 800px) 100vw, 800px\" \/><\/div><\/div><\/div><\/div><div class=\"flex_column av_one_full  flex_column_div av-zero-column-padding first  avia-builder-el-2  el_after_av_one_full  el_before_av_one_full  column-top-margin\" style='border-radius:0px; '><section class=\"av_textblock_section \"  itemscope=\"itemscope\" itemtype=\"https:\/\/schema.org\/BlogPosting\" itemprop=\"blogPost\" ><div class='avia_textblock  '   itemprop=\"text\" ><p style=\"text-align: center;\"><strong><span style=\"font-size: 18pt;\">Invitan al \u00faltimo fin de semana de fiestas costumbristas en Villa La Tapera con jineteadas y rodeo<\/span><\/strong><\/p>\n<div id=\"gtx-trans\" style=\"position: absolute; left: -50px; top: 4.31534px;\">\n<div class=\"gtx-trans-icon\"><\/div>\n<\/div>\n<\/div><\/section><\/div><div class=\"flex_column av_one_full  flex_column_div av-zero-column-padding first  avia-builder-el-4  el_after_av_one_full  el_before_av_hr  column-top-margin\" style='border-radius:0px; '><section class=\"av_textblock_section \"  itemscope=\"itemscope\" itemtype=\"https:\/\/schema.org\/BlogPosting\" itemprop=\"blogPost\" ><div class='avia_textblock  '   itemprop=\"text\" ><p style=\"text-align: justify;\">Todo comenz\u00f3 en Lago Verde, continu\u00f3 en Villa Amengual, y ahora, este fin de semana, desde el 22 al 25 de febrero, la fiesta y las actividades se concentrar\u00e1n en Villa la Tapera. Localidad que promete dar broche de oro a un mes donde abundaron los panoramas costumbristas, en celebraci\u00f3n del aniversario n\u00famero 87 de la comuna de Lago Verde.<\/p>\n<p style=\"text-align: justify;\">Y es que en Villa la Tapera, al ser una localidad fronteriza, unir\u00e1 las tradiciones campestres tanto chilenas como argentinas, en una fiesta que incluir\u00e1 jineteadas, rodeo, y una noche de m\u00fasica en vivo donde destaca la ranchera y el chamam\u00e9.<\/p>\n<p style=\"text-align: justify;\">Villa Amengual fue una fiesta inolvidable es por eso que el alcalde Nelson Opazo resalto que fue, \u00abmaravilloso poder compartir con gente tan diversa, de diferentes lugares. El comportamiento ejemplar, el ambiente familiar, una concurrencia absolutamente masiva. De verdad un saldo absolutamente positivo, fue un rotundo \u00e9xito\u00bb.<\/p>\n<p style=\"text-align: justify;\">Ahora todo se traslada hacia Villa la Tapera, donde el alcalde ha extendido la invitaci\u00f3n a toda la regi\u00f3n para que los acompa\u00f1en a disfrutar de la espectacular parrilla de actividades: \u00abque definitivamente son recomendables para cualquier persona que quiera pasar un momento agradable, compartir la cultura, lo que es la idiosincrasia local, de comunas y territorios como los nuestros\u00bb.<\/p>\n<p style=\"text-align: justify;\">Adem\u00e1s del rodeo y las jineteadas, en la noche se vendr\u00e1 un baile a cargo de Estampa Lagoverdina, Los Reyes del Pago, Los Halcones Negros, Los Luceros del Valle, Many Many, Cinchando pa&#8217; no aflojar y Los Tukas del Sur entre otros.<\/p>\n<p style=\"text-align: justify;\">Finalmente, el alcalde Opazo quiso dirigir unas palabras de reconocimiento a quienes est\u00e1n trabajando para que estos eventos funcionen con el \u00e9xito que han tenido: \u00abpara nosotros es solo agradecimiento a la gente que nos permite desarrollar este tipo de actividades. Un equipo de trabajo s\u00faper comprometido, que cumple a cabalidad con los desaf\u00edos que nos imponemos semana a semana\u00bb, concluy\u00f3.<\/p>\n<\/div><\/section><\/div><div  style='height:50px' class='hr hr-invisible   avia-builder-el-6  el_after_av_one_full  el_before_av_social_share '><span class='hr-inner ' ><span class='hr-inner-style'><\/span><\/span><\/div><\/p>\n<div  class='av-social-sharing-box  avia-builder-el-7  el_after_av_hr  el_before_av_hr  '><div class='av-share-box'><h5 class='av-share-link-description av-no-toc '>Compartir esta noticia<\/h5><ul class='av-share-box-list noLightbox'><li class='av-share-link av-social-link-facebook' ><a target=\"_blank\" aria-label=\"Compartir en Facebook\" href='https:\/\/www.facebook.com\/sharer.php?u=https:\/\/radiorevelacionfm.cl\/?p=39779&#038;t=Invitan%20al%20%C3%BAltimo%20fin%20de%20semana%20de%20fiestas%20costumbristas%20en%20Villa%20La%20Tapera%20con%20jineteadas%20y%20rodeo' aria-hidden='false' data-av_icon='\ue8f3' data-av_iconfont='entypo-fontello' title='' data-avia-related-tooltip='Compartir en Facebook' rel=\"noopener\"><span class='avia_hidden_link_text'>Compartir en Facebook<\/span><\/a><\/li><li class='av-share-link av-social-link-twitter' ><a target=\"_blank\" aria-label=\"Compartir en Twitter\" href='https:\/\/twitter.com\/share?text=Invitan%20al%20%C3%BAltimo%20fin%20de%20semana%20de%20fiestas%20costumbristas%20en%20Villa%20La%20Tapera%20con%20jineteadas%20y%20rodeo&#038;url=https:\/\/radiorevelacionfm.cl\/?p=39779' aria-hidden='false' data-av_icon='\ue8f1' data-av_iconfont='entypo-fontello' title='' data-avia-related-tooltip='Compartir en Twitter' rel=\"noopener\"><span class='avia_hidden_link_text'>Compartir en Twitter<\/span><\/a><\/li><li class='av-share-link av-social-link-whatsapp' ><a target=\"_blank\" aria-label=\"Compartir en Whatsapp\" href='https:\/\/api.whatsapp.com\/send?text=https:\/\/radiorevelacionfm.cl\/?p=39779' aria-hidden='false' data-av_icon='\uf232' data-av_iconfont='entypo-fontello' title='' data-avia-related-tooltip='Compartir en Whatsapp' rel=\"noopener\"><span class='avia_hidden_link_text'>Compartir en Whatsapp<\/span><\/a><\/li><li class='av-share-link av-social-link-linkedin' ><a target=\"_blank\" aria-label=\"Compartir en LinkedIn\" href='https:\/\/linkedin.com\/shareArticle?mini=true&#038;title=Invitan%20al%20%C3%BAltimo%20fin%20de%20semana%20de%20fiestas%20costumbristas%20en%20Villa%20La%20Tapera%20con%20jineteadas%20y%20rodeo&#038;url=https:\/\/radiorevelacionfm.cl\/?p=39779' aria-hidden='false' data-av_icon='\ue8fc' data-av_iconfont='entypo-fontello' title='' data-avia-related-tooltip='Compartir en LinkedIn' rel=\"noopener\"><span class='avia_hidden_link_text'>Compartir en LinkedIn<\/span><\/a><\/li><li class='av-share-link av-social-link-mail' ><a  aria-label=\"Compartir por correo\" href='mailto:?subject=Invitan%20al%20%C3%BAltimo%20fin%20de%20semana%20de%20fiestas%20costumbristas%20en%20Villa%20La%20Tapera%20con%20jineteadas%20y%20rodeo&#038;body=https:\/\/radiorevelacionfm.cl\/?p=39779' aria-hidden='false' data-av_icon='\ue805' data-av_iconfont='entypo-fontello' title='' data-avia-related-tooltip='Compartir por correo'><span class='avia_hidden_link_text'>Compartir por correo<\/span><\/a><\/li><\/ul><\/div><\/div>\n<div  style='height:50px' class='hr hr-invisible   avia-builder-el-8  el_after_av_social_share  el_before_av_comments_list '><span class='hr-inner ' ><span class='hr-inner-style'><\/span><\/span><\/div>\n<div  class='av-buildercomment  av-blog-meta-html-info-disabled av-blog-meta-tag-disabled  '><\/div>\n","protected":false},"excerpt":{"rendered":"","protected":false},"author":1,"featured_media":39780,"comment_status":"open","ping_status":"open","sticky":false,"template":"","format":"standard","meta":{"footnotes":""},"categories":[38],"tags":[],"class_list":["post-39779","post","type-post","status-publish","format-standard","has-post-thumbnail","hentry","category-regional"],"jetpack_featured_media_url":"https:\/\/radiorevelacionfm.cl\/wp-content\/uploads\/2024\/02\/1b7f2a49-7814-459e-af78-45b2c5925dd2-1_optimized-1.jpg","_links":{"self":[{"href":"https:\/\/radiorevelacionfm.cl\/index.php?rest_route=\/wp\/v2\/posts\/39779","targetHints":{"allow":["GET"]}}],"collection":[{"href":"https:\/\/radiorevelacionfm.cl\/index.php?rest_route=\/wp\/v2\/posts"}],"about":[{"href":"https:\/\/radiorevelacionfm.cl\/index.php?rest_route=\/wp\/v2\/types\/post"}],"author":[{"embeddable":true,"href":"https:\/\/radiorevelacionfm.cl\/index.php?rest_route=\/wp\/v2\/users\/1"}],"replies":[{"embeddable":true,"href":"https:\/\/radiorevelacionfm.cl\/index.php?rest_route=%2Fwp%2Fv2%2Fcomments&post=39779"}],"version-history":[{"count":1,"href":"https:\/\/radiorevelacionfm.cl\/index.php?rest_route=\/wp\/v2\/posts\/39779\/revisions"}],"predecessor-version":[{"id":39781,"href":"https:\/\/radiorevelacionfm.cl\/index.php?rest_route=\/wp\/v2\/posts\/39779\/revisions\/39781"}],"wp:featuredmedia":[{"embeddable":true,"href":"https:\/\/radiorevelacionfm.cl\/index.php?rest_route=\/wp\/v2\/media\/39780"}],"wp:attachment":[{"href":"https:\/\/radiorevelacionfm.cl\/index.php?rest_route=%2Fwp%2Fv2%2Fmedia&parent=39779"}],"wp:term":[{"taxonomy":"category","embeddable":true,"href":"https:\/\/radiorevelacionfm.cl\/index.php?rest_route=%2Fwp%2Fv2%2Fcategories&post=39779"},{"taxonomy":"post_tag","embeddable":true,"href":"https:\/\/radiorevelacionfm.cl\/index.php?rest_route=%2Fwp%2Fv2%2Ftags&post=39779"}],"curies":[{"name":"wp","href":"https:\/\/api.w.org\/{rel}","templated":true}]}}