{"id":39776,"date":"2024-02-22T15:41:02","date_gmt":"2024-02-22T18:41:02","guid":{"rendered":"https:\/\/radiorevelacionfm.cl\/?p=39776"},"modified":"2024-02-22T15:41:02","modified_gmt":"2024-02-22T18:41:02","slug":"casi-cuatro-toneladas-de-productos-reunio-campana-solidaria-de-union-comunal-de-juntas-vecinales-pampas-del-corral","status":"publish","type":"post","link":"https:\/\/radiorevelacionfm.cl\/?p=39776","title":{"rendered":"Casi cuatro toneladas de productos reuni\u00f3 campa\u00f1a solidaria de Uni\u00f3n Comunal de Juntas Vecinales Pampas del Corral"},"content":{"rendered":"<div class=\"flex_column av_one_full  flex_column_div av-zero-column-padding first  avia-builder-el-0  el_before_av_one_full  avia-builder-el-first  \" style='border-radius:0px; '><div  class='avia-image-container  av-styling-    avia-builder-el-1  avia-builder-el-no-sibling  avia-align-center '  itemprop=\"image\" itemscope=\"itemscope\" itemtype=\"https:\/\/schema.org\/ImageObject\"  ><div class='avia-image-container-inner'><div class='avia-image-overlay-wrap'><img decoding=\"async\" class='wp-image-39777 avia-img-lazy-loading-not-39777 avia_image' src=\"https:\/\/radiorevelacionfm.cl\/wp-content\/uploads\/2024\/02\/img_0730-1_optimized.jpg\" alt='' title='img_0730-(1)_optimized' height=\"600\" width=\"834\"  itemprop=\"thumbnailUrl\" srcset=\"https:\/\/radiorevelacionfm.cl\/wp-content\/uploads\/2024\/02\/img_0730-1_optimized.jpg 834w, https:\/\/radiorevelacionfm.cl\/wp-content\/uploads\/2024\/02\/img_0730-1_optimized-300x216.jpg 300w, https:\/\/radiorevelacionfm.cl\/wp-content\/uploads\/2024\/02\/img_0730-1_optimized-768x553.jpg 768w, https:\/\/radiorevelacionfm.cl\/wp-content\/uploads\/2024\/02\/img_0730-1_optimized-705x507.jpg 705w, https:\/\/radiorevelacionfm.cl\/wp-content\/uploads\/2024\/02\/img_0730-1_optimized-450x324.jpg 450w, https:\/\/radiorevelacionfm.cl\/wp-content\/uploads\/2024\/02\/img_0730-1_optimized-600x432.jpg 600w\" sizes=\"(max-width: 834px) 100vw, 834px\" \/><\/div><\/div><\/div><\/div><div class=\"flex_column av_one_full  flex_column_div av-zero-column-padding first  avia-builder-el-2  el_after_av_one_full  el_before_av_one_full  column-top-margin\" style='border-radius:0px; '><section class=\"av_textblock_section \"  itemscope=\"itemscope\" itemtype=\"https:\/\/schema.org\/BlogPosting\" itemprop=\"blogPost\" ><div class='avia_textblock  '   itemprop=\"text\" ><p style=\"text-align: center;\"><span style=\"font-size: 18pt;\"><b>Casi cuatro toneladas de productos reuni\u00f3 campa\u00f1a solidaria de Uni\u00f3n Comunal de Juntas Vecinales Pampas del Corral<\/b><\/span><\/p>\n<div id=\"gtx-trans\" style=\"position: absolute; left: -50px; top: 4.31534px;\">\n<div class=\"gtx-trans-icon\"><\/div>\n<\/div>\n<\/div><\/section><\/div><div class=\"flex_column av_one_full  flex_column_div av-zero-column-padding first  avia-builder-el-4  el_after_av_one_full  el_before_av_hr  column-top-margin\" style='border-radius:0px; '><section class=\"av_textblock_section \"  itemscope=\"itemscope\" itemtype=\"https:\/\/schema.org\/BlogPosting\" itemprop=\"blogPost\" ><div class='avia_textblock  '   itemprop=\"text\" ><p style=\"font-weight: 400; text-align: justify;\">Casi cuatro toneladas de alimentos, \u00fatiles de aseo e implementos pr\u00e1cticos de diferente tipo, envi\u00f3 la Uni\u00f3n Comunal de Juntas Vecinales Pampas del Corral, con su campa\u00f1a solidaria en apoyo a familias afectadas por los incendios en la Regi\u00f3n de Valpara\u00edso.<\/p>\n<p style=\"font-weight: 400; text-align: justify;\">Se trata de doce pallet con 3.868 kilos de mercader\u00eda aportada por la comunidad durante m\u00e1s de una semana de campa\u00f1a, apoyada por la Delegaci\u00f3n Presidencial Regional, Municipalidad de Coyhaique, Gobierno Regional de Ays\u00e9n, Carabineros de Chile, Aguas Patagonia, Edelaysen y Transportes Zona Sur, que traslad\u00f3 la carga hacia la zona central.<\/p>\n<p style=\"font-weight: 400; text-align: justify;\">El cargamento fue despachado por la presidenta de la Uni\u00f3n Comunal, Ver\u00f3nica Leg\u00fce, acompa\u00f1ada por el Delegado Presidencial Regional, Rodrigo Araya, el alcalde de Coyhaique, Carlos Gatica, y el propietario de Transportes Zona Sur, Gonzalo Herrera.<\/p>\n<p style=\"font-weight: 400; text-align: justify;\">\u201cEstamos ac\u00e1 en el lugar de transporte para que toda esta ayuda se vaya a los lugares donde hubo incendio. Se le agradece a toda la gente que cooper\u00f3, a los funcionarios de la Delegaci\u00f3n Presidencial, del municipio, a todos los que estuvieron acompa\u00f1ando para esta campa\u00f1a. Todo lo que juntamos va a ir en beneficio de la gente de Valpara\u00edso\u201d, expres\u00f3 la dirigenta.<\/p>\n<p style=\"font-weight: 400; text-align: justify;\">En este contexto, el Delegado Rodrigo Araya aprovech\u00f3 la instancia para reafirmar el llamado a la prevenci\u00f3n por parte de la comunidad, en este per\u00edodo de alto riesgo de ocurrencia de incendios forestales.<\/p>\n<p style=\"font-weight: 400; text-align: justify;\">\u201cHacemos un llamado nuevamente a la prevenci\u00f3n. Estamos en un per\u00edodo de alto riesgo de incendios forestales, sobre todo, en la zona periurbana, por lo tanto, recordamos las medidas de prevenci\u00f3n: evitar hacer fuego y ante cualquier humo, hacer la denuncia en los tel\u00e9fonos de emergencia, porque no es periodo de quema y todo humo puede ser un incendio\u201d, recalc\u00f3.<\/p>\n<p style=\"font-weight: 400; text-align: justify;\">Gonzalo Herrera reafirm\u00f3 el compromiso de los transportistas con iniciativas como esta. \u201cTransportes Zona Sur es una empresa regional y, como tal, nosotros vivimos de los fletes de esta regi\u00f3n y, por lo tanto, tambi\u00e9n nosotros colaboramos. Estamos cargando la carga que se va a Chacabuco y luego a Santiago y yo felicito estas iniciativa porque los productos que yo he podido ver ac\u00e1 son de primera calidad\u201d, indic\u00f3.<\/p>\n<p style=\"font-weight: 400; text-align: justify;\">En tanto, el alcalde Carlos Gatica a\u00f1adi\u00f3 que \u201cesto se logra gracias al trabajo conjunto liderado por nuestras juntas de vecinos, la solidaridad de todos nuestros vecinos, y el apoyo de nuestro Delegado, el municipio, y de nuestra empresa privada que ayuda con el transporte de ayuda hacia las zonas afectadas, as\u00ed que un afectuoso saludo a las familias de las zonas afectadas\u201d.<\/p>\n<p style=\"font-weight: 400; text-align: justify;\">Adem\u00e1s de alimentos no perecibles, agua y \u00fatiles de aseo, el cargamento incluye alimentos e insumos para mascotas, carpas y linternas, entre otros art\u00edculos de primera prioridad, donados con los aportes de la comunidad local.<\/p>\n<\/div><\/section><\/div><div  style='height:50px' class='hr hr-invisible   avia-builder-el-6  el_after_av_one_full  el_before_av_social_share '><span class='hr-inner ' ><span class='hr-inner-style'><\/span><\/span><\/div><\/p>\n<div  class='av-social-sharing-box  avia-builder-el-7  el_after_av_hr  el_before_av_hr  '><div class='av-share-box'><h5 class='av-share-link-description av-no-toc '>Compartir esta noticia<\/h5><ul class='av-share-box-list noLightbox'><li class='av-share-link av-social-link-facebook' ><a target=\"_blank\" aria-label=\"Compartir en Facebook\" href='https:\/\/www.facebook.com\/sharer.php?u=https:\/\/radiorevelacionfm.cl\/?p=39776&#038;t=Casi%20cuatro%20toneladas%20de%20productos%20reuni%C3%B3%20campa%C3%B1a%20solidaria%20de%20Uni%C3%B3n%20Comunal%20de%20Juntas%20Vecinales%20Pampas%20del%20Corral' aria-hidden='false' data-av_icon='\ue8f3' data-av_iconfont='entypo-fontello' title='' data-avia-related-tooltip='Compartir en Facebook' rel=\"noopener\"><span class='avia_hidden_link_text'>Compartir en Facebook<\/span><\/a><\/li><li class='av-share-link av-social-link-twitter' ><a target=\"_blank\" aria-label=\"Compartir en Twitter\" href='https:\/\/twitter.com\/share?text=Casi%20cuatro%20toneladas%20de%20productos%20reuni%C3%B3%20campa%C3%B1a%20solidaria%20de%20Uni%C3%B3n%20Comunal%20de%20Juntas%20Vecinales%20Pampas%20del%20Corral&#038;url=https:\/\/radiorevelacionfm.cl\/?p=39776' aria-hidden='false' data-av_icon='\ue8f1' data-av_iconfont='entypo-fontello' title='' data-avia-related-tooltip='Compartir en Twitter' rel=\"noopener\"><span class='avia_hidden_link_text'>Compartir en Twitter<\/span><\/a><\/li><li class='av-share-link av-social-link-whatsapp' ><a target=\"_blank\" aria-label=\"Compartir en Whatsapp\" href='https:\/\/api.whatsapp.com\/send?text=https:\/\/radiorevelacionfm.cl\/?p=39776' aria-hidden='false' data-av_icon='\uf232' data-av_iconfont='entypo-fontello' title='' data-avia-related-tooltip='Compartir en Whatsapp' rel=\"noopener\"><span class='avia_hidden_link_text'>Compartir en Whatsapp<\/span><\/a><\/li><li class='av-share-link av-social-link-linkedin' ><a target=\"_blank\" aria-label=\"Compartir en LinkedIn\" href='https:\/\/linkedin.com\/shareArticle?mini=true&#038;title=Casi%20cuatro%20toneladas%20de%20productos%20reuni%C3%B3%20campa%C3%B1a%20solidaria%20de%20Uni%C3%B3n%20Comunal%20de%20Juntas%20Vecinales%20Pampas%20del%20Corral&#038;url=https:\/\/radiorevelacionfm.cl\/?p=39776' aria-hidden='false' data-av_icon='\ue8fc' data-av_iconfont='entypo-fontello' title='' data-avia-related-tooltip='Compartir en LinkedIn' rel=\"noopener\"><span class='avia_hidden_link_text'>Compartir en LinkedIn<\/span><\/a><\/li><li class='av-share-link av-social-link-mail' ><a  aria-label=\"Compartir por correo\" href='mailto:?subject=Casi%20cuatro%20toneladas%20de%20productos%20reuni%C3%B3%20campa%C3%B1a%20solidaria%20de%20Uni%C3%B3n%20Comunal%20de%20Juntas%20Vecinales%20Pampas%20del%20Corral&#038;body=https:\/\/radiorevelacionfm.cl\/?p=39776' aria-hidden='false' data-av_icon='\ue805' data-av_iconfont='entypo-fontello' title='' data-avia-related-tooltip='Compartir por correo'><span class='avia_hidden_link_text'>Compartir por correo<\/span><\/a><\/li><\/ul><\/div><\/div>\n<div  style='height:50px' class='hr hr-invisible   avia-builder-el-8  el_after_av_social_share  el_before_av_comments_list '><span class='hr-inner ' ><span class='hr-inner-style'><\/span><\/span><\/div>\n<div  class='av-buildercomment  av-blog-meta-html-info-disabled av-blog-meta-tag-disabled  '><\/div>\n","protected":false},"excerpt":{"rendered":"","protected":false},"author":1,"featured_media":39777,"comment_status":"open","ping_status":"open","sticky":false,"template":"","format":"standard","meta":{"footnotes":""},"categories":[38],"tags":[],"class_list":["post-39776","post","type-post","status-publish","format-standard","has-post-thumbnail","hentry","category-regional"],"jetpack_featured_media_url":"https:\/\/radiorevelacionfm.cl\/wp-content\/uploads\/2024\/02\/img_0730-1_optimized.jpg","_links":{"self":[{"href":"https:\/\/radiorevelacionfm.cl\/index.php?rest_route=\/wp\/v2\/posts\/39776","targetHints":{"allow":["GET"]}}],"collection":[{"href":"https:\/\/radiorevelacionfm.cl\/index.php?rest_route=\/wp\/v2\/posts"}],"about":[{"href":"https:\/\/radiorevelacionfm.cl\/index.php?rest_route=\/wp\/v2\/types\/post"}],"author":[{"embeddable":true,"href":"https:\/\/radiorevelacionfm.cl\/index.php?rest_route=\/wp\/v2\/users\/1"}],"replies":[{"embeddable":true,"href":"https:\/\/radiorevelacionfm.cl\/index.php?rest_route=%2Fwp%2Fv2%2Fcomments&post=39776"}],"version-history":[{"count":1,"href":"https:\/\/radiorevelacionfm.cl\/index.php?rest_route=\/wp\/v2\/posts\/39776\/revisions"}],"predecessor-version":[{"id":39778,"href":"https:\/\/radiorevelacionfm.cl\/index.php?rest_route=\/wp\/v2\/posts\/39776\/revisions\/39778"}],"wp:featuredmedia":[{"embeddable":true,"href":"https:\/\/radiorevelacionfm.cl\/index.php?rest_route=\/wp\/v2\/media\/39777"}],"wp:attachment":[{"href":"https:\/\/radiorevelacionfm.cl\/index.php?rest_route=%2Fwp%2Fv2%2Fmedia&parent=39776"}],"wp:term":[{"taxonomy":"category","embeddable":true,"href":"https:\/\/radiorevelacionfm.cl\/index.php?rest_route=%2Fwp%2Fv2%2Fcategories&post=39776"},{"taxonomy":"post_tag","embeddable":true,"href":"https:\/\/radiorevelacionfm.cl\/index.php?rest_route=%2Fwp%2Fv2%2Ftags&post=39776"}],"curies":[{"name":"wp","href":"https:\/\/api.w.org\/{rel}","templated":true}]}}