{"id":39773,"date":"2024-02-22T19:14:43","date_gmt":"2024-02-22T22:14:43","guid":{"rendered":"https:\/\/radiorevelacionfm.cl\/?p=39773"},"modified":"2024-02-22T19:14:43","modified_gmt":"2024-02-22T22:14:43","slug":"vecinos-y-vecinas-de-quebrada-la-cruz-recuperan-area-verde-e-inauguran-nuevo-sendero","status":"publish","type":"post","link":"https:\/\/radiorevelacionfm.cl\/?p=39773","title":{"rendered":"Vecinos y vecinas de Quebrada La Cruz recuperan \u00e1rea verde e inauguran nuevo sendero"},"content":{"rendered":"<div class=\"flex_column av_one_full  flex_column_div av-zero-column-padding first  avia-builder-el-0  el_before_av_one_full  avia-builder-el-first  \" style='border-radius:0px; '><div  class='avia-image-container  av-styling-    avia-builder-el-1  avia-builder-el-no-sibling  avia-align-center '  itemprop=\"image\" itemscope=\"itemscope\" itemtype=\"https:\/\/schema.org\/ImageObject\"  ><div class='avia-image-container-inner'><div class='avia-image-overlay-wrap'><img decoding=\"async\" class='wp-image-39774 avia-img-lazy-loading-not-39774 avia_image' src=\"https:\/\/radiorevelacionfm.cl\/wp-content\/uploads\/2024\/02\/quebrada-2-1_optimized-1.jpg\" alt='' title='quebrada-2-(1)_optimized (1)' height=\"600\" width=\"1113\"  itemprop=\"thumbnailUrl\" srcset=\"https:\/\/radiorevelacionfm.cl\/wp-content\/uploads\/2024\/02\/quebrada-2-1_optimized-1.jpg 1113w, https:\/\/radiorevelacionfm.cl\/wp-content\/uploads\/2024\/02\/quebrada-2-1_optimized-1-300x162.jpg 300w, https:\/\/radiorevelacionfm.cl\/wp-content\/uploads\/2024\/02\/quebrada-2-1_optimized-1-1030x555.jpg 1030w, https:\/\/radiorevelacionfm.cl\/wp-content\/uploads\/2024\/02\/quebrada-2-1_optimized-1-768x414.jpg 768w, https:\/\/radiorevelacionfm.cl\/wp-content\/uploads\/2024\/02\/quebrada-2-1_optimized-1-705x380.jpg 705w, https:\/\/radiorevelacionfm.cl\/wp-content\/uploads\/2024\/02\/quebrada-2-1_optimized-1-450x243.jpg 450w, https:\/\/radiorevelacionfm.cl\/wp-content\/uploads\/2024\/02\/quebrada-2-1_optimized-1-600x323.jpg 600w\" sizes=\"(max-width: 1113px) 100vw, 1113px\" \/><\/div><\/div><\/div><\/div><div class=\"flex_column av_one_full  flex_column_div av-zero-column-padding first  avia-builder-el-2  el_after_av_one_full  el_before_av_one_full  column-top-margin\" style='border-radius:0px; '><section class=\"av_textblock_section \"  itemscope=\"itemscope\" itemtype=\"https:\/\/schema.org\/BlogPosting\" itemprop=\"blogPost\" ><div class='avia_textblock  '   itemprop=\"text\" ><p style=\"text-align: center;\"><span style=\"font-size: 18pt;\"><strong>Vecinos y vecinas de Quebrada La Cruz recuperan \u00e1rea verde e inauguran nuevo sendero<\/strong><\/span><\/p>\n<div id=\"gtx-trans\" style=\"position: absolute; left: -50px; top: 4.31534px;\">\n<div class=\"gtx-trans-icon\"><\/div>\n<\/div>\n<\/div><\/section><\/div><div class=\"flex_column av_one_full  flex_column_div av-zero-column-padding first  avia-builder-el-4  el_after_av_one_full  el_before_av_hr  column-top-margin\" style='border-radius:0px; '><section class=\"av_textblock_section \"  itemscope=\"itemscope\" itemtype=\"https:\/\/schema.org\/BlogPosting\" itemprop=\"blogPost\" ><div class='avia_textblock  '   itemprop=\"text\" ><p style=\"text-align: justify;\">Este no es el fin, sino el comienzo- fue la consigna que reuni\u00f3 a vecinos, vecinas, y autoridades en la ceremonia de cierre del proyecto financiado con el Fondo de Protecci\u00f3n Ambiental FPA del ministerio del Medio Ambiente \u201cQuebrada La Cruz: Recuperando un espacio de encuentro\u201d, donde el Consejo Vecinal de Desarrollo, Barrio Quebrada La Cruz se adjudic\u00f3 el concurso de iniciativas ciudadanas sustentables 2023, para recuperar el espacio natural que a\u00f1os atr\u00e1s reun\u00eda a las poblaciones aleda\u00f1as y se hab\u00eda convertido en un espacio inhabitable.<\/p>\n<p style=\"text-align: justify;\">\u201csi ustedes se acuerdan, antes esto era un basural y la gente que est\u00e1 hoy ac\u00e1, mucha gente, el mismo Seremi, gente que estuvo con nosotros y trabaj\u00f3 con nosotros y esto no era nada, hoy aqu\u00ed se ven a los ni\u00f1os jugando y yo me siento feliz\u201d declar\u00f3 la representante del Consejo Vecinal Barrio Quebrada la Cruz, Nancy Vargas, durante la ceremonia de inauguraci\u00f3n del sendero, agregando que el trabajo debe seguir avanzando.<\/p>\n<p style=\"text-align: justify;\">El proyecto, que busc\u00f3 recuperar el entorno natural adem\u00e1s de visibilizar la dependiente relaci\u00f3n de cuidado y educaci\u00f3n ambiental para el resguardo de la biodiversidad, cuenta con el apoyo del Programa \u201cQuiero Mi Barrio\u201d de MINVU que junto al municipio de Coyhaique realizan acciones para mejorar la calidad de vida de la comunidad beneficiada.<\/p>\n<p style=\"text-align: justify;\">\u201cla idea es que este sea el puntapi\u00e9 para otros proyectos a trav\u00e9s de otros fondos que podamos pesquisar\u201d, indic\u00f3 la profesional del programa Quiero Mi Barrio \u2013 Quebrada la Cruz \u2013\u00a0 y coordinadora del proyecto FPA, Kristine Wenderoth, agregando que la iniciativa de seis millones de pesos permiti\u00f3 a la comunidad organizada realizar arborizaci\u00f3n, jornadas de limpieza, educaci\u00f3n ambiental y sobre todo, la recuperaci\u00f3n de un espacio hist\u00f3rico de encuentro y vida al aire libre \u201ctodo el acceso hacia la quebrada es nuevo, porque al no ser seguro se imposibilitaba el acceso de los vecinos, entonces se realiz\u00f3 adem\u00e1s un sendero interpretativo que llega hasta la Clota chica, uniendo a estas dos poblaciones con un recorrido que cuenta con carteles infogr\u00e1ficos que destacan e informan sobre las distintas especies nativas de la quebrada\u201d.<\/p>\n<p style=\"text-align: justify;\">El FPA es el primer fondo concursable de car\u00e1cter nacional con que cuenta el Estado de Chile para apoyar iniciativas ambientales presentadas por y desde la ciudadan\u00eda, para el a\u00f1o 2024 son ocho los proyectos FPA adjudicados en la regi\u00f3n de Ays\u00e9n, con iniciativas ambientales que impactar\u00e1n a las comunidades de Coyhaique, Caleta Andrade, Puerto Ib\u00e1\u00f1ez y Puerto Ays\u00e9n y est\u00e1n pr\u00f3ximos a comenzar su ejecuci\u00f3n.<\/p>\n<p style=\"text-align: justify;\">Durante la ceremonia, el seremi del Medio Ambiente, Yoal D\u00edaz se sum\u00f3 a las palabras de los ejecutores destacando \u201ceste es un espacio vivo, y renace gracias al Fondo de Protecci\u00f3n Ambiental que lo que busca es territorializar la pol\u00edtica del ministerio del Medio Ambiente: que los barrios puedan optar a realizar acciones ambientales sobre sus necesidades\u201d, explic\u00f3 relevando adem\u00e1s el trabajo interinstitucional realizado en la recuperaci\u00f3n de la quebrada y como efectivamente los fondos de protecci\u00f3n ambiental instalan herramientas en la ciudadan\u00eda como punto de inicio para iniciativas que se mantienen y proyectan en el tiempo.<\/p>\n<p style=\"text-align: justify;\">As\u00ed vecinos y vecinas, ya conversan sobre los nuevos desaf\u00edos, recuerdan grutas y espacios tur\u00edsticos de anta\u00f1o como tambi\u00e9n innovaciones que visualizan como objetivos a mediano plazo; y mientras las ideas fluyen, los y las visitantes comienzan a realizar el recorrido del nuevo sendero y se llevan de recuerdo una de las tantas postales (dispuestas a modo de souvenir) de La Quebrada La Cruz en distintas estaciones, a lo largo de los a\u00f1os.<\/p>\n<\/div><\/section><\/div><div  style='height:50px' class='hr hr-invisible   avia-builder-el-6  el_after_av_one_full  el_before_av_social_share '><span class='hr-inner ' ><span class='hr-inner-style'><\/span><\/span><\/div><\/p>\n<div  class='av-social-sharing-box  avia-builder-el-7  el_after_av_hr  el_before_av_hr  '><div class='av-share-box'><h5 class='av-share-link-description av-no-toc '>Compartir esta noticia<\/h5><ul class='av-share-box-list noLightbox'><li class='av-share-link av-social-link-facebook' ><a target=\"_blank\" aria-label=\"Compartir en Facebook\" href='https:\/\/www.facebook.com\/sharer.php?u=https:\/\/radiorevelacionfm.cl\/?p=39773&#038;t=Vecinos%20y%20vecinas%20de%20Quebrada%20La%20Cruz%20recuperan%20%C3%A1rea%20verde%20e%20inauguran%20nuevo%20sendero' aria-hidden='false' data-av_icon='\ue8f3' data-av_iconfont='entypo-fontello' title='' data-avia-related-tooltip='Compartir en Facebook' rel=\"noopener\"><span class='avia_hidden_link_text'>Compartir en Facebook<\/span><\/a><\/li><li class='av-share-link av-social-link-twitter' ><a target=\"_blank\" aria-label=\"Compartir en Twitter\" href='https:\/\/twitter.com\/share?text=Vecinos%20y%20vecinas%20de%20Quebrada%20La%20Cruz%20recuperan%20%C3%A1rea%20verde%20e%20inauguran%20nuevo%20sendero&#038;url=https:\/\/radiorevelacionfm.cl\/?p=39773' aria-hidden='false' data-av_icon='\ue8f1' data-av_iconfont='entypo-fontello' title='' data-avia-related-tooltip='Compartir en Twitter' rel=\"noopener\"><span class='avia_hidden_link_text'>Compartir en Twitter<\/span><\/a><\/li><li class='av-share-link av-social-link-whatsapp' ><a target=\"_blank\" aria-label=\"Compartir en Whatsapp\" href='https:\/\/api.whatsapp.com\/send?text=https:\/\/radiorevelacionfm.cl\/?p=39773' aria-hidden='false' data-av_icon='\uf232' data-av_iconfont='entypo-fontello' title='' data-avia-related-tooltip='Compartir en Whatsapp' rel=\"noopener\"><span class='avia_hidden_link_text'>Compartir en Whatsapp<\/span><\/a><\/li><li class='av-share-link av-social-link-linkedin' ><a target=\"_blank\" aria-label=\"Compartir en LinkedIn\" href='https:\/\/linkedin.com\/shareArticle?mini=true&#038;title=Vecinos%20y%20vecinas%20de%20Quebrada%20La%20Cruz%20recuperan%20%C3%A1rea%20verde%20e%20inauguran%20nuevo%20sendero&#038;url=https:\/\/radiorevelacionfm.cl\/?p=39773' aria-hidden='false' data-av_icon='\ue8fc' data-av_iconfont='entypo-fontello' title='' data-avia-related-tooltip='Compartir en LinkedIn' rel=\"noopener\"><span class='avia_hidden_link_text'>Compartir en LinkedIn<\/span><\/a><\/li><li class='av-share-link av-social-link-mail' ><a  aria-label=\"Compartir por correo\" href='mailto:?subject=Vecinos%20y%20vecinas%20de%20Quebrada%20La%20Cruz%20recuperan%20%C3%A1rea%20verde%20e%20inauguran%20nuevo%20sendero&#038;body=https:\/\/radiorevelacionfm.cl\/?p=39773' aria-hidden='false' data-av_icon='\ue805' data-av_iconfont='entypo-fontello' title='' data-avia-related-tooltip='Compartir por correo'><span class='avia_hidden_link_text'>Compartir por correo<\/span><\/a><\/li><\/ul><\/div><\/div>\n<div  style='height:50px' class='hr hr-invisible   avia-builder-el-8  el_after_av_social_share  el_before_av_comments_list '><span class='hr-inner ' ><span class='hr-inner-style'><\/span><\/span><\/div>\n<div  class='av-buildercomment  av-blog-meta-html-info-disabled av-blog-meta-tag-disabled  '><\/div>\n","protected":false},"excerpt":{"rendered":"","protected":false},"author":1,"featured_media":39774,"comment_status":"open","ping_status":"open","sticky":false,"template":"","format":"standard","meta":{"footnotes":""},"categories":[38],"tags":[],"class_list":["post-39773","post","type-post","status-publish","format-standard","has-post-thumbnail","hentry","category-regional"],"jetpack_featured_media_url":"https:\/\/radiorevelacionfm.cl\/wp-content\/uploads\/2024\/02\/quebrada-2-1_optimized-1.jpg","_links":{"self":[{"href":"https:\/\/radiorevelacionfm.cl\/index.php?rest_route=\/wp\/v2\/posts\/39773","targetHints":{"allow":["GET"]}}],"collection":[{"href":"https:\/\/radiorevelacionfm.cl\/index.php?rest_route=\/wp\/v2\/posts"}],"about":[{"href":"https:\/\/radiorevelacionfm.cl\/index.php?rest_route=\/wp\/v2\/types\/post"}],"author":[{"embeddable":true,"href":"https:\/\/radiorevelacionfm.cl\/index.php?rest_route=\/wp\/v2\/users\/1"}],"replies":[{"embeddable":true,"href":"https:\/\/radiorevelacionfm.cl\/index.php?rest_route=%2Fwp%2Fv2%2Fcomments&post=39773"}],"version-history":[{"count":1,"href":"https:\/\/radiorevelacionfm.cl\/index.php?rest_route=\/wp\/v2\/posts\/39773\/revisions"}],"predecessor-version":[{"id":39775,"href":"https:\/\/radiorevelacionfm.cl\/index.php?rest_route=\/wp\/v2\/posts\/39773\/revisions\/39775"}],"wp:featuredmedia":[{"embeddable":true,"href":"https:\/\/radiorevelacionfm.cl\/index.php?rest_route=\/wp\/v2\/media\/39774"}],"wp:attachment":[{"href":"https:\/\/radiorevelacionfm.cl\/index.php?rest_route=%2Fwp%2Fv2%2Fmedia&parent=39773"}],"wp:term":[{"taxonomy":"category","embeddable":true,"href":"https:\/\/radiorevelacionfm.cl\/index.php?rest_route=%2Fwp%2Fv2%2Fcategories&post=39773"},{"taxonomy":"post_tag","embeddable":true,"href":"https:\/\/radiorevelacionfm.cl\/index.php?rest_route=%2Fwp%2Fv2%2Ftags&post=39773"}],"curies":[{"name":"wp","href":"https:\/\/api.w.org\/{rel}","templated":true}]}}