{"id":3977,"date":"2021-05-10T19:03:51","date_gmt":"2021-05-10T22:03:51","guid":{"rendered":"https:\/\/radiorevelacionfm.cl\/?p=3977"},"modified":"2021-05-10T19:03:51","modified_gmt":"2021-05-10T22:03:51","slug":"seremi-de-salud-por-retroceso-juntos-retrocedemos-a-cuarentena-y-juntos-debemos-trabajar-para-salir-de-ella","status":"publish","type":"post","link":"https:\/\/radiorevelacionfm.cl\/?p=3977","title":{"rendered":"Seremi de Salud por retroceso \u201cJuntos retrocedemos a cuarentena y Juntos debemos trabajar para salir de ella\u201d"},"content":{"rendered":"<div class=\"flex_column av_one_full  flex_column_div av-zero-column-padding first  avia-builder-el-0  el_before_av_one_full  avia-builder-el-first  \" style='border-radius:0px; '><div  class='avia-image-container  av-styling-    avia-builder-el-1  avia-builder-el-no-sibling  avia-align-center '  itemprop=\"image\" itemscope=\"itemscope\" itemtype=\"https:\/\/schema.org\/ImageObject\"  ><div class='avia-image-container-inner'><div class='avia-image-overlay-wrap'><img decoding=\"async\" class='wp-image-3978 avia-img-lazy-loading-not-3978 avia_image' src=\"https:\/\/radiorevelacionfm.cl\/wp-content\/uploads\/2021\/05\/barrera-sanitaria-1.jpg\" alt='' title='barrera sanitaria (1)' height=\"600\" width=\"900\"  itemprop=\"thumbnailUrl\" srcset=\"https:\/\/radiorevelacionfm.cl\/wp-content\/uploads\/2021\/05\/barrera-sanitaria-1.jpg 900w, https:\/\/radiorevelacionfm.cl\/wp-content\/uploads\/2021\/05\/barrera-sanitaria-1-300x200.jpg 300w, https:\/\/radiorevelacionfm.cl\/wp-content\/uploads\/2021\/05\/barrera-sanitaria-1-768x512.jpg 768w, https:\/\/radiorevelacionfm.cl\/wp-content\/uploads\/2021\/05\/barrera-sanitaria-1-705x470.jpg 705w, https:\/\/radiorevelacionfm.cl\/wp-content\/uploads\/2021\/05\/barrera-sanitaria-1-600x400.jpg 600w\" sizes=\"(max-width: 900px) 100vw, 900px\" \/><\/div><\/div><\/div><\/div><div class=\"flex_column av_one_full  flex_column_div av-zero-column-padding first  avia-builder-el-2  el_after_av_one_full  el_before_av_one_full  column-top-margin\" style='border-radius:0px; '><section class=\"av_textblock_section \"  itemscope=\"itemscope\" itemtype=\"https:\/\/schema.org\/BlogPosting\" itemprop=\"blogPost\" ><div class='avia_textblock  '   itemprop=\"text\" ><p style=\"text-align: center;\"><span style=\"font-size: 18pt;\"><strong>Seremi de Salud por retroceso \u201cJuntos retrocedemos a cuarentena y Juntos debemos trabajar para salir de ella\u201d<\/strong><\/span><\/p>\n<div id=\"gtx-trans\" style=\"position: absolute; left: -50px; top: 4.31534px;\">\n<div class=\"gtx-trans-icon\"><\/div>\n<\/div>\n<\/div><\/section><\/div><div class=\"flex_column av_one_full  flex_column_div av-zero-column-padding first  avia-builder-el-4  el_after_av_one_full  el_before_av_hr  column-top-margin\" style='border-radius:0px; '><section class=\"av_textblock_section \"  itemscope=\"itemscope\" itemtype=\"https:\/\/schema.org\/BlogPosting\" itemprop=\"blogPost\" ><div class='avia_textblock  '   itemprop=\"text\" ><p style=\"text-align: justify;\">A contar de este jueves 13 de mayo, la comuna de Coyhaique retroceder\u00e1 a Fase 1 (Cuarentena), medida con la cual se busca disminuir el n\u00famero de contagios por COVID-19. \u00a0La informaci\u00f3n la dio a conocer el Ministerio de Salud durante su reporte de este lunes, donde adem\u00e1s se dio a conocer el avance a Fase 3 (Preparaci\u00f3n) para Melinka y Cochrane.<\/p>\n<p style=\"text-align: justify;\">En este sentido, la Seremi de Salud Ays\u00e9n, Alejandra Valdebenito Torres, junto con lamentar esta situaci\u00f3n, hizo un llamado a la comunidad para reforzar las medidas sanitarias y poder avanzar r\u00e1pidamente de fase. \u201cPara ninguna comuna es agradable retroceder en las estrategias del Paso a Paso, sin embargo, son medidas sanitarias cuyo principal objetivo es resguardar la salud de la comunidad en esta pandemia que a\u00fan se mantiene activa en el mundo.\u00a0 En las \u00faltimas semanas, en la capital regional se han incrementado los casos, lo que sumado a la hospitalizaci\u00f3n de 15 personas en el Hospital Regional Coyhaique, de las cuales 05 se encuentran hospitalizadas en la Unidad de Cuidados Intensivos, conectadas a ventilaci\u00f3n mec\u00e1nica invasiva; son algunos de los elementos que han llevado al retroceso a cuarentena, sin embargo, creo que si como poblaci\u00f3n hacemos un esfuerzo por el autocuidado de cada uno de nosotros, de nuestras familias, podremos contener este aumento de casos y avanzar nuevamente en el plan Paso a Paso.\u00a0 Esto debe ser un trabajo de todos, porque aqu\u00ed juntos retrocedemos a cuarentena y juntos debemos trabajar para salir de ella\u201d.<\/p>\n<p style=\"text-align: justify;\">Finalmente, se recuerda que en Fase 1 est\u00e1n prohibida las clases presenciales de establecimientos de educaci\u00f3n escolar y parvularia, el traslado a residencia no habitual y a otras regiones, adem\u00e1s de\u00a0 reuniones sociales en residencias particulares y en eventos y actividades con p\u00fablico de todo tipo, a excepci\u00f3n de funerales, oficios y ceremonias religiosas. Solo se podr\u00e1 salir a hacer compras o tr\u00e1mites puntuales y esenciales con un permiso individual que puedes obtener en comisariavirtual.cl (dos a la semana, m\u00e1ximo uno el fin de semana).<\/p>\n<\/div><\/section><\/div><div  style='height:50px' class='hr hr-invisible   avia-builder-el-6  el_after_av_one_full  el_before_av_social_share '><span class='hr-inner ' ><span class='hr-inner-style'><\/span><\/span><\/div><\/p>\n<div  class='av-social-sharing-box  avia-builder-el-7  el_after_av_hr  el_before_av_hr  '><div class='av-share-box'><h5 class='av-share-link-description av-no-toc '>Compartir esta noticia<\/h5><ul class='av-share-box-list noLightbox'><li class='av-share-link av-social-link-facebook' ><a target=\"_blank\" aria-label=\"Compartir en Facebook\" href='https:\/\/www.facebook.com\/sharer.php?u=https:\/\/radiorevelacionfm.cl\/?p=3977&#038;t=Seremi%20de%20Salud%20por%20retroceso%20%E2%80%9CJuntos%20retrocedemos%20a%20cuarentena%20y%20Juntos%20debemos%20trabajar%20para%20salir%20de%20ella%E2%80%9D' aria-hidden='false' data-av_icon='\ue8f3' data-av_iconfont='entypo-fontello' title='' data-avia-related-tooltip='Compartir en Facebook' rel=\"noopener\"><span class='avia_hidden_link_text'>Compartir en Facebook<\/span><\/a><\/li><li class='av-share-link av-social-link-twitter' ><a target=\"_blank\" aria-label=\"Compartir en Twitter\" href='https:\/\/twitter.com\/share?text=Seremi%20de%20Salud%20por%20retroceso%20%E2%80%9CJuntos%20retrocedemos%20a%20cuarentena%20y%20Juntos%20debemos%20trabajar%20para%20salir%20de%20ella%E2%80%9D&#038;url=https:\/\/radiorevelacionfm.cl\/?p=3977' aria-hidden='false' data-av_icon='\ue8f1' data-av_iconfont='entypo-fontello' title='' data-avia-related-tooltip='Compartir en Twitter' rel=\"noopener\"><span class='avia_hidden_link_text'>Compartir en Twitter<\/span><\/a><\/li><li class='av-share-link av-social-link-whatsapp' ><a target=\"_blank\" aria-label=\"Compartir en Whatsapp\" href='https:\/\/api.whatsapp.com\/send?text=https:\/\/radiorevelacionfm.cl\/?p=3977' aria-hidden='false' data-av_icon='\uf232' data-av_iconfont='entypo-fontello' title='' data-avia-related-tooltip='Compartir en Whatsapp' rel=\"noopener\"><span class='avia_hidden_link_text'>Compartir en Whatsapp<\/span><\/a><\/li><li class='av-share-link av-social-link-linkedin' ><a target=\"_blank\" aria-label=\"Compartir en LinkedIn\" href='https:\/\/linkedin.com\/shareArticle?mini=true&#038;title=Seremi%20de%20Salud%20por%20retroceso%20%E2%80%9CJuntos%20retrocedemos%20a%20cuarentena%20y%20Juntos%20debemos%20trabajar%20para%20salir%20de%20ella%E2%80%9D&#038;url=https:\/\/radiorevelacionfm.cl\/?p=3977' aria-hidden='false' data-av_icon='\ue8fc' data-av_iconfont='entypo-fontello' title='' data-avia-related-tooltip='Compartir en LinkedIn' rel=\"noopener\"><span class='avia_hidden_link_text'>Compartir en LinkedIn<\/span><\/a><\/li><li class='av-share-link av-social-link-mail' ><a  aria-label=\"Compartir por correo\" href='mailto:?subject=Seremi%20de%20Salud%20por%20retroceso%20%E2%80%9CJuntos%20retrocedemos%20a%20cuarentena%20y%20Juntos%20debemos%20trabajar%20para%20salir%20de%20ella%E2%80%9D&#038;body=https:\/\/radiorevelacionfm.cl\/?p=3977' aria-hidden='false' data-av_icon='\ue805' data-av_iconfont='entypo-fontello' title='' data-avia-related-tooltip='Compartir por correo'><span class='avia_hidden_link_text'>Compartir por correo<\/span><\/a><\/li><\/ul><\/div><\/div>\n<div  style='height:50px' class='hr hr-invisible   avia-builder-el-8  el_after_av_social_share  el_before_av_comments_list '><span class='hr-inner ' ><span class='hr-inner-style'><\/span><\/span><\/div>\n<div  class='av-buildercomment  av-blog-meta-html-info-disabled av-blog-meta-tag-disabled  '><\/div>\n","protected":false},"excerpt":{"rendered":"","protected":false},"author":1,"featured_media":3978,"comment_status":"open","ping_status":"open","sticky":false,"template":"","format":"standard","meta":{"footnotes":""},"categories":[46],"tags":[],"class_list":["post-3977","post","type-post","status-publish","format-standard","has-post-thumbnail","hentry","category-salud"],"jetpack_featured_media_url":"https:\/\/radiorevelacionfm.cl\/wp-content\/uploads\/2021\/05\/barrera-sanitaria-1.jpg","_links":{"self":[{"href":"https:\/\/radiorevelacionfm.cl\/index.php?rest_route=\/wp\/v2\/posts\/3977","targetHints":{"allow":["GET"]}}],"collection":[{"href":"https:\/\/radiorevelacionfm.cl\/index.php?rest_route=\/wp\/v2\/posts"}],"about":[{"href":"https:\/\/radiorevelacionfm.cl\/index.php?rest_route=\/wp\/v2\/types\/post"}],"author":[{"embeddable":true,"href":"https:\/\/radiorevelacionfm.cl\/index.php?rest_route=\/wp\/v2\/users\/1"}],"replies":[{"embeddable":true,"href":"https:\/\/radiorevelacionfm.cl\/index.php?rest_route=%2Fwp%2Fv2%2Fcomments&post=3977"}],"version-history":[{"count":1,"href":"https:\/\/radiorevelacionfm.cl\/index.php?rest_route=\/wp\/v2\/posts\/3977\/revisions"}],"predecessor-version":[{"id":3979,"href":"https:\/\/radiorevelacionfm.cl\/index.php?rest_route=\/wp\/v2\/posts\/3977\/revisions\/3979"}],"wp:featuredmedia":[{"embeddable":true,"href":"https:\/\/radiorevelacionfm.cl\/index.php?rest_route=\/wp\/v2\/media\/3978"}],"wp:attachment":[{"href":"https:\/\/radiorevelacionfm.cl\/index.php?rest_route=%2Fwp%2Fv2%2Fmedia&parent=3977"}],"wp:term":[{"taxonomy":"category","embeddable":true,"href":"https:\/\/radiorevelacionfm.cl\/index.php?rest_route=%2Fwp%2Fv2%2Fcategories&post=3977"},{"taxonomy":"post_tag","embeddable":true,"href":"https:\/\/radiorevelacionfm.cl\/index.php?rest_route=%2Fwp%2Fv2%2Ftags&post=3977"}],"curies":[{"name":"wp","href":"https:\/\/api.w.org\/{rel}","templated":true}]}}