{"id":39767,"date":"2024-02-22T12:31:37","date_gmt":"2024-02-22T15:31:37","guid":{"rendered":"https:\/\/radiorevelacionfm.cl\/?p=39767"},"modified":"2024-02-22T12:31:37","modified_gmt":"2024-02-22T15:31:37","slug":"vecinas-del-hogar-protegido-de-puerto-aysen-aprenden-sobre-el-cuidado-del-medio-ambiente","status":"publish","type":"post","link":"https:\/\/radiorevelacionfm.cl\/?p=39767","title":{"rendered":"Vecinas del Hogar Protegido de Puerto Ays\u00e9n aprenden sobre el cuidado del medio ambiente"},"content":{"rendered":"<div class=\"flex_column av_one_full  flex_column_div av-zero-column-padding first  avia-builder-el-0  el_before_av_one_full  avia-builder-el-first  \" style='border-radius:0px; '><div  class='avia-image-container  av-styling-    avia-builder-el-1  avia-builder-el-no-sibling  avia-align-center '  itemprop=\"image\" itemscope=\"itemscope\" itemtype=\"https:\/\/schema.org\/ImageObject\"  ><div class='avia-image-container-inner'><div class='avia-image-overlay-wrap'><img decoding=\"async\" class='wp-image-39768 avia-img-lazy-loading-not-39768 avia_image' src=\"https:\/\/radiorevelacionfm.cl\/wp-content\/uploads\/2024\/02\/img-hogar1-1_optimized.jpg\" alt='' title='img-hogar1-(1)_optimized' height=\"600\" width=\"800\"  itemprop=\"thumbnailUrl\" srcset=\"https:\/\/radiorevelacionfm.cl\/wp-content\/uploads\/2024\/02\/img-hogar1-1_optimized.jpg 800w, https:\/\/radiorevelacionfm.cl\/wp-content\/uploads\/2024\/02\/img-hogar1-1_optimized-300x225.jpg 300w, https:\/\/radiorevelacionfm.cl\/wp-content\/uploads\/2024\/02\/img-hogar1-1_optimized-768x576.jpg 768w, https:\/\/radiorevelacionfm.cl\/wp-content\/uploads\/2024\/02\/img-hogar1-1_optimized-705x529.jpg 705w, https:\/\/radiorevelacionfm.cl\/wp-content\/uploads\/2024\/02\/img-hogar1-1_optimized-450x338.jpg 450w, https:\/\/radiorevelacionfm.cl\/wp-content\/uploads\/2024\/02\/img-hogar1-1_optimized-600x450.jpg 600w\" sizes=\"(max-width: 800px) 100vw, 800px\" \/><\/div><\/div><\/div><\/div><div class=\"flex_column av_one_full  flex_column_div av-zero-column-padding first  avia-builder-el-2  el_after_av_one_full  el_before_av_one_full  column-top-margin\" style='border-radius:0px; '><section class=\"av_textblock_section \"  itemscope=\"itemscope\" itemtype=\"https:\/\/schema.org\/BlogPosting\" itemprop=\"blogPost\" ><div class='avia_textblock  '   itemprop=\"text\" ><p style=\"text-align: center;\"><span style=\"font-size: 18pt;\"><strong>Vecinas del Hogar Protegido de Puerto Ays\u00e9n aprenden sobre el cuidado del medio ambiente <\/strong><\/span><\/p>\n<div id=\"gtx-trans\" style=\"position: absolute; left: -50px; top: 4.31534px;\">\n<div class=\"gtx-trans-icon\"><\/div>\n<\/div>\n<\/div><\/section><\/div><div class=\"flex_column av_one_full  flex_column_div av-zero-column-padding first  avia-builder-el-4  el_after_av_one_full  el_before_av_hr  column-top-margin\" style='border-radius:0px; '><section class=\"av_textblock_section \"  itemscope=\"itemscope\" itemtype=\"https:\/\/schema.org\/BlogPosting\" itemprop=\"blogPost\" ><div class='avia_textblock  '   itemprop=\"text\" ><p style=\"text-align: justify;\">Con el objetivo de integrar a las usuarias en los procesos de avance ambiental que tendr\u00e1 en los pr\u00f3ximos meses la comuna de Ays\u00e9n y apoyar en la \u201chorticultura terap\u00e9utica\u201d que lleva adelante el Hogar Protegido dependiente del Policl\u00ednico de Psiquiatr\u00eda del Hospital de Puerto Ays\u00e9n. Empresas Bahamonde desarroll\u00f3 visitas guiadas a sus instalaciones para que, en compa\u00f1\u00eda de sus profesionales, las vecinas del recinto de Salud pudieran conocer el Relleno Sanitario con el vermicompostaje a gran escala como tambi\u00e9n, la Planta de Reciclaje destinada a cuidar las Costas m\u00e1s lindas de Chile en la Patagonia-Ays\u00e9n.<\/p>\n<p style=\"text-align: justify;\">Sobre la acci\u00f3n, que responde a la Vinculaci\u00f3n con el Medio que posee la empresa, Diego D\u00edaz C\u00e1rcamo, jefe de proyectos agradeci\u00f3 la disposici\u00f3n de las vecinas por asistir a las instalaciones, instancia en la cual \u201cellas pudieron ver todos los procesos y como trabajamos para aportar a la comunidad desde el \u00e1mbito de la gesti\u00f3n de los residuos\u201d. El Ingeniero Civil Industrial a\u00f1adi\u00f3 que esperan prontamente formalizar\u00a0 un convenio con el Hogar para generar cursos de compostajes, talleres y apoyar a su Huerto con la colaboraci\u00f3n de Jorge Lep\u00edo a trav\u00e9s de un \u201capadrinamiento\u201d.<\/p>\n<p style=\"text-align: justify;\">En tanto, el encargado del Relleno Sanitario de Empresas Bahamonde en Ays\u00e9n, Nicol\u00e1s Fuentes, coment\u00f3 que las visitas hasta las instalaciones se encuentran mediadas al p\u00fablico que los visita \u201cAs\u00ed como en esta oportunidad recibimos al Hogar Protegido, hemos recibido tambi\u00e9n colegios de distintos cursos y siempre nuestras visitas se van adaptando para que el inter\u00e9s de nuestros visitantes sea adecuado y participen. Bienvenidos sean todos, se deja la invitaci\u00f3n abierta para cualquier otra instituci\u00f3n, colegios, universidades, puedan tomar contacto con nosotros y venir a conocer\u201d.<\/p>\n<p style=\"text-align: justify;\">Finalmente, Pablo Arredondo Soto, encargado del Hogar Protegido del Hospital de Puerto Ays\u00e9n, coment\u00f3 el positivo impacto que esto tiene en su unidad \u201cestamos sumamente agradecidos nosotros como Hogar, debido a que con Empresas Bahamonde nos encontramos haciendo un trabajo colaborativo. Agradecemos la invitaci\u00f3n nuevamente, la disposici\u00f3n que tuvo su equipo t\u00e9cnico para explicarnos proceso a proceso de lo que era la empresa y c\u00f3mo las aguas percoladas de nuestra basura se pod\u00edan reutilizar y limpiar para darle un uso nuevamente\u201d, sentenci\u00f3 el profesional local.<\/p>\n<\/div><\/section><\/div><div  style='height:50px' class='hr hr-invisible   avia-builder-el-6  el_after_av_one_full  el_before_av_social_share '><span class='hr-inner ' ><span class='hr-inner-style'><\/span><\/span><\/div><\/p>\n<div  class='av-social-sharing-box  avia-builder-el-7  el_after_av_hr  el_before_av_hr  '><div class='av-share-box'><h5 class='av-share-link-description av-no-toc '>Compartir esta noticia<\/h5><ul class='av-share-box-list noLightbox'><li class='av-share-link av-social-link-facebook' ><a target=\"_blank\" aria-label=\"Compartir en Facebook\" href='https:\/\/www.facebook.com\/sharer.php?u=https:\/\/radiorevelacionfm.cl\/?p=39767&#038;t=Vecinas%20del%20Hogar%20Protegido%20de%20Puerto%20Ays%C3%A9n%20aprenden%20sobre%20el%20cuidado%20del%20medio%20ambiente' aria-hidden='false' data-av_icon='\ue8f3' data-av_iconfont='entypo-fontello' title='' data-avia-related-tooltip='Compartir en Facebook' rel=\"noopener\"><span class='avia_hidden_link_text'>Compartir en Facebook<\/span><\/a><\/li><li class='av-share-link av-social-link-twitter' ><a target=\"_blank\" aria-label=\"Compartir en Twitter\" href='https:\/\/twitter.com\/share?text=Vecinas%20del%20Hogar%20Protegido%20de%20Puerto%20Ays%C3%A9n%20aprenden%20sobre%20el%20cuidado%20del%20medio%20ambiente&#038;url=https:\/\/radiorevelacionfm.cl\/?p=39767' aria-hidden='false' data-av_icon='\ue8f1' data-av_iconfont='entypo-fontello' title='' data-avia-related-tooltip='Compartir en Twitter' rel=\"noopener\"><span class='avia_hidden_link_text'>Compartir en Twitter<\/span><\/a><\/li><li class='av-share-link av-social-link-whatsapp' ><a target=\"_blank\" aria-label=\"Compartir en Whatsapp\" href='https:\/\/api.whatsapp.com\/send?text=https:\/\/radiorevelacionfm.cl\/?p=39767' aria-hidden='false' data-av_icon='\uf232' data-av_iconfont='entypo-fontello' title='' data-avia-related-tooltip='Compartir en Whatsapp' rel=\"noopener\"><span class='avia_hidden_link_text'>Compartir en Whatsapp<\/span><\/a><\/li><li class='av-share-link av-social-link-linkedin' ><a target=\"_blank\" aria-label=\"Compartir en LinkedIn\" href='https:\/\/linkedin.com\/shareArticle?mini=true&#038;title=Vecinas%20del%20Hogar%20Protegido%20de%20Puerto%20Ays%C3%A9n%20aprenden%20sobre%20el%20cuidado%20del%20medio%20ambiente&#038;url=https:\/\/radiorevelacionfm.cl\/?p=39767' aria-hidden='false' data-av_icon='\ue8fc' data-av_iconfont='entypo-fontello' title='' data-avia-related-tooltip='Compartir en LinkedIn' rel=\"noopener\"><span class='avia_hidden_link_text'>Compartir en LinkedIn<\/span><\/a><\/li><li class='av-share-link av-social-link-mail' ><a  aria-label=\"Compartir por correo\" href='mailto:?subject=Vecinas%20del%20Hogar%20Protegido%20de%20Puerto%20Ays%C3%A9n%20aprenden%20sobre%20el%20cuidado%20del%20medio%20ambiente&#038;body=https:\/\/radiorevelacionfm.cl\/?p=39767' aria-hidden='false' data-av_icon='\ue805' data-av_iconfont='entypo-fontello' title='' data-avia-related-tooltip='Compartir por correo'><span class='avia_hidden_link_text'>Compartir por correo<\/span><\/a><\/li><\/ul><\/div><\/div>\n<div  style='height:50px' class='hr hr-invisible   avia-builder-el-8  el_after_av_social_share  el_before_av_comments_list '><span class='hr-inner ' ><span class='hr-inner-style'><\/span><\/span><\/div>\n<div  class='av-buildercomment  av-blog-meta-html-info-disabled av-blog-meta-tag-disabled  '><\/div>\n","protected":false},"excerpt":{"rendered":"","protected":false},"author":1,"featured_media":39768,"comment_status":"open","ping_status":"open","sticky":false,"template":"","format":"standard","meta":{"footnotes":""},"categories":[38],"tags":[],"class_list":["post-39767","post","type-post","status-publish","format-standard","has-post-thumbnail","hentry","category-regional"],"jetpack_featured_media_url":"https:\/\/radiorevelacionfm.cl\/wp-content\/uploads\/2024\/02\/img-hogar1-1_optimized.jpg","_links":{"self":[{"href":"https:\/\/radiorevelacionfm.cl\/index.php?rest_route=\/wp\/v2\/posts\/39767","targetHints":{"allow":["GET"]}}],"collection":[{"href":"https:\/\/radiorevelacionfm.cl\/index.php?rest_route=\/wp\/v2\/posts"}],"about":[{"href":"https:\/\/radiorevelacionfm.cl\/index.php?rest_route=\/wp\/v2\/types\/post"}],"author":[{"embeddable":true,"href":"https:\/\/radiorevelacionfm.cl\/index.php?rest_route=\/wp\/v2\/users\/1"}],"replies":[{"embeddable":true,"href":"https:\/\/radiorevelacionfm.cl\/index.php?rest_route=%2Fwp%2Fv2%2Fcomments&post=39767"}],"version-history":[{"count":1,"href":"https:\/\/radiorevelacionfm.cl\/index.php?rest_route=\/wp\/v2\/posts\/39767\/revisions"}],"predecessor-version":[{"id":39769,"href":"https:\/\/radiorevelacionfm.cl\/index.php?rest_route=\/wp\/v2\/posts\/39767\/revisions\/39769"}],"wp:featuredmedia":[{"embeddable":true,"href":"https:\/\/radiorevelacionfm.cl\/index.php?rest_route=\/wp\/v2\/media\/39768"}],"wp:attachment":[{"href":"https:\/\/radiorevelacionfm.cl\/index.php?rest_route=%2Fwp%2Fv2%2Fmedia&parent=39767"}],"wp:term":[{"taxonomy":"category","embeddable":true,"href":"https:\/\/radiorevelacionfm.cl\/index.php?rest_route=%2Fwp%2Fv2%2Fcategories&post=39767"},{"taxonomy":"post_tag","embeddable":true,"href":"https:\/\/radiorevelacionfm.cl\/index.php?rest_route=%2Fwp%2Fv2%2Ftags&post=39767"}],"curies":[{"name":"wp","href":"https:\/\/api.w.org\/{rel}","templated":true}]}}