{"id":39764,"date":"2024-02-22T11:22:58","date_gmt":"2024-02-22T14:22:58","guid":{"rendered":"https:\/\/radiorevelacionfm.cl\/?p=39764"},"modified":"2024-02-22T11:22:58","modified_gmt":"2024-02-22T14:22:58","slug":"director-de-serviu-aysen-realiza-aclaracion-sobre-informe-de-contraloria","status":"publish","type":"post","link":"https:\/\/radiorevelacionfm.cl\/?p=39764","title":{"rendered":"Director de Serviu Ays\u00e9n realiza aclaraci\u00f3n sobre informe de Contralor\u00eda"},"content":{"rendered":"<div class=\"flex_column av_one_full  flex_column_div av-zero-column-padding first  avia-builder-el-0  el_before_av_one_full  avia-builder-el-first  \" style='border-radius:0px; '><div  class='avia-image-container  av-styling-    avia-builder-el-1  avia-builder-el-no-sibling  avia-align-center '  itemprop=\"image\" itemscope=\"itemscope\" itemtype=\"https:\/\/schema.org\/ImageObject\"  ><div class='avia-image-container-inner'><div class='avia-image-overlay-wrap'><img decoding=\"async\" class='wp-image-39765 avia-img-lazy-loading-not-39765 avia_image' src=\"https:\/\/radiorevelacionfm.cl\/wp-content\/uploads\/2024\/02\/director-serviu-victor-contreras-oyarzo-1_optimized-1.jpg\" alt='' title='director-serviu-victor-contreras-oyarzo-(1)_optimized (1)' height=\"600\" width=\"1067\"  itemprop=\"thumbnailUrl\" srcset=\"https:\/\/radiorevelacionfm.cl\/wp-content\/uploads\/2024\/02\/director-serviu-victor-contreras-oyarzo-1_optimized-1.jpg 1067w, https:\/\/radiorevelacionfm.cl\/wp-content\/uploads\/2024\/02\/director-serviu-victor-contreras-oyarzo-1_optimized-1-300x169.jpg 300w, https:\/\/radiorevelacionfm.cl\/wp-content\/uploads\/2024\/02\/director-serviu-victor-contreras-oyarzo-1_optimized-1-1030x579.jpg 1030w, https:\/\/radiorevelacionfm.cl\/wp-content\/uploads\/2024\/02\/director-serviu-victor-contreras-oyarzo-1_optimized-1-768x432.jpg 768w, https:\/\/radiorevelacionfm.cl\/wp-content\/uploads\/2024\/02\/director-serviu-victor-contreras-oyarzo-1_optimized-1-705x396.jpg 705w, https:\/\/radiorevelacionfm.cl\/wp-content\/uploads\/2024\/02\/director-serviu-victor-contreras-oyarzo-1_optimized-1-450x253.jpg 450w, https:\/\/radiorevelacionfm.cl\/wp-content\/uploads\/2024\/02\/director-serviu-victor-contreras-oyarzo-1_optimized-1-600x337.jpg 600w\" sizes=\"(max-width: 1067px) 100vw, 1067px\" \/><\/div><\/div><\/div><\/div><div class=\"flex_column av_one_full  flex_column_div av-zero-column-padding first  avia-builder-el-2  el_after_av_one_full  el_before_av_one_full  column-top-margin\" style='border-radius:0px; '><section class=\"av_textblock_section \"  itemscope=\"itemscope\" itemtype=\"https:\/\/schema.org\/BlogPosting\" itemprop=\"blogPost\" ><div class='avia_textblock  '   itemprop=\"text\" ><p style=\"text-align: center;\"><strong><span style=\"font-size: 18pt;\">Director de Serviu Ays\u00e9n realiza aclaraci\u00f3n sobre informe de Contralor\u00eda<\/span><\/strong><\/p>\n<div id=\"gtx-trans\" style=\"position: absolute; left: -50px; top: 4.31534px;\">\n<div class=\"gtx-trans-icon\"><\/div>\n<\/div>\n<\/div><\/section><\/div><div class=\"flex_column av_one_full  flex_column_div av-zero-column-padding first  avia-builder-el-4  el_after_av_one_full  el_before_av_hr  column-top-margin\" style='border-radius:0px; '><section class=\"av_textblock_section \"  itemscope=\"itemscope\" itemtype=\"https:\/\/schema.org\/BlogPosting\" itemprop=\"blogPost\" ><div class='avia_textblock  '   itemprop=\"text\" ><p style=\"text-align: justify;\">A trav\u00e9s de un comunicado, el Director del Servicio de Vivienda y Urbanizaci\u00f3n (Serviu) de Ays\u00e9n, V\u00edctor Contreras Oyarzo, realiza aclaraci\u00f3n de ciertos puntos en relaci\u00f3n con la reciente informaci\u00f3n difundida en medios nacionales que hace referencia a un informe de Contralor\u00eda sobre traspaso de recursos.<\/p>\n<p style=\"text-align: justify;\">En primer lugar, es importante destacar que en nuestra regi\u00f3n no existen convenios vigentes con fundaciones y, por consiguiente, no se realizan transferencias de ning\u00fan tipo con estas entidades, tanto en el \u00e1mbito del Serviu como en el de la Seremi.<\/p>\n<p style=\"text-align: justify;\">En segundo lugar, las observaciones realizadas en el informe de Contralor\u00eda son de naturaleza administrativa y est\u00e1n espec\u00edficamente relacionadas con convenios establecidos con municipalidades de la regi\u00f3n. Es fundamental resaltar que estas observaciones se est\u00e1n abordando de manera activa y con total transparencia en ambas entidades.<\/p>\n<p style=\"text-align: justify;\">Finalmente, queremos enfatizar que estamos dentro del plazo establecido y estamos trabajando diligentemente en la subsanaci\u00f3n de las observaciones mencionadas en el informe de Contralor\u00eda en ambos organismos. Nuestro compromiso es informar de manera oportuna a Contralor\u00eda sobre los avances en este proceso y asegurar el cumplimiento de todas las normativas pertinentes.<\/p>\n<p style=\"text-align: justify;\">El Servicio de Vivienda y Urbanizaci\u00f3n (Serviu) y la Secretar\u00eda Regional Ministerial de Vivienda y Urbanismo (Seremi Minvu) de Ays\u00e9n reiteran su compromiso con la transparencia, la eficiencia y la correcta administraci\u00f3n de los recursos p\u00fablicos, y se mantienen a disposici\u00f3n para cualquier consulta adicional por parte de los medios de comunicaci\u00f3n y la ciudadan\u00eda en general.<\/p>\n<\/div><\/section><\/div><div  style='height:50px' class='hr hr-invisible   avia-builder-el-6  el_after_av_one_full  el_before_av_social_share '><span class='hr-inner ' ><span class='hr-inner-style'><\/span><\/span><\/div><\/p>\n<div  class='av-social-sharing-box  avia-builder-el-7  el_after_av_hr  el_before_av_hr  '><div class='av-share-box'><h5 class='av-share-link-description av-no-toc '>Compartir esta noticia<\/h5><ul class='av-share-box-list noLightbox'><li class='av-share-link av-social-link-facebook' ><a target=\"_blank\" aria-label=\"Compartir en Facebook\" href='https:\/\/www.facebook.com\/sharer.php?u=https:\/\/radiorevelacionfm.cl\/?p=39764&#038;t=Director%20de%20Serviu%20Ays%C3%A9n%20realiza%20aclaraci%C3%B3n%20sobre%20informe%20de%20Contralor%C3%ADa' aria-hidden='false' data-av_icon='\ue8f3' data-av_iconfont='entypo-fontello' title='' data-avia-related-tooltip='Compartir en Facebook' rel=\"noopener\"><span class='avia_hidden_link_text'>Compartir en Facebook<\/span><\/a><\/li><li class='av-share-link av-social-link-twitter' ><a target=\"_blank\" aria-label=\"Compartir en Twitter\" href='https:\/\/twitter.com\/share?text=Director%20de%20Serviu%20Ays%C3%A9n%20realiza%20aclaraci%C3%B3n%20sobre%20informe%20de%20Contralor%C3%ADa&#038;url=https:\/\/radiorevelacionfm.cl\/?p=39764' aria-hidden='false' data-av_icon='\ue8f1' data-av_iconfont='entypo-fontello' title='' data-avia-related-tooltip='Compartir en Twitter' rel=\"noopener\"><span class='avia_hidden_link_text'>Compartir en Twitter<\/span><\/a><\/li><li class='av-share-link av-social-link-whatsapp' ><a target=\"_blank\" aria-label=\"Compartir en Whatsapp\" href='https:\/\/api.whatsapp.com\/send?text=https:\/\/radiorevelacionfm.cl\/?p=39764' aria-hidden='false' data-av_icon='\uf232' data-av_iconfont='entypo-fontello' title='' data-avia-related-tooltip='Compartir en Whatsapp' rel=\"noopener\"><span class='avia_hidden_link_text'>Compartir en Whatsapp<\/span><\/a><\/li><li class='av-share-link av-social-link-linkedin' ><a target=\"_blank\" aria-label=\"Compartir en LinkedIn\" href='https:\/\/linkedin.com\/shareArticle?mini=true&#038;title=Director%20de%20Serviu%20Ays%C3%A9n%20realiza%20aclaraci%C3%B3n%20sobre%20informe%20de%20Contralor%C3%ADa&#038;url=https:\/\/radiorevelacionfm.cl\/?p=39764' aria-hidden='false' data-av_icon='\ue8fc' data-av_iconfont='entypo-fontello' title='' data-avia-related-tooltip='Compartir en LinkedIn' rel=\"noopener\"><span class='avia_hidden_link_text'>Compartir en LinkedIn<\/span><\/a><\/li><li class='av-share-link av-social-link-mail' ><a  aria-label=\"Compartir por correo\" href='mailto:?subject=Director%20de%20Serviu%20Ays%C3%A9n%20realiza%20aclaraci%C3%B3n%20sobre%20informe%20de%20Contralor%C3%ADa&#038;body=https:\/\/radiorevelacionfm.cl\/?p=39764' aria-hidden='false' data-av_icon='\ue805' data-av_iconfont='entypo-fontello' title='' data-avia-related-tooltip='Compartir por correo'><span class='avia_hidden_link_text'>Compartir por correo<\/span><\/a><\/li><\/ul><\/div><\/div>\n<div  style='height:50px' class='hr hr-invisible   avia-builder-el-8  el_after_av_social_share  el_before_av_comments_list '><span class='hr-inner ' ><span class='hr-inner-style'><\/span><\/span><\/div>\n<div  class='av-buildercomment  av-blog-meta-html-info-disabled av-blog-meta-tag-disabled  '><\/div>\n","protected":false},"excerpt":{"rendered":"","protected":false},"author":1,"featured_media":39765,"comment_status":"open","ping_status":"open","sticky":false,"template":"","format":"standard","meta":{"footnotes":""},"categories":[57],"tags":[],"class_list":["post-39764","post","type-post","status-publish","format-standard","has-post-thumbnail","hentry","category-vivienda"],"jetpack_featured_media_url":"https:\/\/radiorevelacionfm.cl\/wp-content\/uploads\/2024\/02\/director-serviu-victor-contreras-oyarzo-1_optimized-1.jpg","_links":{"self":[{"href":"https:\/\/radiorevelacionfm.cl\/index.php?rest_route=\/wp\/v2\/posts\/39764","targetHints":{"allow":["GET"]}}],"collection":[{"href":"https:\/\/radiorevelacionfm.cl\/index.php?rest_route=\/wp\/v2\/posts"}],"about":[{"href":"https:\/\/radiorevelacionfm.cl\/index.php?rest_route=\/wp\/v2\/types\/post"}],"author":[{"embeddable":true,"href":"https:\/\/radiorevelacionfm.cl\/index.php?rest_route=\/wp\/v2\/users\/1"}],"replies":[{"embeddable":true,"href":"https:\/\/radiorevelacionfm.cl\/index.php?rest_route=%2Fwp%2Fv2%2Fcomments&post=39764"}],"version-history":[{"count":1,"href":"https:\/\/radiorevelacionfm.cl\/index.php?rest_route=\/wp\/v2\/posts\/39764\/revisions"}],"predecessor-version":[{"id":39766,"href":"https:\/\/radiorevelacionfm.cl\/index.php?rest_route=\/wp\/v2\/posts\/39764\/revisions\/39766"}],"wp:featuredmedia":[{"embeddable":true,"href":"https:\/\/radiorevelacionfm.cl\/index.php?rest_route=\/wp\/v2\/media\/39765"}],"wp:attachment":[{"href":"https:\/\/radiorevelacionfm.cl\/index.php?rest_route=%2Fwp%2Fv2%2Fmedia&parent=39764"}],"wp:term":[{"taxonomy":"category","embeddable":true,"href":"https:\/\/radiorevelacionfm.cl\/index.php?rest_route=%2Fwp%2Fv2%2Fcategories&post=39764"},{"taxonomy":"post_tag","embeddable":true,"href":"https:\/\/radiorevelacionfm.cl\/index.php?rest_route=%2Fwp%2Fv2%2Ftags&post=39764"}],"curies":[{"name":"wp","href":"https:\/\/api.w.org\/{rel}","templated":true}]}}