{"id":39761,"date":"2024-02-22T10:10:12","date_gmt":"2024-02-22T13:10:12","guid":{"rendered":"https:\/\/radiorevelacionfm.cl\/?p=39761"},"modified":"2024-02-22T10:10:12","modified_gmt":"2024-02-22T13:10:12","slug":"historico-dirigente-de-la-pesca-artesanal-acusa-intervencion-de-industria-salmonera-en-oposicion-a-las-ecmpo","status":"publish","type":"post","link":"https:\/\/radiorevelacionfm.cl\/?p=39761","title":{"rendered":"Hist\u00f3rico dirigente de la pesca artesanal acusa intervenci\u00f3n de industria salmonera en oposici\u00f3n a las ECMPO"},"content":{"rendered":"<div class=\"flex_column av_one_full  flex_column_div av-zero-column-padding first  avia-builder-el-0  el_before_av_one_full  avia-builder-el-first  \" style='border-radius:0px; '><div  class='avia-image-container  av-styling-    avia-builder-el-1  avia-builder-el-no-sibling  avia-align-center '  itemprop=\"image\" itemscope=\"itemscope\" itemtype=\"https:\/\/schema.org\/ImageObject\"  ><div class='avia-image-container-inner'><div class='avia-image-overlay-wrap'><img decoding=\"async\" class='wp-image-39762 avia-img-lazy-loading-not-39762 avia_image' src=\"https:\/\/radiorevelacionfm.cl\/wp-content\/uploads\/2024\/02\/Nelson-Matissine-1-1.jpg\" alt='' title='Nelson Matissine (1) (1)' height=\"600\" width=\"1064\"  itemprop=\"thumbnailUrl\" srcset=\"https:\/\/radiorevelacionfm.cl\/wp-content\/uploads\/2024\/02\/Nelson-Matissine-1-1.jpg 1064w, https:\/\/radiorevelacionfm.cl\/wp-content\/uploads\/2024\/02\/Nelson-Matissine-1-1-300x169.jpg 300w, https:\/\/radiorevelacionfm.cl\/wp-content\/uploads\/2024\/02\/Nelson-Matissine-1-1-1030x581.jpg 1030w, https:\/\/radiorevelacionfm.cl\/wp-content\/uploads\/2024\/02\/Nelson-Matissine-1-1-768x433.jpg 768w, https:\/\/radiorevelacionfm.cl\/wp-content\/uploads\/2024\/02\/Nelson-Matissine-1-1-705x398.jpg 705w, https:\/\/radiorevelacionfm.cl\/wp-content\/uploads\/2024\/02\/Nelson-Matissine-1-1-450x254.jpg 450w, https:\/\/radiorevelacionfm.cl\/wp-content\/uploads\/2024\/02\/Nelson-Matissine-1-1-600x338.jpg 600w\" sizes=\"(max-width: 1064px) 100vw, 1064px\" \/><\/div><\/div><\/div><\/div><div class=\"flex_column av_one_full  flex_column_div av-zero-column-padding first  avia-builder-el-2  el_after_av_one_full  el_before_av_one_full  column-top-margin\" style='border-radius:0px; '><section class=\"av_textblock_section \"  itemscope=\"itemscope\" itemtype=\"https:\/\/schema.org\/BlogPosting\" itemprop=\"blogPost\" ><div class='avia_textblock  '   itemprop=\"text\" ><p style=\"text-align: center;\"><span style=\"font-size: 18pt;\"><b><span lang=\"ES-TRAD\">Hist\u00f3rico dirigente de la pesca artesanal acusa intervenci\u00f3n de industria salmonera en oposici\u00f3n a las ECMPO<\/span><\/b><\/span><\/p>\n<div id=\"gtx-trans\" style=\"position: absolute; left: -50px; top: 4.31534px;\">\n<div class=\"gtx-trans-icon\"><\/div>\n<\/div>\n<\/div><\/section><\/div><div class=\"flex_column av_one_full  flex_column_div av-zero-column-padding first  avia-builder-el-4  el_after_av_one_full  el_before_av_hr  column-top-margin\" style='border-radius:0px; '><section class=\"av_textblock_section \"  itemscope=\"itemscope\" itemtype=\"https:\/\/schema.org\/BlogPosting\" itemprop=\"blogPost\" ><div class='avia_textblock  '   itemprop=\"text\" ><p class=\"v1MsoNormal\" style=\"text-align: justify;\"><span lang=\"ES-TRAD\">Nelson Matissine, hist\u00f3rico dirigente de los pescadores de Ays\u00e9n, acus\u00f3 a la industria salmonera de intervenir el proceso de discusi\u00f3n sobre los Espacios Costeros Marinos de Pueblos Originarios (ECMPO) con el fin de estancar el proceso. El pescador de Islas Huichas hizo estas afirmaciones durante el 2\u00b0 Taller de la Comisi\u00f3n Regional de Uso del Borde Costero, realizada este mi\u00e9rcoles en el Gobierno Regional de Ays\u00e9n, como antesala de la votaci\u00f3n que se debiera realizar el jueves 29 de febrero.<\/span><\/p>\n<p class=\"v1MsoNormal\" style=\"text-align: justify;\"><span lang=\"ES-TRAD\">En la ocasi\u00f3n, el dirigente expres\u00f3 que \u00ab<i>qued\u00f3 de manifiesto que hay un empe\u00f1o de parte de la industria acu\u00edcola de que este proceso no avance, que se entanque<\/i>\u00ab. En este sentido, puntualiz\u00f3 que eso se aprecia por la participaci\u00f3n en estos espacios de actores que, en otras circunstancias, no podr\u00edan hacerlo. \u00ab<i>Nosotros tenemos limitados recursos. Y cuando tenemos que hacer defensa de nuestro territorio, por lo anteriormente dicho, entonces no tenemos c\u00f3mo movernos econ\u00f3micamente. Pero ha quedado de manifiesto que la industria, me quiero hacer bien responsable, ha movido a una gran cantidad de personas, de gente, de organizaciones, y ha distorsionado todo esto. Y no lo he acusado yo, sino que muchos lo han repetido<\/i>\u00bb explic\u00f3.\u00a0<span class=\"v1gmail-Apple-converted-space\">\u00a0<\/span><\/span><\/p>\n<p class=\"v1MsoNormal\" style=\"text-align: justify;\"><span lang=\"ES-TRAD\">Agreg\u00f3 que \u00ab<i>ustedes entender\u00e1n que una sola concesi\u00f3n acu\u00edcola est\u00e1 avaluada en millones de d\u00f3lares. Por lo tanto, \u00bfqu\u00e9 costar\u00eda sacar un poco para poder financiar una campa\u00f1a para desprestigiar, para baja y vilmente estampar mentiras que no son verdaderas?<\/i>\u00ab.<\/span><\/p>\n<p class=\"v1MsoNormal\" style=\"text-align: justify;\"><span lang=\"ES-TRAD\">Sobre los intereses de la salmonicultura, manifest\u00f3 que \u00ab<i>ning\u00fan dirigente de los pescadores est\u00e1 en contra de la industria, estamos en contra de las malas pr\u00e1cticas. Y aqu\u00ed ha quedado abiertamente se\u00f1alado, que lo que ellos persiguen es m\u00e1s y m\u00e1s territorio, m\u00e1s manga ancha con respecto a lo que ellos quieren. Y esta solicitud como que los frena un poco. Pero no quiere decir que a ellos se les hace una zancadilla para que sigan produciendo, ellos pueden seguir produciendo. Ellos tienen sus derechos adquiridos dentro de las ECMPO<\/i>\u00ab.<\/span><\/p>\n<p class=\"v1MsoNormal\" style=\"text-align: justify;\"><span lang=\"ES-TRAD\">Durante el taller, que dur\u00f3 todo el d\u00eda tanto en formato presencial como online, m\u00faltiples actores regionales de distintos sectores adem\u00e1s de pobladores del litoral, presentaron sus puntos de vista. En muchos casos, alineados con los intereses de la industria salmonera al reconocer ser dirigentes sociales y pescadores, pero a la vez trabajadores de empresas acu\u00edcolas o prestadores de servicios para este sector productivo.<\/span><\/p>\n<p class=\"v1MsoNormal\" style=\"text-align: justify;\"><span lang=\"ES-TRAD\">Un punto destacado fue la solicitud de mayor transparencia y participaci\u00f3n en este tipo de procesos.\u00a0En este sentido, se plante\u00f3 que este requerimiento es necesario no s\u00f3lo para este caso en particular sino para todos los que involucren decisiones sobre el litoral y el maritorio de Ays\u00e9n. Esto dado que cuando se ha resuelto sobre relocalizaciones y concesiones salmoneras no se ha escuchado este tipo de peticiones desde los mismos actores que hoy reclaman por mayor participaci\u00f3n.<\/span><\/p>\n<\/div><\/section><\/div><div  style='height:50px' class='hr hr-invisible   avia-builder-el-6  el_after_av_one_full  el_before_av_social_share '><span class='hr-inner ' ><span class='hr-inner-style'><\/span><\/span><\/div><\/p>\n<div  class='av-social-sharing-box  avia-builder-el-7  el_after_av_hr  el_before_av_hr  '><div class='av-share-box'><h5 class='av-share-link-description av-no-toc '>Compartir esta noticia<\/h5><ul class='av-share-box-list noLightbox'><li class='av-share-link av-social-link-facebook' ><a target=\"_blank\" aria-label=\"Compartir en Facebook\" href='https:\/\/www.facebook.com\/sharer.php?u=https:\/\/radiorevelacionfm.cl\/?p=39761&#038;t=Hist%C3%B3rico%20dirigente%20de%20la%20pesca%20artesanal%20acusa%20intervenci%C3%B3n%20de%20industria%20salmonera%20en%20oposici%C3%B3n%20a%20las%20ECMPO' aria-hidden='false' data-av_icon='\ue8f3' data-av_iconfont='entypo-fontello' title='' data-avia-related-tooltip='Compartir en Facebook' rel=\"noopener\"><span class='avia_hidden_link_text'>Compartir en Facebook<\/span><\/a><\/li><li class='av-share-link av-social-link-twitter' ><a target=\"_blank\" aria-label=\"Compartir en Twitter\" href='https:\/\/twitter.com\/share?text=Hist%C3%B3rico%20dirigente%20de%20la%20pesca%20artesanal%20acusa%20intervenci%C3%B3n%20de%20industria%20salmonera%20en%20oposici%C3%B3n%20a%20las%20ECMPO&#038;url=https:\/\/radiorevelacionfm.cl\/?p=39761' aria-hidden='false' data-av_icon='\ue8f1' data-av_iconfont='entypo-fontello' title='' data-avia-related-tooltip='Compartir en Twitter' rel=\"noopener\"><span class='avia_hidden_link_text'>Compartir en Twitter<\/span><\/a><\/li><li class='av-share-link av-social-link-whatsapp' ><a target=\"_blank\" aria-label=\"Compartir en Whatsapp\" href='https:\/\/api.whatsapp.com\/send?text=https:\/\/radiorevelacionfm.cl\/?p=39761' aria-hidden='false' data-av_icon='\uf232' data-av_iconfont='entypo-fontello' title='' data-avia-related-tooltip='Compartir en Whatsapp' rel=\"noopener\"><span class='avia_hidden_link_text'>Compartir en Whatsapp<\/span><\/a><\/li><li class='av-share-link av-social-link-linkedin' ><a target=\"_blank\" aria-label=\"Compartir en LinkedIn\" href='https:\/\/linkedin.com\/shareArticle?mini=true&#038;title=Hist%C3%B3rico%20dirigente%20de%20la%20pesca%20artesanal%20acusa%20intervenci%C3%B3n%20de%20industria%20salmonera%20en%20oposici%C3%B3n%20a%20las%20ECMPO&#038;url=https:\/\/radiorevelacionfm.cl\/?p=39761' aria-hidden='false' data-av_icon='\ue8fc' data-av_iconfont='entypo-fontello' title='' data-avia-related-tooltip='Compartir en LinkedIn' rel=\"noopener\"><span class='avia_hidden_link_text'>Compartir en LinkedIn<\/span><\/a><\/li><li class='av-share-link av-social-link-mail' ><a  aria-label=\"Compartir por correo\" href='mailto:?subject=Hist%C3%B3rico%20dirigente%20de%20la%20pesca%20artesanal%20acusa%20intervenci%C3%B3n%20de%20industria%20salmonera%20en%20oposici%C3%B3n%20a%20las%20ECMPO&#038;body=https:\/\/radiorevelacionfm.cl\/?p=39761' aria-hidden='false' data-av_icon='\ue805' data-av_iconfont='entypo-fontello' title='' data-avia-related-tooltip='Compartir por correo'><span class='avia_hidden_link_text'>Compartir por correo<\/span><\/a><\/li><\/ul><\/div><\/div>\n<div  style='height:50px' class='hr hr-invisible   avia-builder-el-8  el_after_av_social_share  el_before_av_comments_list '><span class='hr-inner ' ><span class='hr-inner-style'><\/span><\/span><\/div>\n<div  class='av-buildercomment  av-blog-meta-html-info-disabled av-blog-meta-tag-disabled  '><\/div>\n","protected":false},"excerpt":{"rendered":"","protected":false},"author":1,"featured_media":39762,"comment_status":"open","ping_status":"open","sticky":false,"template":"","format":"standard","meta":{"footnotes":""},"categories":[38],"tags":[],"class_list":["post-39761","post","type-post","status-publish","format-standard","has-post-thumbnail","hentry","category-regional"],"jetpack_featured_media_url":"https:\/\/radiorevelacionfm.cl\/wp-content\/uploads\/2024\/02\/Nelson-Matissine-1-1.jpg","_links":{"self":[{"href":"https:\/\/radiorevelacionfm.cl\/index.php?rest_route=\/wp\/v2\/posts\/39761","targetHints":{"allow":["GET"]}}],"collection":[{"href":"https:\/\/radiorevelacionfm.cl\/index.php?rest_route=\/wp\/v2\/posts"}],"about":[{"href":"https:\/\/radiorevelacionfm.cl\/index.php?rest_route=\/wp\/v2\/types\/post"}],"author":[{"embeddable":true,"href":"https:\/\/radiorevelacionfm.cl\/index.php?rest_route=\/wp\/v2\/users\/1"}],"replies":[{"embeddable":true,"href":"https:\/\/radiorevelacionfm.cl\/index.php?rest_route=%2Fwp%2Fv2%2Fcomments&post=39761"}],"version-history":[{"count":1,"href":"https:\/\/radiorevelacionfm.cl\/index.php?rest_route=\/wp\/v2\/posts\/39761\/revisions"}],"predecessor-version":[{"id":39763,"href":"https:\/\/radiorevelacionfm.cl\/index.php?rest_route=\/wp\/v2\/posts\/39761\/revisions\/39763"}],"wp:featuredmedia":[{"embeddable":true,"href":"https:\/\/radiorevelacionfm.cl\/index.php?rest_route=\/wp\/v2\/media\/39762"}],"wp:attachment":[{"href":"https:\/\/radiorevelacionfm.cl\/index.php?rest_route=%2Fwp%2Fv2%2Fmedia&parent=39761"}],"wp:term":[{"taxonomy":"category","embeddable":true,"href":"https:\/\/radiorevelacionfm.cl\/index.php?rest_route=%2Fwp%2Fv2%2Fcategories&post=39761"},{"taxonomy":"post_tag","embeddable":true,"href":"https:\/\/radiorevelacionfm.cl\/index.php?rest_route=%2Fwp%2Fv2%2Ftags&post=39761"}],"curies":[{"name":"wp","href":"https:\/\/api.w.org\/{rel}","templated":true}]}}