{"id":39757,"date":"2024-02-22T09:55:47","date_gmt":"2024-02-22T12:55:47","guid":{"rendered":"https:\/\/radiorevelacionfm.cl\/?p=39757"},"modified":"2024-02-22T09:55:47","modified_gmt":"2024-02-22T12:55:47","slug":"juegos-araucania-aysen-2024-busca-su-mascota-oficial-lanzan-concurso-para-crear-la-mascota-de-los-juegos-binacionales","status":"publish","type":"post","link":"https:\/\/radiorevelacionfm.cl\/?p=39757","title":{"rendered":"Juegos Araucan\u00eda Ays\u00e9n 2024 busca su Mascota Oficial: Lanzan concurso para crear la mascota de los Juegos Binacionales"},"content":{"rendered":"<div class=\"flex_column av_one_full  flex_column_div av-zero-column-padding first  avia-builder-el-0  el_before_av_one_full  avia-builder-el-first  \" style='border-radius:0px; '><div  class='avia-image-container  av-styling-    avia-builder-el-1  avia-builder-el-no-sibling  avia-align-center '  itemprop=\"image\" itemscope=\"itemscope\" itemtype=\"https:\/\/schema.org\/ImageObject\"  ><div class='avia-image-container-inner'><div class='avia-image-overlay-wrap'><img decoding=\"async\" class='wp-image-39758 avia-img-lazy-loading-not-39758 avia_image' src=\"https:\/\/radiorevelacionfm.cl\/wp-content\/uploads\/2024\/02\/f-1_optimized-1.jpeg\" alt='' title='f-(1)_optimized (1)' height=\"740\" width=\"808\"  itemprop=\"thumbnailUrl\" srcset=\"https:\/\/radiorevelacionfm.cl\/wp-content\/uploads\/2024\/02\/f-1_optimized-1.jpeg 808w, https:\/\/radiorevelacionfm.cl\/wp-content\/uploads\/2024\/02\/f-1_optimized-1-300x275.jpeg 300w, https:\/\/radiorevelacionfm.cl\/wp-content\/uploads\/2024\/02\/f-1_optimized-1-768x703.jpeg 768w, https:\/\/radiorevelacionfm.cl\/wp-content\/uploads\/2024\/02\/f-1_optimized-1-705x646.jpeg 705w, https:\/\/radiorevelacionfm.cl\/wp-content\/uploads\/2024\/02\/f-1_optimized-1-450x412.jpeg 450w, https:\/\/radiorevelacionfm.cl\/wp-content\/uploads\/2024\/02\/f-1_optimized-1-600x550.jpeg 600w\" sizes=\"(max-width: 808px) 100vw, 808px\" \/><\/div><\/div><\/div><\/div><div class=\"flex_column av_one_full  flex_column_div av-zero-column-padding first  avia-builder-el-2  el_after_av_one_full  el_before_av_one_full  column-top-margin\" style='border-radius:0px; '><section class=\"av_textblock_section \"  itemscope=\"itemscope\" itemtype=\"https:\/\/schema.org\/BlogPosting\" itemprop=\"blogPost\" ><div class='avia_textblock  '   itemprop=\"text\" ><p class=\"v1MsoNormal\" style=\"text-align: center;\"><span style=\"font-size: 18pt;\"><b>Juegos Araucan\u00eda Ays\u00e9n 2024 busca su Mascota Oficial: <\/b><b><\/b><b>Lanzan concurso para crear la mascota de los Juegos Binacionales<\/b><\/span><\/p>\n<div id=\"gtx-trans\" style=\"position: absolute; left: -50px; top: 4.31534px;\">\n<div class=\"gtx-trans-icon\"><\/div>\n<\/div>\n<\/div><\/section><\/div><div class=\"flex_column av_one_full  flex_column_div av-zero-column-padding first  avia-builder-el-4  el_after_av_one_full  el_before_av_hr  column-top-margin\" style='border-radius:0px; '><section class=\"av_textblock_section \"  itemscope=\"itemscope\" itemtype=\"https:\/\/schema.org\/BlogPosting\" itemprop=\"blogPost\" ><div class='avia_textblock  '   itemprop=\"text\" ><p class=\"v1MsoNormal\" style=\"text-align: justify;\"><em>Autoridades regionales junto a la organizaci\u00f3n del mega evento deportivo dieron a conocer las bases del concurso que estar\u00e1 abierto a todos los habitantes de la Regi\u00f3n de Ays\u00e9n.<\/em><b><\/b><\/p>\n<p class=\"v1MsoNormal\" style=\"text-align: justify;\">En el paseo Horn de la capital regional, el Ministerio del Deporte junto a IND Ays\u00e9n abrieron el proceso para que todos los habitantes de la regi\u00f3n propongan sus dise\u00f1os y dibujos de\u00a0mascota oficial de la edici\u00f3n N\u00b0 31 de los Juegos Binacionales (10 al 16 de noviembre), donde nuestra regi\u00f3n ser\u00e1 anfitriona del\u00a0conjunto de competencias deportivas\u00a0que re\u00fanen a j\u00f3venes procedentes del sur de Chile y Argentina.<\/p>\n<p class=\"v1MsoNormal\" style=\"text-align: justify;\">Fue el Delegado Presidencial Regional, Rodrigo Araya Morales quien dio inicio al punto de prensa destacando que \u00abLos juegos de la Araucan\u00eda, nacen como un\u00a0compromiso de paz y fraternidad entre Chile y Argentina, un compromiso que este 2024\u00a0cumple 31 a\u00f1os y como Estado y\u00a0Gobierno del Presidente Gabriel Boric estamos comprometidos en perpetuar una cultura del movimiento y fortalecer el deporte de competencia a trav\u00e9s de este mega evento deportivo. Queremos hacer llegar el esp\u00edritu de los juegos a todos los habitantes de nuestra regi\u00f3n con este concurso al que est\u00e1n desde ya invitados a participar\u00bb, se\u00f1al\u00f3.<\/p>\n<p class=\"v1MsoNormal\" style=\"text-align: justify;\">Durante la actividad, en la que se present\u00f3 el afiche y video de convocatoria al concurso, la Seremi del Deporte, Mar\u00eda Eugenia Dur\u00e1n Jara, aclar\u00f3 que \u00abesta es una invitaci\u00f3n abierta a todas las personas, de todas las edades, es de t\u00e9cnica libre y el \u00fanico requisito es tener ganas y residir en la Regi\u00f3n de Ays\u00e9n, \u00a0el dise\u00f1o propuesto, ya sea alg\u00fan personaje, flora o fauna nativa, tiene que tener identidad y pertenencia regional, adem\u00e1s de representar el mensaje de los juegos, con un mensaje de fraternidad y de encuentro, as\u00ed como con los valores del deporte como motor de desarrollo integral y social que impulsamos a trav\u00e9s del Ministerio del Deporte\u00bb.<\/p>\n<p class=\"v1MsoNormal\" style=\"text-align: justify;\">En tanto Javier Medina Mella, director regional (s) IND, enfatiz\u00f3 la importancia de este hito ya que la mascota ser\u00e1 la cara visible de los Juegos y a trav\u00e9s de este concurso queremos como Instituto que cada uno de los habitantes de la regi\u00f3n se sientan parte de los Juegos Araucan\u00eda Ays\u00e9n 2024, mencionar y agradecer al comercio local e instituciones que est\u00e1 apoyando esta iniciativa trav\u00e9s de los premios; Casa Pualuan Puerto Ays\u00e9n, Comercial del Red \u00abRaza Sure\u00f1a\u00bb, Kinec Kinesiolog\u00eda, INJUV, Academia Gimnasia Patagonia, Holzer y Aktiva-T.<\/p>\n<p class=\"v1MsoNormal\" style=\"text-align: justify;\">Finalmente el edil de Coyhaique Carlos Gatica Villegas, agradeci\u00f3 el compromiso del Gobierno y Mindep al hacer este proceso abierto a la comunidad e hizo un llamado a las familias a participar en este concurso, recordando adem\u00e1s que la ciudad de Coyhaique ser\u00e1 la subsede m\u00e1s grande que albergar\u00e1 a m\u00e1s de 1.000 deportistas, destacando tambi\u00e9n el apoyo del comercio local, \u00abya que estos juegos no s\u00f3lo significan mayor desarrollo deportivo, sino que adem\u00e1s mayor desarrollo de la comuna\u00bb, puntualiz\u00f3.<\/p>\n<p class=\"v1MsoNormal\" style=\"text-align: justify;\"><b>Cronograma<\/b><b><\/b><\/p>\n<p class=\"v1MsoNormal\" style=\"text-align: justify;\">Plazo para participar, desde el\u00a0<u>20 de febrero al 05 de marzo de 2024, hasta las 12:00 hrs.<\/u><u><\/u><\/p>\n<p class=\"v1MsoNormal\" style=\"text-align: justify;\">Bases descargables c\u00f3digo QR (imagen)<\/p>\n<p class=\"v1MsoNormal\" style=\"text-align: justify;\">Hashtag concurso\u00a0<b>#araucaniaaysen2024 #concurso mascota<\/b><\/p>\n<p class=\"v1MsoNormal\" style=\"text-align: justify;\">Asimismo, las propuestas pueden enviarse de las siguientes formas:<\/p>\n<p class=\"v1MsoNormal\" style=\"text-align: justify;\">Digitalmente, enviar toda la documentaci\u00f3n de los requisitos y la propuesta gr\u00e1fica en un PDF y en el archivo de software editable anexo, o bien escaneado, con nombre y apellido del participante al correo\u00a0<a href=\"mailto:lorena.sandoval@ind.cl\" rel=\"noreferrer\">lorena.sandoval@ind.cl<\/a>\u00a0y en el asunto del correo debe decir \u00abConcurso\/Mascota Juegos Binacionales Ays\u00e9n 2024\u00bb.<\/p>\n<p class=\"v1MsoNormal\" style=\"text-align: justify;\">El\u00a0 COL (Comit\u00e9 Operativo Local Organizador, escoger\u00e1 a los 3 mejores dise\u00f1os, eligiendo seg\u00fan ponderaci\u00f3n en las bases,\u00a0<b>se premiar\u00e1 al 1\u00b0, 2\u00b0 y 3\u00b0 lugar<\/b>.<\/p>\n<p class=\"v1MsoNormal\" style=\"text-align: justify;\">La premiaci\u00f3n se realizar\u00e1 durante el mes de marzo en fecha a confirmar.<\/p>\n<\/div><\/section><\/div><div  style='height:50px' class='hr hr-invisible   avia-builder-el-6  el_after_av_one_full  el_before_av_social_share '><span class='hr-inner ' ><span class='hr-inner-style'><\/span><\/span><\/div><\/p>\n<div  class='av-social-sharing-box  avia-builder-el-7  el_after_av_hr  el_before_av_hr  '><div class='av-share-box'><h5 class='av-share-link-description av-no-toc '>Compartir esta noticia<\/h5><ul class='av-share-box-list noLightbox'><li class='av-share-link av-social-link-facebook' ><a target=\"_blank\" aria-label=\"Compartir en Facebook\" href='https:\/\/www.facebook.com\/sharer.php?u=https:\/\/radiorevelacionfm.cl\/?p=39757&#038;t=Juegos%20Araucan%C3%ADa%20Ays%C3%A9n%202024%20busca%20su%20Mascota%20Oficial%3A%20Lanzan%20concurso%20para%20crear%20la%20mascota%20de%20los%20Juegos%20Binacionales' aria-hidden='false' data-av_icon='\ue8f3' data-av_iconfont='entypo-fontello' title='' data-avia-related-tooltip='Compartir en Facebook' rel=\"noopener\"><span class='avia_hidden_link_text'>Compartir en Facebook<\/span><\/a><\/li><li class='av-share-link av-social-link-twitter' ><a target=\"_blank\" aria-label=\"Compartir en Twitter\" href='https:\/\/twitter.com\/share?text=Juegos%20Araucan%C3%ADa%20Ays%C3%A9n%202024%20busca%20su%20Mascota%20Oficial%3A%20Lanzan%20concurso%20para%20crear%20la%20mascota%20de%20los%20Juegos%20Binacionales&#038;url=https:\/\/radiorevelacionfm.cl\/?p=39757' aria-hidden='false' data-av_icon='\ue8f1' data-av_iconfont='entypo-fontello' title='' data-avia-related-tooltip='Compartir en Twitter' rel=\"noopener\"><span class='avia_hidden_link_text'>Compartir en Twitter<\/span><\/a><\/li><li class='av-share-link av-social-link-whatsapp' ><a target=\"_blank\" aria-label=\"Compartir en Whatsapp\" href='https:\/\/api.whatsapp.com\/send?text=https:\/\/radiorevelacionfm.cl\/?p=39757' aria-hidden='false' data-av_icon='\uf232' data-av_iconfont='entypo-fontello' title='' data-avia-related-tooltip='Compartir en Whatsapp' rel=\"noopener\"><span class='avia_hidden_link_text'>Compartir en Whatsapp<\/span><\/a><\/li><li class='av-share-link av-social-link-linkedin' ><a target=\"_blank\" aria-label=\"Compartir en LinkedIn\" href='https:\/\/linkedin.com\/shareArticle?mini=true&#038;title=Juegos%20Araucan%C3%ADa%20Ays%C3%A9n%202024%20busca%20su%20Mascota%20Oficial%3A%20Lanzan%20concurso%20para%20crear%20la%20mascota%20de%20los%20Juegos%20Binacionales&#038;url=https:\/\/radiorevelacionfm.cl\/?p=39757' aria-hidden='false' data-av_icon='\ue8fc' data-av_iconfont='entypo-fontello' title='' data-avia-related-tooltip='Compartir en LinkedIn' rel=\"noopener\"><span class='avia_hidden_link_text'>Compartir en LinkedIn<\/span><\/a><\/li><li class='av-share-link av-social-link-mail' ><a  aria-label=\"Compartir por correo\" href='mailto:?subject=Juegos%20Araucan%C3%ADa%20Ays%C3%A9n%202024%20busca%20su%20Mascota%20Oficial%3A%20Lanzan%20concurso%20para%20crear%20la%20mascota%20de%20los%20Juegos%20Binacionales&#038;body=https:\/\/radiorevelacionfm.cl\/?p=39757' aria-hidden='false' data-av_icon='\ue805' data-av_iconfont='entypo-fontello' title='' data-avia-related-tooltip='Compartir por correo'><span class='avia_hidden_link_text'>Compartir por correo<\/span><\/a><\/li><\/ul><\/div><\/div>\n<div  style='height:50px' class='hr hr-invisible   avia-builder-el-8  el_after_av_social_share  el_before_av_comments_list '><span class='hr-inner ' ><span class='hr-inner-style'><\/span><\/span><\/div>\n<div  class='av-buildercomment  av-blog-meta-html-info-disabled av-blog-meta-tag-disabled  '><\/div>\n","protected":false},"excerpt":{"rendered":"","protected":false},"author":1,"featured_media":39758,"comment_status":"open","ping_status":"open","sticky":false,"template":"","format":"standard","meta":{"footnotes":""},"categories":[40],"tags":[],"class_list":["post-39757","post","type-post","status-publish","format-standard","has-post-thumbnail","hentry","category-deportes"],"jetpack_featured_media_url":"https:\/\/radiorevelacionfm.cl\/wp-content\/uploads\/2024\/02\/f-1_optimized-1.jpeg","_links":{"self":[{"href":"https:\/\/radiorevelacionfm.cl\/index.php?rest_route=\/wp\/v2\/posts\/39757","targetHints":{"allow":["GET"]}}],"collection":[{"href":"https:\/\/radiorevelacionfm.cl\/index.php?rest_route=\/wp\/v2\/posts"}],"about":[{"href":"https:\/\/radiorevelacionfm.cl\/index.php?rest_route=\/wp\/v2\/types\/post"}],"author":[{"embeddable":true,"href":"https:\/\/radiorevelacionfm.cl\/index.php?rest_route=\/wp\/v2\/users\/1"}],"replies":[{"embeddable":true,"href":"https:\/\/radiorevelacionfm.cl\/index.php?rest_route=%2Fwp%2Fv2%2Fcomments&post=39757"}],"version-history":[{"count":1,"href":"https:\/\/radiorevelacionfm.cl\/index.php?rest_route=\/wp\/v2\/posts\/39757\/revisions"}],"predecessor-version":[{"id":39759,"href":"https:\/\/radiorevelacionfm.cl\/index.php?rest_route=\/wp\/v2\/posts\/39757\/revisions\/39759"}],"wp:featuredmedia":[{"embeddable":true,"href":"https:\/\/radiorevelacionfm.cl\/index.php?rest_route=\/wp\/v2\/media\/39758"}],"wp:attachment":[{"href":"https:\/\/radiorevelacionfm.cl\/index.php?rest_route=%2Fwp%2Fv2%2Fmedia&parent=39757"}],"wp:term":[{"taxonomy":"category","embeddable":true,"href":"https:\/\/radiorevelacionfm.cl\/index.php?rest_route=%2Fwp%2Fv2%2Fcategories&post=39757"},{"taxonomy":"post_tag","embeddable":true,"href":"https:\/\/radiorevelacionfm.cl\/index.php?rest_route=%2Fwp%2Fv2%2Ftags&post=39757"}],"curies":[{"name":"wp","href":"https:\/\/api.w.org\/{rel}","templated":true}]}}