{"id":39754,"date":"2024-02-21T21:01:29","date_gmt":"2024-02-22T00:01:29","guid":{"rendered":"https:\/\/radiorevelacionfm.cl\/?p=39754"},"modified":"2024-02-21T21:30:26","modified_gmt":"2024-02-22T00:30:26","slug":"alcalde-de-lago-verde-ante-crisis-vinculada-al-producto-lana-anuncia-plan-de-emergencia-para-campesinos-del-rubro-ovino-ante-incertidumbre-mundial","status":"publish","type":"post","link":"https:\/\/radiorevelacionfm.cl\/?p=39754","title":{"rendered":"Alcalde de Lago Verde ante crisis vinculada al producto lana, anuncia plan de emergencia para campesinos del rubro ovino ante incertidumbre mundial"},"content":{"rendered":"<div class=\"flex_column av_one_full  flex_column_div av-zero-column-padding first  avia-builder-el-0  el_before_av_one_full  avia-builder-el-first  \" style='border-radius:0px; '><div  class='avia-image-container  av-styling-    avia-builder-el-1  avia-builder-el-no-sibling  avia-align-center '  itemprop=\"image\" itemscope=\"itemscope\" itemtype=\"https:\/\/schema.org\/ImageObject\"  ><div class='avia-image-container-inner'><div class='avia-image-overlay-wrap'><img decoding=\"async\" class='wp-image-39755 avia-img-lazy-loading-not-39755 avia_image' src=\"https:\/\/radiorevelacionfm.cl\/wp-content\/uploads\/2024\/02\/lana-32-1_optimized.jpg\" alt='' title='lana-(32)-(1)_optimized' height=\"600\" width=\"800\"  itemprop=\"thumbnailUrl\" srcset=\"https:\/\/radiorevelacionfm.cl\/wp-content\/uploads\/2024\/02\/lana-32-1_optimized.jpg 800w, https:\/\/radiorevelacionfm.cl\/wp-content\/uploads\/2024\/02\/lana-32-1_optimized-300x225.jpg 300w, https:\/\/radiorevelacionfm.cl\/wp-content\/uploads\/2024\/02\/lana-32-1_optimized-768x576.jpg 768w, https:\/\/radiorevelacionfm.cl\/wp-content\/uploads\/2024\/02\/lana-32-1_optimized-705x529.jpg 705w, https:\/\/radiorevelacionfm.cl\/wp-content\/uploads\/2024\/02\/lana-32-1_optimized-450x338.jpg 450w, https:\/\/radiorevelacionfm.cl\/wp-content\/uploads\/2024\/02\/lana-32-1_optimized-600x450.jpg 600w\" sizes=\"(max-width: 800px) 100vw, 800px\" \/><\/div><\/div><\/div><\/div>\n<div class=\"flex_column av_one_full  flex_column_div av-zero-column-padding first  avia-builder-el-2  el_after_av_one_full  el_before_av_one_full  column-top-margin\" style='border-radius:0px; '><section class=\"av_textblock_section \"  itemscope=\"itemscope\" itemtype=\"https:\/\/schema.org\/BlogPosting\" itemprop=\"blogPost\" ><div class='avia_textblock  '   itemprop=\"text\" ><p style=\"text-align: center;\"><strong><span style=\"font-size: 18pt;\">Alcalde de Lago Verde ante crisis vinculada al producto lana, anuncia plan de emergencia para campesinos del rubro ovino ante incertidumbre mundial<\/span><\/strong><\/p>\n<div id=\"gtx-trans\" style=\"position: absolute; left: -50px; top: 4.31534px;\">\n<div class=\"gtx-trans-icon\"><\/div>\n<\/div>\n<\/div><\/section><\/div><div class=\"flex_column av_one_full  flex_column_div av-zero-column-padding first  avia-builder-el-4  el_after_av_one_full  el_before_av_hr  column-top-margin\" style='border-radius:0px; '><section class=\"av_textblock_section \"  itemscope=\"itemscope\" itemtype=\"https:\/\/schema.org\/BlogPosting\" itemprop=\"blogPost\" ><div class='avia_textblock  '   itemprop=\"text\" ><p dir=\"ltr\" style=\"text-align: justify;\">Una de las actividades identitarias de la regi\u00f3n de Ays\u00e9n, desde sus or\u00edgenes, es el trabajo con la lana. Material que ha acompa\u00f1ado desde siempre a quienes han habitado en estas zonas fr\u00edas y lluviosas, gracias a su gran capacidad t\u00e9rmica, aislante, y repelente al agua. Pero este rubro hoy enfrenta un momento complejo en el mercado internacional, debido a que la incorporaci\u00f3n de fibra por parte del mercado Chino ha provocado una grave disminuci\u00f3n en la adquisici\u00f3n del producto, generando un exceso de lana que no se est\u00e1 utilizando.<\/p>\n<p dir=\"ltr\" style=\"text-align: justify;\">Este drama, como informa el alcalde de Lago Verde, Nelson Opazo, se est\u00e1 viendo reflejado en todo Ays\u00e9n: \u00abexisten en muchos casos de la regi\u00f3n y en el caso nuestro como comuna, tenemos en los galpones de la gente de campo m\u00e1s de 25 mil kilos acumulados que no pudieron ser comercializados. Y ante la ausencia de propuestas concretas nosotros hemos venido trabajando, y hoy estamos requiriendo al Consejo Regional, a la Gobernadora Regional, de que se incorporen recursos para un plan de emergencia en este \u00e1mbito. Que nos permita adquirir esa lana y darle otro destino\u00bb, afirm\u00f3.<\/p>\n<p dir=\"ltr\" style=\"text-align: justify;\">Dentro de las alternativas que ha preparado el alcalde Opazo en el plan de emergencia, se encuentran tres ejes. El primero, generar una red de trabajo con el insumo de lana lavada junto con las artesanas locales. El segundo es darle un destino de revestimiento t\u00e9rmico. Y el tercero, impulsar mediante un taller de capacitaci\u00f3n el uso de elementos de la lana, para ser utilizados de abono en el rubro de las hortalizas.<\/p>\n<p dir=\"ltr\" style=\"text-align: justify;\">Es por esto que el alcalde Opazo est\u00e1 decidido a hacer todos los esfuerzos posibles, ya que se trata de una parte esencial de la idiosincrasia patag\u00f3nica chilena: \u00abno podemos olvidar este rubro que es parte de la identidad y del patrimonio regional. Si nosotros permitimos que desaparezca el rubro ovino, estamos permitiendo que desaparezca parte de la historia de la regi\u00f3n\u00bb.<\/p>\n<p dir=\"ltr\" style=\"text-align: justify;\">As\u00ed, la propuesta concreta ser\u00e1 presentada en el mes de marzo a la Comisi\u00f3n de Fomento Productivo del Consejo Regional: \u00abesperando que tenga una respuesta positiva con la mayor celeridad posible, considerando la contingencia regional, la contingencia mundial, respecto del mercado de la lana\u00bb, concluy\u00f3.<\/p>\n<\/div><\/section><\/div><\/p>\n<div  style='height:50px' class='hr hr-invisible   avia-builder-el-6  el_after_av_one_full  el_before_av_social_share '><span class='hr-inner ' ><span class='hr-inner-style'><\/span><\/span><\/div>\n<div  class='av-social-sharing-box  avia-builder-el-7  el_after_av_hr  el_before_av_hr  '><div class='av-share-box'><h5 class='av-share-link-description av-no-toc '>Compartir esta noticia<\/h5><ul class='av-share-box-list noLightbox'><li class='av-share-link av-social-link-facebook' ><a target=\"_blank\" aria-label=\"Compartir en Facebook\" href='https:\/\/www.facebook.com\/sharer.php?u=https:\/\/radiorevelacionfm.cl\/?p=39754&#038;t=Alcalde%20de%20Lago%20Verde%20ante%20crisis%20vinculada%20al%20producto%20lana%2C%20anuncia%20plan%20de%20emergencia%20para%20campesinos%20del%20rubro%20ovino%20ante%20incertidumbre%20mundial' aria-hidden='false' data-av_icon='\ue8f3' data-av_iconfont='entypo-fontello' title='' data-avia-related-tooltip='Compartir en Facebook' rel=\"noopener\"><span class='avia_hidden_link_text'>Compartir en Facebook<\/span><\/a><\/li><li class='av-share-link av-social-link-twitter' ><a target=\"_blank\" aria-label=\"Compartir en Twitter\" href='https:\/\/twitter.com\/share?text=Alcalde%20de%20Lago%20Verde%20ante%20crisis%20vinculada%20al%20producto%20lana%2C%20anuncia%20plan%20de%20emergencia%20para%20campesinos%20del%20rubro%20ovino%20ante%20incertidumbre%20mundial&#038;url=https:\/\/radiorevelacionfm.cl\/?p=39754' aria-hidden='false' data-av_icon='\ue8f1' data-av_iconfont='entypo-fontello' title='' data-avia-related-tooltip='Compartir en Twitter' rel=\"noopener\"><span class='avia_hidden_link_text'>Compartir en Twitter<\/span><\/a><\/li><li class='av-share-link av-social-link-whatsapp' ><a target=\"_blank\" aria-label=\"Compartir en Whatsapp\" href='https:\/\/api.whatsapp.com\/send?text=https:\/\/radiorevelacionfm.cl\/?p=39754' aria-hidden='false' data-av_icon='\uf232' data-av_iconfont='entypo-fontello' title='' data-avia-related-tooltip='Compartir en Whatsapp' rel=\"noopener\"><span class='avia_hidden_link_text'>Compartir en Whatsapp<\/span><\/a><\/li><li class='av-share-link av-social-link-linkedin' ><a target=\"_blank\" aria-label=\"Compartir en LinkedIn\" href='https:\/\/linkedin.com\/shareArticle?mini=true&#038;title=Alcalde%20de%20Lago%20Verde%20ante%20crisis%20vinculada%20al%20producto%20lana%2C%20anuncia%20plan%20de%20emergencia%20para%20campesinos%20del%20rubro%20ovino%20ante%20incertidumbre%20mundial&#038;url=https:\/\/radiorevelacionfm.cl\/?p=39754' aria-hidden='false' data-av_icon='\ue8fc' data-av_iconfont='entypo-fontello' title='' data-avia-related-tooltip='Compartir en LinkedIn' rel=\"noopener\"><span class='avia_hidden_link_text'>Compartir en LinkedIn<\/span><\/a><\/li><li class='av-share-link av-social-link-mail' ><a  aria-label=\"Compartir por correo\" href='mailto:?subject=Alcalde%20de%20Lago%20Verde%20ante%20crisis%20vinculada%20al%20producto%20lana%2C%20anuncia%20plan%20de%20emergencia%20para%20campesinos%20del%20rubro%20ovino%20ante%20incertidumbre%20mundial&#038;body=https:\/\/radiorevelacionfm.cl\/?p=39754' aria-hidden='false' data-av_icon='\ue805' data-av_iconfont='entypo-fontello' title='' data-avia-related-tooltip='Compartir por correo'><span class='avia_hidden_link_text'>Compartir por correo<\/span><\/a><\/li><\/ul><\/div><\/div>\n<div  style='height:50px' class='hr hr-invisible   avia-builder-el-8  el_after_av_social_share  el_before_av_comments_list '><span class='hr-inner ' ><span class='hr-inner-style'><\/span><\/span><\/div>\n<div  class='av-buildercomment  av-blog-meta-html-info-disabled av-blog-meta-tag-disabled  '><\/div>\n","protected":false},"excerpt":{"rendered":"","protected":false},"author":1,"featured_media":39755,"comment_status":"open","ping_status":"open","sticky":false,"template":"","format":"standard","meta":{"footnotes":""},"categories":[38],"tags":[],"class_list":["post-39754","post","type-post","status-publish","format-standard","has-post-thumbnail","hentry","category-regional"],"jetpack_featured_media_url":"https:\/\/radiorevelacionfm.cl\/wp-content\/uploads\/2024\/02\/lana-32-1_optimized.jpg","_links":{"self":[{"href":"https:\/\/radiorevelacionfm.cl\/index.php?rest_route=\/wp\/v2\/posts\/39754","targetHints":{"allow":["GET"]}}],"collection":[{"href":"https:\/\/radiorevelacionfm.cl\/index.php?rest_route=\/wp\/v2\/posts"}],"about":[{"href":"https:\/\/radiorevelacionfm.cl\/index.php?rest_route=\/wp\/v2\/types\/post"}],"author":[{"embeddable":true,"href":"https:\/\/radiorevelacionfm.cl\/index.php?rest_route=\/wp\/v2\/users\/1"}],"replies":[{"embeddable":true,"href":"https:\/\/radiorevelacionfm.cl\/index.php?rest_route=%2Fwp%2Fv2%2Fcomments&post=39754"}],"version-history":[{"count":2,"href":"https:\/\/radiorevelacionfm.cl\/index.php?rest_route=\/wp\/v2\/posts\/39754\/revisions"}],"predecessor-version":[{"id":39760,"href":"https:\/\/radiorevelacionfm.cl\/index.php?rest_route=\/wp\/v2\/posts\/39754\/revisions\/39760"}],"wp:featuredmedia":[{"embeddable":true,"href":"https:\/\/radiorevelacionfm.cl\/index.php?rest_route=\/wp\/v2\/media\/39755"}],"wp:attachment":[{"href":"https:\/\/radiorevelacionfm.cl\/index.php?rest_route=%2Fwp%2Fv2%2Fmedia&parent=39754"}],"wp:term":[{"taxonomy":"category","embeddable":true,"href":"https:\/\/radiorevelacionfm.cl\/index.php?rest_route=%2Fwp%2Fv2%2Fcategories&post=39754"},{"taxonomy":"post_tag","embeddable":true,"href":"https:\/\/radiorevelacionfm.cl\/index.php?rest_route=%2Fwp%2Fv2%2Ftags&post=39754"}],"curies":[{"name":"wp","href":"https:\/\/api.w.org\/{rel}","templated":true}]}}