{"id":39751,"date":"2024-02-21T20:48:06","date_gmt":"2024-02-21T23:48:06","guid":{"rendered":"https:\/\/radiorevelacionfm.cl\/?p=39751"},"modified":"2024-02-21T20:48:06","modified_gmt":"2024-02-21T23:48:06","slug":"comision-regional-de-uso-de-borde-costero-votara-el-proximo-29-de-febrero-solicitudes-de-ecmpo","status":"publish","type":"post","link":"https:\/\/radiorevelacionfm.cl\/?p=39751","title":{"rendered":"Comisi\u00f3n Regional de Uso de Borde Costero votar\u00e1 el pr\u00f3ximo 29 de febrero solicitudes de ECMPO"},"content":{"rendered":"<div class=\"flex_column av_one_full  flex_column_div av-zero-column-padding first  avia-builder-el-0  el_before_av_one_full  avia-builder-el-first  \" style='border-radius:0px; '><div  class='avia-image-container  av-styling-    avia-builder-el-1  avia-builder-el-no-sibling  avia-align-center '  itemprop=\"image\" itemscope=\"itemscope\" itemtype=\"https:\/\/schema.org\/ImageObject\"  ><div class='avia-image-container-inner'><div class='avia-image-overlay-wrap'><img decoding=\"async\" class='wp-image-39752 avia-img-lazy-loading-not-39752 avia_image' src=\"https:\/\/radiorevelacionfm.cl\/wp-content\/uploads\/2024\/02\/TALLER-CRUBC-1-1.jpg\" alt='' title='TALLER CRUBC (1) (1)' height=\"600\" width=\"1002\"  itemprop=\"thumbnailUrl\" srcset=\"https:\/\/radiorevelacionfm.cl\/wp-content\/uploads\/2024\/02\/TALLER-CRUBC-1-1.jpg 1002w, https:\/\/radiorevelacionfm.cl\/wp-content\/uploads\/2024\/02\/TALLER-CRUBC-1-1-300x180.jpg 300w, https:\/\/radiorevelacionfm.cl\/wp-content\/uploads\/2024\/02\/TALLER-CRUBC-1-1-768x460.jpg 768w, https:\/\/radiorevelacionfm.cl\/wp-content\/uploads\/2024\/02\/TALLER-CRUBC-1-1-705x422.jpg 705w, https:\/\/radiorevelacionfm.cl\/wp-content\/uploads\/2024\/02\/TALLER-CRUBC-1-1-450x269.jpg 450w, https:\/\/radiorevelacionfm.cl\/wp-content\/uploads\/2024\/02\/TALLER-CRUBC-1-1-600x359.jpg 600w\" sizes=\"(max-width: 1002px) 100vw, 1002px\" \/><\/div><\/div><\/div><\/div><div class=\"flex_column av_one_full  flex_column_div av-zero-column-padding first  avia-builder-el-2  el_after_av_one_full  el_before_av_one_full  column-top-margin\" style='border-radius:0px; '><section class=\"av_textblock_section \"  itemscope=\"itemscope\" itemtype=\"https:\/\/schema.org\/BlogPosting\" itemprop=\"blogPost\" ><div class='avia_textblock  '   itemprop=\"text\" ><p style=\"text-align: center;\"><strong><span style=\"font-size: 18pt;\">Comisi\u00f3n Regional de Uso de Borde Costero votar\u00e1 el pr\u00f3ximo 29 de febrero solicitudes de ECMPO<\/span><\/strong><\/p>\n<div id=\"gtx-trans\" style=\"position: absolute; left: -50px; top: 4.31534px;\">\n<div class=\"gtx-trans-icon\"><\/div>\n<\/div>\n<\/div><\/section><\/div><div class=\"flex_column av_one_full  flex_column_div av-zero-column-padding first  avia-builder-el-4  el_after_av_one_full  el_before_av_hr  column-top-margin\" style='border-radius:0px; '><section class=\"av_textblock_section \"  itemscope=\"itemscope\" itemtype=\"https:\/\/schema.org\/BlogPosting\" itemprop=\"blogPost\" ><div class='avia_textblock  '   itemprop=\"text\" ><p dir=\"ltr\" style=\"text-align: justify;\">Una nueva jornada de debate sobre las solicitudes de Espacios Costeros Mar\u00edtimos de Pueblos Originarios (ECMPO) Cisnes y Huichas se vivi\u00f3 este mi\u00e9rcoles en el sal\u00f3n Padre Antonio Ronchi del edificio del Gobierno Regional de Ays\u00e9n.<\/p>\n<p dir=\"ltr\" style=\"text-align: justify;\">La instancia, convocada por la Comisi\u00f3n Regional de Uso de Borde Costero (CRUBC), fue un nuevo esfuerzo para acercar las distintas posiciones que hay respecto de las solicitudes presentadas por las comunidades Pu Wapi y Antunen Ra\u00edn.<\/p>\n<p dir=\"ltr\" style=\"text-align: justify;\">La votaci\u00f3n ser\u00e1 en la sesi\u00f3n de la Comisi\u00f3n Regional de Uso de Borde Costero que se realizar\u00e1 en la tarde del pr\u00f3ximo jueves 29 de febrero.<\/p>\n<p dir=\"ltr\" style=\"text-align: justify;\">En la ocasi\u00f3n dirigentes sindicales de la pesca y de la industria salmonera, adem\u00e1s de organizaciones territoriales, manifestaron sus aprehensiones a la solicitud, mientras que ambientalistas y representantes de los solicitantes reivindicaron las ECMPO como mecanismos de protecci\u00f3n de usos consuetudinarios y de protecci\u00f3n medioambiental.<\/p>\n<p dir=\"ltr\" style=\"text-align: justify;\">Los comisionados valoraron contar con la mayor informaci\u00f3n posible para la sesi\u00f3n del pr\u00f3ximo 29 de febrero cuando se voten las solicitudes, as\u00ed lo dej\u00f3 entrever el integrante de la CRUBC Juan Luis Amenabar, representante de la industria salmonera.<\/p>\n<p dir=\"ltr\" style=\"text-align: justify;\">\u00abEsto se trata del futuro de la regi\u00f3n y todos los comisionados deben votar con la mayor informaci\u00f3n posible e informaci\u00f3n fidedigna. todas las opiniones que se han vertido tanto en el taller de la semana pasada como este ha sido s\u00faper valioso\u00bb, afirm\u00f3.<\/p>\n<p dir=\"ltr\" style=\"text-align: justify;\">En la misma l\u00ednea, Fabi\u00e1n Teca, pescador artesanal y representante de los Pueblos Originarios en la comisi\u00f3n agreg\u00f3 que \u00abse ha dado un di\u00e1logo, bastante \u00e1lgido en momentos. Todav\u00eda hoy d\u00eda tenemos informaci\u00f3n que la gente deduce que no es muy claro, pero a mi modo de entender si est\u00e1 claro. Esperemos que todo esto se maneje bajo la mejor disposici\u00f3n para que pueda salir lo mejor para la regi\u00f3n y su desarrollo\u00bb.<\/p>\n<p dir=\"ltr\" style=\"text-align: justify;\">La votaci\u00f3n de la CRUBC, donde intervienen representantes de todas las partes involucradas en las costas de la regi\u00f3n, adem\u00e1s de distintas autoridades tendr\u00e1 las opciones rechazar, aprobar o modificar las dos solicitudes que se presentaron por parte de las comunidades Pu Wapi y Antunen Rain.<\/p>\n<\/div><\/section><\/div><div  style='height:50px' class='hr hr-invisible   avia-builder-el-6  el_after_av_one_full  el_before_av_social_share '><span class='hr-inner ' ><span class='hr-inner-style'><\/span><\/span><\/div><\/p>\n<div  class='av-social-sharing-box  avia-builder-el-7  el_after_av_hr  el_before_av_hr  '><div class='av-share-box'><h5 class='av-share-link-description av-no-toc '>Compartir esta noticia<\/h5><ul class='av-share-box-list noLightbox'><li class='av-share-link av-social-link-facebook' ><a target=\"_blank\" aria-label=\"Compartir en Facebook\" href='https:\/\/www.facebook.com\/sharer.php?u=https:\/\/radiorevelacionfm.cl\/?p=39751&#038;t=Comisi%C3%B3n%20Regional%20de%20Uso%20de%20Borde%20Costero%20votar%C3%A1%20el%20pr%C3%B3ximo%2029%20de%20febrero%20solicitudes%20de%20ECMPO' aria-hidden='false' data-av_icon='\ue8f3' data-av_iconfont='entypo-fontello' title='' data-avia-related-tooltip='Compartir en Facebook' rel=\"noopener\"><span class='avia_hidden_link_text'>Compartir en Facebook<\/span><\/a><\/li><li class='av-share-link av-social-link-twitter' ><a target=\"_blank\" aria-label=\"Compartir en Twitter\" href='https:\/\/twitter.com\/share?text=Comisi%C3%B3n%20Regional%20de%20Uso%20de%20Borde%20Costero%20votar%C3%A1%20el%20pr%C3%B3ximo%2029%20de%20febrero%20solicitudes%20de%20ECMPO&#038;url=https:\/\/radiorevelacionfm.cl\/?p=39751' aria-hidden='false' data-av_icon='\ue8f1' data-av_iconfont='entypo-fontello' title='' data-avia-related-tooltip='Compartir en Twitter' rel=\"noopener\"><span class='avia_hidden_link_text'>Compartir en Twitter<\/span><\/a><\/li><li class='av-share-link av-social-link-whatsapp' ><a target=\"_blank\" aria-label=\"Compartir en Whatsapp\" href='https:\/\/api.whatsapp.com\/send?text=https:\/\/radiorevelacionfm.cl\/?p=39751' aria-hidden='false' data-av_icon='\uf232' data-av_iconfont='entypo-fontello' title='' data-avia-related-tooltip='Compartir en Whatsapp' rel=\"noopener\"><span class='avia_hidden_link_text'>Compartir en Whatsapp<\/span><\/a><\/li><li class='av-share-link av-social-link-linkedin' ><a target=\"_blank\" aria-label=\"Compartir en LinkedIn\" href='https:\/\/linkedin.com\/shareArticle?mini=true&#038;title=Comisi%C3%B3n%20Regional%20de%20Uso%20de%20Borde%20Costero%20votar%C3%A1%20el%20pr%C3%B3ximo%2029%20de%20febrero%20solicitudes%20de%20ECMPO&#038;url=https:\/\/radiorevelacionfm.cl\/?p=39751' aria-hidden='false' data-av_icon='\ue8fc' data-av_iconfont='entypo-fontello' title='' data-avia-related-tooltip='Compartir en LinkedIn' rel=\"noopener\"><span class='avia_hidden_link_text'>Compartir en LinkedIn<\/span><\/a><\/li><li class='av-share-link av-social-link-mail' ><a  aria-label=\"Compartir por correo\" href='mailto:?subject=Comisi%C3%B3n%20Regional%20de%20Uso%20de%20Borde%20Costero%20votar%C3%A1%20el%20pr%C3%B3ximo%2029%20de%20febrero%20solicitudes%20de%20ECMPO&#038;body=https:\/\/radiorevelacionfm.cl\/?p=39751' aria-hidden='false' data-av_icon='\ue805' data-av_iconfont='entypo-fontello' title='' data-avia-related-tooltip='Compartir por correo'><span class='avia_hidden_link_text'>Compartir por correo<\/span><\/a><\/li><\/ul><\/div><\/div>\n<div  style='height:50px' class='hr hr-invisible   avia-builder-el-8  el_after_av_social_share  el_before_av_comments_list '><span class='hr-inner ' ><span class='hr-inner-style'><\/span><\/span><\/div>\n<div  class='av-buildercomment  av-blog-meta-html-info-disabled av-blog-meta-tag-disabled  '><\/div>\n","protected":false},"excerpt":{"rendered":"","protected":false},"author":1,"featured_media":39752,"comment_status":"open","ping_status":"open","sticky":false,"template":"","format":"standard","meta":{"footnotes":""},"categories":[38],"tags":[],"class_list":["post-39751","post","type-post","status-publish","format-standard","has-post-thumbnail","hentry","category-regional"],"jetpack_featured_media_url":"https:\/\/radiorevelacionfm.cl\/wp-content\/uploads\/2024\/02\/TALLER-CRUBC-1-1.jpg","_links":{"self":[{"href":"https:\/\/radiorevelacionfm.cl\/index.php?rest_route=\/wp\/v2\/posts\/39751","targetHints":{"allow":["GET"]}}],"collection":[{"href":"https:\/\/radiorevelacionfm.cl\/index.php?rest_route=\/wp\/v2\/posts"}],"about":[{"href":"https:\/\/radiorevelacionfm.cl\/index.php?rest_route=\/wp\/v2\/types\/post"}],"author":[{"embeddable":true,"href":"https:\/\/radiorevelacionfm.cl\/index.php?rest_route=\/wp\/v2\/users\/1"}],"replies":[{"embeddable":true,"href":"https:\/\/radiorevelacionfm.cl\/index.php?rest_route=%2Fwp%2Fv2%2Fcomments&post=39751"}],"version-history":[{"count":1,"href":"https:\/\/radiorevelacionfm.cl\/index.php?rest_route=\/wp\/v2\/posts\/39751\/revisions"}],"predecessor-version":[{"id":39753,"href":"https:\/\/radiorevelacionfm.cl\/index.php?rest_route=\/wp\/v2\/posts\/39751\/revisions\/39753"}],"wp:featuredmedia":[{"embeddable":true,"href":"https:\/\/radiorevelacionfm.cl\/index.php?rest_route=\/wp\/v2\/media\/39752"}],"wp:attachment":[{"href":"https:\/\/radiorevelacionfm.cl\/index.php?rest_route=%2Fwp%2Fv2%2Fmedia&parent=39751"}],"wp:term":[{"taxonomy":"category","embeddable":true,"href":"https:\/\/radiorevelacionfm.cl\/index.php?rest_route=%2Fwp%2Fv2%2Fcategories&post=39751"},{"taxonomy":"post_tag","embeddable":true,"href":"https:\/\/radiorevelacionfm.cl\/index.php?rest_route=%2Fwp%2Fv2%2Ftags&post=39751"}],"curies":[{"name":"wp","href":"https:\/\/api.w.org\/{rel}","templated":true}]}}