{"id":39748,"date":"2024-02-21T20:29:24","date_gmt":"2024-02-21T23:29:24","guid":{"rendered":"https:\/\/radiorevelacionfm.cl\/?p=39748"},"modified":"2024-02-21T20:29:24","modified_gmt":"2024-02-21T23:29:24","slug":"crimen-organizado-fiscalias-y-policias-de-chile-y-argentina-se-reunieron-en-coyhaique-para-fortalecer-la-cooperacion-internacional","status":"publish","type":"post","link":"https:\/\/radiorevelacionfm.cl\/?p=39748","title":{"rendered":"Crimen organizado: Fiscal\u00edas y Polic\u00edas de Chile y Argentina se reunieron en Coyhaique para fortalecer la cooperaci\u00f3n internacional"},"content":{"rendered":"<div class=\"flex_column av_one_full  flex_column_div av-zero-column-padding first  avia-builder-el-0  el_before_av_one_full  avia-builder-el-first  \" style='border-radius:0px; '><div  class='avia-image-container  av-styling-    avia-builder-el-1  avia-builder-el-no-sibling  avia-align-center '  itemprop=\"image\" itemscope=\"itemscope\" itemtype=\"https:\/\/schema.org\/ImageObject\"  ><div class='avia-image-container-inner'><div class='avia-image-overlay-wrap'><img decoding=\"async\" class='wp-image-39749 avia-img-lazy-loading-not-39749 avia_image' src=\"https:\/\/radiorevelacionfm.cl\/wp-content\/uploads\/2024\/02\/38-copia-1_optimized.jpg\" alt='' title='38---copia-(1)_optimized' height=\"600\" width=\"900\"  itemprop=\"thumbnailUrl\" srcset=\"https:\/\/radiorevelacionfm.cl\/wp-content\/uploads\/2024\/02\/38-copia-1_optimized.jpg 900w, https:\/\/radiorevelacionfm.cl\/wp-content\/uploads\/2024\/02\/38-copia-1_optimized-300x200.jpg 300w, https:\/\/radiorevelacionfm.cl\/wp-content\/uploads\/2024\/02\/38-copia-1_optimized-768x512.jpg 768w, https:\/\/radiorevelacionfm.cl\/wp-content\/uploads\/2024\/02\/38-copia-1_optimized-705x470.jpg 705w, https:\/\/radiorevelacionfm.cl\/wp-content\/uploads\/2024\/02\/38-copia-1_optimized-450x300.jpg 450w, https:\/\/radiorevelacionfm.cl\/wp-content\/uploads\/2024\/02\/38-copia-1_optimized-600x400.jpg 600w\" sizes=\"(max-width: 900px) 100vw, 900px\" \/><\/div><\/div><\/div><\/div><div class=\"flex_column av_one_full  flex_column_div av-zero-column-padding first  avia-builder-el-2  el_after_av_one_full  el_before_av_one_full  column-top-margin\" style='border-radius:0px; '><section class=\"av_textblock_section \"  itemscope=\"itemscope\" itemtype=\"https:\/\/schema.org\/BlogPosting\" itemprop=\"blogPost\" ><div class='avia_textblock  '   itemprop=\"text\" ><p style=\"text-align: center;\"><strong><span style=\"font-size: 18pt;\">Crimen organizado: Fiscal\u00edas y Polic\u00edas de Chile y Argentina se reunieron en Coyhaique para fortalecer la cooperaci\u00f3n internacional<\/span><\/strong><\/p>\n<div id=\"gtx-trans\" style=\"position: absolute; left: -50px; top: 4.31534px;\">\n<div class=\"gtx-trans-icon\"><\/div>\n<\/div>\n<\/div><\/section><\/div><div class=\"flex_column av_one_full  flex_column_div av-zero-column-padding first  avia-builder-el-4  el_after_av_one_full  el_before_av_hr  column-top-margin\" style='border-radius:0px; '><section class=\"av_textblock_section \"  itemscope=\"itemscope\" itemtype=\"https:\/\/schema.org\/BlogPosting\" itemprop=\"blogPost\" ><div class='avia_textblock  '   itemprop=\"text\" ><p style=\"font-weight: 400; text-align: justify;\"><em>Tambi\u00e9n se firm\u00f3 un convenio de colaboraci\u00f3n entre los Ministerios P\u00fablicos de ambas regiones y el acta fundacional de la Liga de Fiscales de la Patagonia Chileno-Argentina, alianza que buscar\u00e1 robustecer la investigaci\u00f3n delictual.<\/em><\/p>\n<p style=\"font-weight: 400; text-align: justify;\">Un hist\u00f3rico Encuentro Binacional de Fiscales y Polic\u00edas de la Patagonia se efectu\u00f3 este martes y mi\u00e9rcoles en Coyhaique, con la participaci\u00f3n de autoridades del Ministerio P\u00fablico Fiscal de Neuqu\u00e9n, Argentina y la Polic\u00eda de dicha Provincia, junto a la Fiscal\u00eda Regional de Ays\u00e9n y la Polic\u00eda de Investigaciones de Chile, todo con el objetivo de fortalecer la coordinaci\u00f3n interinstitucional y las relaciones bilaterales en materia de investigaci\u00f3n y persecuci\u00f3n penal del crimen organizado.<\/p>\n<p style=\"font-weight: 400; text-align: justify;\">En la ocasi\u00f3n, adem\u00e1s de abordar diversos temas asociados al an\u00e1lisis delictual, el Fiscal Regional, Carlos Palma y el Fiscal General de Neuqu\u00e9n, Jos\u00e9 Ignacio Gerez, firmaron adem\u00e1s un convenio de colaboraci\u00f3n entre ambas instituciones y el acta fundacional de la Liga de Fiscales de la Patagonia Chileno-Argentina, alianza que buscar\u00e1 fortalecer la cooperaci\u00f3n internacional para una mejor investigaci\u00f3n de los delitos.<\/p>\n<p style=\"font-weight: 400; text-align: justify;\">Seg\u00fan explic\u00f3 el Fiscal Regional, Carlos Palma, \u201cteniendo en cuenta c\u00f3mo est\u00e1 funcionando la delincuencia mundial, latinoamericana y la delincuencia en Chile y en nuestra regi\u00f3n, que es evidentemente transnacional, es fundamental que las relaciones entre los pa\u00edses sea lo m\u00e1s expedita, lo m\u00e1s eficiente posible. Para eso el trabajo mancomunado entre los organismos encargados de persecuci\u00f3n penal, Ministerio P\u00fablico y Polic\u00eda es a la base de la esencia\u201d.<\/p>\n<p style=\"font-weight: 400; text-align: justify;\">CONVENIO<\/p>\n<p style=\"font-weight: 400; text-align: justify;\">La principal autoridad del Ministerio P\u00fablico en Ays\u00e9n, agreg\u00f3 que \u201choy hemos marcado un hito en las relaciones Chile &#8211; Argentina en la macrozona sur austral; el trabajo con la Provincia de Neuqu\u00e9n y adem\u00e1s el puntapi\u00e9 inicial para la Liga de Fiscales de la Patagonia de cinco regiones de Argentina y cuatro regiones de Chile. Son pasos fundamentales para avanzar en la persecuci\u00f3n penal eficiente\u201d. En ese sentido, Carlos Palma detall\u00f3 que \u201chemos firmado adem\u00e1s un convenio de colaboraci\u00f3n con el Fiscal General de la Provincia de Neuqu\u00e9n que nos va a permitir formarnos rec\u00edprocamente, compartir experiencia y evidentemente, trabajar mancomunadamente en la persecuci\u00f3n penal de los delitos que nos afectan a ambas regiones\u201d.<\/p>\n<p style=\"font-weight: 400; text-align: justify;\">Dicho convenio tiene por objeto establecer un sistema de colaboraci\u00f3n para promover la cooperaci\u00f3n en investigaciones penales trasnacionales y el cumplimiento de los objetivos institucionales, con \u00e9nfasis en el intercambio de informaci\u00f3n, asistencia mutua, capacitaci\u00f3n y entrenamiento.<\/p>\n<p style=\"font-weight: 400; text-align: justify;\">Por su parte el Fiscal General de la Provincia de Neuqu\u00e9n, Jos\u00e9 Ignacio Gerez, manifest\u00f3 que \u201chemos llevado adelante una jornada de trabajo bilateral entre los Ministerios P\u00fablicos de la Provincia de Neuqu\u00e9n y la Fiscal\u00eda Regional de Ays\u00e9n, a los efectos de abordar distintas tem\u00e1ticas que tienen que ver con la colaboraci\u00f3n en el crimen organizado\u201d.<\/p>\n<p style=\"font-weight: 400; text-align: justify;\">El persecutor penal dijo adem\u00e1s que \u201ctambi\u00e9n particip\u00f3 la Polic\u00eda tanto de Chile como de la provincia de Neuqu\u00e9n, y nos comprometimos a trav\u00e9s de la suscripci\u00f3n de un convenio de colaboraci\u00f3n bilateral, a aunar esfuerzos para poder trabajar de manera conjunta, cr\u00edmenes que tengan como denominador com\u00fan hechos cometidos en uno u otro pa\u00eds o con ciudadanos de un pa\u00eds o del otro. Realmente es algo muy importante lo que ha acontecido\u201d.<\/p>\n<p style=\"font-weight: 400; text-align: justify;\">Jos\u00e9 Ignacio Gerez afirm\u00f3 que \u201ceste d\u00eda es hist\u00f3rico porque hemos firmado un convenio, adem\u00e1s de un acta fundacional de lo que va a ser en un futuro la Liga de Fiscales Patag\u00f3nicos. La idea es conformar una uni\u00f3n de fiscales de la Patagonia, tanto del lado chileno como del lado argentino\u201d.<\/p>\n<p style=\"font-weight: 400; text-align: justify;\">El jefe de los fiscales en Neuqu\u00e9n cree que \u201ceso va a ser un instrumento de entendimiento en pol\u00edticas mutuas de persecuci\u00f3n penal y en la lucha del crimen organizado transnacional que afecte a uno u otro pa\u00eds o ambos pa\u00edses. Y esto me parece que es una herramienta sumamente interesante, porque trae aparejado el compromiso de ambos Ministerios de trabajar por la paz social\u201d.<\/p>\n<p style=\"font-weight: 400; text-align: justify;\">PDI<\/p>\n<p style=\"font-weight: 400; text-align: justify;\">En tanto la Jefa de la Regi\u00f3n Policial Ays\u00e9n de la PDI, Prefecta Carolina Namor, quien tambi\u00e9n particip\u00f3 de este Encuentro Binacional de Fiscales y Polic\u00edas, sostuvo que los delitos transnacionales \u201ctenemos que abordarlos de distintas v\u00edas, con distintos agentes y por eso es fundamental no solo el trabajo con el Ministerio P\u00fablico en la regi\u00f3n, sino que tambi\u00e9n con el Ministerio P\u00fablico de otros pa\u00edses\u201d.<\/p>\n<p style=\"font-weight: 400; text-align: justify;\">Para ello, a\u00f1adi\u00f3 la Prefecta Namor, tambi\u00e9n es relevante la confianza entre los distintos actores del sistema de investigaci\u00f3n y persecuci\u00f3n penal. \u201cEs fundamental los lazos entre las personas. Yo creo que es la forma en la que tenemos que trabajar, de obtener datos y de recabar informaci\u00f3n que nos permita, de una u otra forma, arribar a resultados positivos. Es una metodolog\u00eda de trabajo profesional, eficiente y de manera mucho m\u00e1s r\u00e1pida.<\/p>\n<\/div><\/section><\/div><div  style='height:50px' class='hr hr-invisible   avia-builder-el-6  el_after_av_one_full  el_before_av_social_share '><span class='hr-inner ' ><span class='hr-inner-style'><\/span><\/span><\/div><\/p>\n<div  class='av-social-sharing-box  avia-builder-el-7  el_after_av_hr  el_before_av_hr  '><div class='av-share-box'><h5 class='av-share-link-description av-no-toc '>Compartir esta noticia<\/h5><ul class='av-share-box-list noLightbox'><li class='av-share-link av-social-link-facebook' ><a target=\"_blank\" aria-label=\"Compartir en Facebook\" href='https:\/\/www.facebook.com\/sharer.php?u=https:\/\/radiorevelacionfm.cl\/?p=39748&#038;t=Crimen%20organizado%3A%20Fiscal%C3%ADas%20y%20Polic%C3%ADas%20de%20Chile%20y%20Argentina%20se%20reunieron%20en%20Coyhaique%20para%20fortalecer%20la%20cooperaci%C3%B3n%20internacional' aria-hidden='false' data-av_icon='\ue8f3' data-av_iconfont='entypo-fontello' title='' data-avia-related-tooltip='Compartir en Facebook' rel=\"noopener\"><span class='avia_hidden_link_text'>Compartir en Facebook<\/span><\/a><\/li><li class='av-share-link av-social-link-twitter' ><a target=\"_blank\" aria-label=\"Compartir en Twitter\" href='https:\/\/twitter.com\/share?text=Crimen%20organizado%3A%20Fiscal%C3%ADas%20y%20Polic%C3%ADas%20de%20Chile%20y%20Argentina%20se%20reunieron%20en%20Coyhaique%20para%20fortalecer%20la%20cooperaci%C3%B3n%20internacional&#038;url=https:\/\/radiorevelacionfm.cl\/?p=39748' aria-hidden='false' data-av_icon='\ue8f1' data-av_iconfont='entypo-fontello' title='' data-avia-related-tooltip='Compartir en Twitter' rel=\"noopener\"><span class='avia_hidden_link_text'>Compartir en Twitter<\/span><\/a><\/li><li class='av-share-link av-social-link-whatsapp' ><a target=\"_blank\" aria-label=\"Compartir en Whatsapp\" href='https:\/\/api.whatsapp.com\/send?text=https:\/\/radiorevelacionfm.cl\/?p=39748' aria-hidden='false' data-av_icon='\uf232' data-av_iconfont='entypo-fontello' title='' data-avia-related-tooltip='Compartir en Whatsapp' rel=\"noopener\"><span class='avia_hidden_link_text'>Compartir en Whatsapp<\/span><\/a><\/li><li class='av-share-link av-social-link-linkedin' ><a target=\"_blank\" aria-label=\"Compartir en LinkedIn\" href='https:\/\/linkedin.com\/shareArticle?mini=true&#038;title=Crimen%20organizado%3A%20Fiscal%C3%ADas%20y%20Polic%C3%ADas%20de%20Chile%20y%20Argentina%20se%20reunieron%20en%20Coyhaique%20para%20fortalecer%20la%20cooperaci%C3%B3n%20internacional&#038;url=https:\/\/radiorevelacionfm.cl\/?p=39748' aria-hidden='false' data-av_icon='\ue8fc' data-av_iconfont='entypo-fontello' title='' data-avia-related-tooltip='Compartir en LinkedIn' rel=\"noopener\"><span class='avia_hidden_link_text'>Compartir en LinkedIn<\/span><\/a><\/li><li class='av-share-link av-social-link-mail' ><a  aria-label=\"Compartir por correo\" href='mailto:?subject=Crimen%20organizado%3A%20Fiscal%C3%ADas%20y%20Polic%C3%ADas%20de%20Chile%20y%20Argentina%20se%20reunieron%20en%20Coyhaique%20para%20fortalecer%20la%20cooperaci%C3%B3n%20internacional&#038;body=https:\/\/radiorevelacionfm.cl\/?p=39748' aria-hidden='false' data-av_icon='\ue805' data-av_iconfont='entypo-fontello' title='' data-avia-related-tooltip='Compartir por correo'><span class='avia_hidden_link_text'>Compartir por correo<\/span><\/a><\/li><\/ul><\/div><\/div>\n<div  style='height:50px' class='hr hr-invisible   avia-builder-el-8  el_after_av_social_share  el_before_av_comments_list '><span class='hr-inner ' ><span class='hr-inner-style'><\/span><\/span><\/div>\n<div  class='av-buildercomment  av-blog-meta-html-info-disabled av-blog-meta-tag-disabled  '><\/div>\n","protected":false},"excerpt":{"rendered":"","protected":false},"author":1,"featured_media":39749,"comment_status":"open","ping_status":"open","sticky":false,"template":"","format":"standard","meta":{"footnotes":""},"categories":[36],"tags":[],"class_list":["post-39748","post","type-post","status-publish","format-standard","has-post-thumbnail","hentry","category-policial"],"jetpack_featured_media_url":"https:\/\/radiorevelacionfm.cl\/wp-content\/uploads\/2024\/02\/38-copia-1_optimized.jpg","_links":{"self":[{"href":"https:\/\/radiorevelacionfm.cl\/index.php?rest_route=\/wp\/v2\/posts\/39748","targetHints":{"allow":["GET"]}}],"collection":[{"href":"https:\/\/radiorevelacionfm.cl\/index.php?rest_route=\/wp\/v2\/posts"}],"about":[{"href":"https:\/\/radiorevelacionfm.cl\/index.php?rest_route=\/wp\/v2\/types\/post"}],"author":[{"embeddable":true,"href":"https:\/\/radiorevelacionfm.cl\/index.php?rest_route=\/wp\/v2\/users\/1"}],"replies":[{"embeddable":true,"href":"https:\/\/radiorevelacionfm.cl\/index.php?rest_route=%2Fwp%2Fv2%2Fcomments&post=39748"}],"version-history":[{"count":1,"href":"https:\/\/radiorevelacionfm.cl\/index.php?rest_route=\/wp\/v2\/posts\/39748\/revisions"}],"predecessor-version":[{"id":39750,"href":"https:\/\/radiorevelacionfm.cl\/index.php?rest_route=\/wp\/v2\/posts\/39748\/revisions\/39750"}],"wp:featuredmedia":[{"embeddable":true,"href":"https:\/\/radiorevelacionfm.cl\/index.php?rest_route=\/wp\/v2\/media\/39749"}],"wp:attachment":[{"href":"https:\/\/radiorevelacionfm.cl\/index.php?rest_route=%2Fwp%2Fv2%2Fmedia&parent=39748"}],"wp:term":[{"taxonomy":"category","embeddable":true,"href":"https:\/\/radiorevelacionfm.cl\/index.php?rest_route=%2Fwp%2Fv2%2Fcategories&post=39748"},{"taxonomy":"post_tag","embeddable":true,"href":"https:\/\/radiorevelacionfm.cl\/index.php?rest_route=%2Fwp%2Fv2%2Ftags&post=39748"}],"curies":[{"name":"wp","href":"https:\/\/api.w.org\/{rel}","templated":true}]}}