{"id":39745,"date":"2024-02-21T16:08:53","date_gmt":"2024-02-21T19:08:53","guid":{"rendered":"https:\/\/radiorevelacionfm.cl\/?p=39745"},"modified":"2024-02-21T16:08:53","modified_gmt":"2024-02-21T19:08:53","slug":"ejecucion-de-programas-sociales-en-guaitecas-son-verificados-en-terreno-por-seremi-de-desarrollo-social-y-familia","status":"publish","type":"post","link":"https:\/\/radiorevelacionfm.cl\/?p=39745","title":{"rendered":"Ejecuci\u00f3n de programas sociales en Guaitecas son verificados en terreno por Seremi de Desarrollo Social y Familia"},"content":{"rendered":"<div class=\"flex_column av_one_full  flex_column_div av-zero-column-padding first  avia-builder-el-0  el_before_av_one_full  avia-builder-el-first  \" style='border-radius:0px; '><div  class='avia-image-container  av-styling-    avia-builder-el-1  avia-builder-el-no-sibling  avia-align-center '  itemprop=\"image\" itemscope=\"itemscope\" itemtype=\"https:\/\/schema.org\/ImageObject\"  ><div class='avia-image-container-inner'><div class='avia-image-overlay-wrap'><img decoding=\"async\" class='wp-image-39746 avia-img-lazy-loading-not-39746 avia_image' src=\"https:\/\/radiorevelacionfm.cl\/wp-content\/uploads\/2024\/02\/melinka-terreno-2_optimized-1.jpeg\" alt='' title='melinka-terreno-2_optimized (1)' height=\"584\" width=\"1024\"  itemprop=\"thumbnailUrl\" srcset=\"https:\/\/radiorevelacionfm.cl\/wp-content\/uploads\/2024\/02\/melinka-terreno-2_optimized-1.jpeg 1024w, https:\/\/radiorevelacionfm.cl\/wp-content\/uploads\/2024\/02\/melinka-terreno-2_optimized-1-300x171.jpeg 300w, https:\/\/radiorevelacionfm.cl\/wp-content\/uploads\/2024\/02\/melinka-terreno-2_optimized-1-768x438.jpeg 768w, https:\/\/radiorevelacionfm.cl\/wp-content\/uploads\/2024\/02\/melinka-terreno-2_optimized-1-705x402.jpeg 705w, https:\/\/radiorevelacionfm.cl\/wp-content\/uploads\/2024\/02\/melinka-terreno-2_optimized-1-450x257.jpeg 450w, https:\/\/radiorevelacionfm.cl\/wp-content\/uploads\/2024\/02\/melinka-terreno-2_optimized-1-600x342.jpeg 600w\" sizes=\"(max-width: 1024px) 100vw, 1024px\" \/><\/div><\/div><\/div><\/div><div class=\"flex_column av_one_full  flex_column_div av-zero-column-padding first  avia-builder-el-2  el_after_av_one_full  el_before_av_one_full  column-top-margin\" style='border-radius:0px; '><section class=\"av_textblock_section \"  itemscope=\"itemscope\" itemtype=\"https:\/\/schema.org\/BlogPosting\" itemprop=\"blogPost\" ><div class='avia_textblock  '   itemprop=\"text\" ><p style=\"text-align: center;\"><strong><span style=\"font-size: 18pt;\">Ejecuci\u00f3n de programas sociales en Guaitecas son verificados en terreno por Seremi de Desarrollo Social y Familia<\/span><\/strong><\/p>\n<div id=\"gtx-trans\" style=\"position: absolute; left: -50px; top: 4.31534px;\">\n<div class=\"gtx-trans-icon\"><\/div>\n<\/div>\n<\/div><\/section><\/div><div class=\"flex_column av_one_full  flex_column_div av-zero-column-padding first  avia-builder-el-4  el_after_av_one_full  el_before_av_hr  column-top-margin\" style='border-radius:0px; '><section class=\"av_textblock_section \"  itemscope=\"itemscope\" itemtype=\"https:\/\/schema.org\/BlogPosting\" itemprop=\"blogPost\" ><div class='avia_textblock  '   itemprop=\"text\" ><p style=\"text-align: justify;\">Una positiva evaluaci\u00f3n, hicieron los usuarios de los distintos programas sociales del Ministerio de Desarrollo Social y Familia, que se ejecutan en convenio con la Municipalidad de Las Guaitecas. Lo anterior tras la visita de la seremi de la cartera Karina Acevedo Auad a la localidad quien se reuni\u00f3 con el jefe comunal, equipo municipal y usuarios de los Programas V\u00ednculos, Habitabilidad, Centro de Cuidados, Calle, Apoyos y Cuidados, Familias, entre otros.<\/p>\n<p style=\"text-align: justify;\">Hace unos d\u00edas concluy\u00f3 el Programa Habitabilidad que, a trav\u00e9s de los recursos ministeriales, asistencia T\u00e9cnica de Fosis y ejecuci\u00f3n municipal se logr\u00f3 atender a 10 usuarios de la comuna, con el objetivo de poder mejorar las condiciones de sus viviendas. Es el caso de Ram\u00f3n Vera, adulto mayor del sector Repollal Alto, quien a trav\u00e9s del programa V\u00ednculos fue incentivado por su monitora a realizar un emprendimiento de licores, sin embargo su vivienda no reun\u00eda las condiciones, por lo que a trav\u00e9s de Habitabilidad le realizaron una ampliaci\u00f3n completamente adecuada para desarrollar su negocio de mistelas, \u00abPara m\u00ed ha sido bueno porque he tenido ayuda en todo sentido, estaba en el programa v\u00ednculos cuando la primera monitora que tuve, me incentiv\u00f3 que empiece en los licores. El a\u00f1o pasado la\u00a0primera mistela de murta que hice, se lo regal\u00e9 a ella. Ac\u00e1 era chiquita la cocina y hab\u00eda poco espacio para ir preparando todo. Ahora no, con habitabilidad ahora tengo un nuevo espacio para suficiente para hacer todo.\u00a0Estoy agradecido del alcalde, de la seremi y contento porque no esperaba las otras ayudas, me siento emocionado\u00bb.<\/p>\n<p style=\"text-align: justify;\">Otro de los programas visitados por la autoridad ministerial, Karina Acevedo fue V\u00ednculos en donde convers\u00f3 con los usuarios egresados, entre ellos Marina Gallardo quien comparti\u00f3 su experiencia \u00abMuy bueno y bonito, hicimos cosas de cocina y ahora estoy bien porque nos ense\u00f1an a leer, porque yo no s\u00e9 leer ni escribir. He aprendido a conocer las letras, pintar dibujar, en mi domicilio muchas veces me fueron a visitar y compartimos un tecito con la monitora, re\u00edmos, es muy amable y muy bueno el programa\u00bb.<\/p>\n<p style=\"text-align: justify;\">Como un gran aliado tild\u00f3 la seremi de Desarrollo Social y Familia Karina Acevedo a la Municipalidad, alcalde y equipos, indicando que los recursos ministeriales entregados impactan de forma positiva \u00abTenemos varios programas ac\u00e1, estamos\u00a0en la\u00a0apertura a la nueva versi\u00f3n\u00a0de V\u00ednculos donde vamos a trabajar con otro grupo de adultos mayores. Tambi\u00e9n el programa Habitabilidad que da beneficio a las familias que son del segmento Seguridades y Oportunidades, con eso mejoramos las condiciones de las viviendas, donde podemos cambiar desde la parte el\u00e9ctrica hasta mejorar las condiciones del espacio y equipamiento.\u00a0\u00a0Algo que es sumamente importante para un programa social, como los que desarrollamos ac\u00e1 es el compromiso de los equipos humanos que est\u00e1n detr\u00e1s y del alcalde que se compromete con el desarrollo de su comuna\u00bb.<\/p>\n<p class=\"v1elementToProof\" style=\"text-align: justify;\">Por su lado el alcalde Marcos Silva destac\u00f3 los convenios que se puedan desarrollar entre la Seremi de Desarrollo Social y Familia y el Municipio de las Guaitecas, se\u00f1alando que el apoyo \u00abNo es menor, porque evidentemente, como sabemos, los recursos municipales no siempre pueden cubrir todas las necesidades que tiene una comunidad. Creo que en eso Desarrollo Social ha sido certero en poder generar estos convenios que permiten, efectivamente inyectar recursos para poder hacer este tipo de trabajo, estamos agradecidos y todos los programas que podamos articular con Desarrollo Social son bienvenidos porque evidentemente vienen, se generan instancias e inyectan recursos para que nuestra comunidad pueda sentirse parte del desarrollo de la regi\u00f3n de Ays\u00e9n\u00bb.<\/p>\n<p class=\"v1elementToProof\" style=\"text-align: justify;\">El Programa Calle y Red Local de Apoyos y Cuidados se implementan en la comuna con pertinencia territorial, as\u00ed lo describi\u00f3 la Seremi de Desarrollo Social y Familia \u00abA usuarios del Prlac se les proporciona un acompa\u00f1amiento en salud con Kinesi\u00f3logo y psico-social. Estamos entregando la implementaci\u00f3n adecuada a quien lo necesita y eso pudimos constatar en terreno con ellos, conversamos y escuchamos para mejorar tambi\u00e9n nuestra forma de actuar\u00bb. Finalmente, la particular ejecuci\u00f3n del Programa Calle que se realiza en la comuna, se solicit\u00f3 a nivel central estar ajustado al contexto del territorio\u00a0\u00abLo que el presidente Boric nos ha pedido es levantar respuestas de acuerdo a la realidad de cada una de las comunas y localidades, por ejemplo, el Programa Calle. La comuna en s\u00ed no tiene personas en situaci\u00f3n de calle, sin\u00a0embargo, requieren tener la colaboraci\u00f3n de alimentaci\u00f3n a personas que viven en situaciones muy precarias donde atendemos a 10 usuarios. Es un modelo extraordinario que implementamos en la regi\u00f3n de Ays\u00e9n y exclusivamente para la comuna de las Guaitecas\u00bb.<\/p>\n<\/div><\/section><\/div><div  style='height:50px' class='hr hr-invisible   avia-builder-el-6  el_after_av_one_full  el_before_av_social_share '><span class='hr-inner ' ><span class='hr-inner-style'><\/span><\/span><\/div><\/p>\n<div  class='av-social-sharing-box  avia-builder-el-7  el_after_av_hr  el_before_av_hr  '><div class='av-share-box'><h5 class='av-share-link-description av-no-toc '>Compartir esta noticia<\/h5><ul class='av-share-box-list noLightbox'><li class='av-share-link av-social-link-facebook' ><a target=\"_blank\" aria-label=\"Compartir en Facebook\" href='https:\/\/www.facebook.com\/sharer.php?u=https:\/\/radiorevelacionfm.cl\/?p=39745&#038;t=Ejecuci%C3%B3n%20de%20programas%20sociales%20en%20Guaitecas%20son%20verificados%20en%20terreno%20por%20Seremi%20de%20Desarrollo%20Social%20y%20Familia' aria-hidden='false' data-av_icon='\ue8f3' data-av_iconfont='entypo-fontello' title='' data-avia-related-tooltip='Compartir en Facebook' rel=\"noopener\"><span class='avia_hidden_link_text'>Compartir en Facebook<\/span><\/a><\/li><li class='av-share-link av-social-link-twitter' ><a target=\"_blank\" aria-label=\"Compartir en Twitter\" href='https:\/\/twitter.com\/share?text=Ejecuci%C3%B3n%20de%20programas%20sociales%20en%20Guaitecas%20son%20verificados%20en%20terreno%20por%20Seremi%20de%20Desarrollo%20Social%20y%20Familia&#038;url=https:\/\/radiorevelacionfm.cl\/?p=39745' aria-hidden='false' data-av_icon='\ue8f1' data-av_iconfont='entypo-fontello' title='' data-avia-related-tooltip='Compartir en Twitter' rel=\"noopener\"><span class='avia_hidden_link_text'>Compartir en Twitter<\/span><\/a><\/li><li class='av-share-link av-social-link-whatsapp' ><a target=\"_blank\" aria-label=\"Compartir en Whatsapp\" href='https:\/\/api.whatsapp.com\/send?text=https:\/\/radiorevelacionfm.cl\/?p=39745' aria-hidden='false' data-av_icon='\uf232' data-av_iconfont='entypo-fontello' title='' data-avia-related-tooltip='Compartir en Whatsapp' rel=\"noopener\"><span class='avia_hidden_link_text'>Compartir en Whatsapp<\/span><\/a><\/li><li class='av-share-link av-social-link-linkedin' ><a target=\"_blank\" aria-label=\"Compartir en LinkedIn\" href='https:\/\/linkedin.com\/shareArticle?mini=true&#038;title=Ejecuci%C3%B3n%20de%20programas%20sociales%20en%20Guaitecas%20son%20verificados%20en%20terreno%20por%20Seremi%20de%20Desarrollo%20Social%20y%20Familia&#038;url=https:\/\/radiorevelacionfm.cl\/?p=39745' aria-hidden='false' data-av_icon='\ue8fc' data-av_iconfont='entypo-fontello' title='' data-avia-related-tooltip='Compartir en LinkedIn' rel=\"noopener\"><span class='avia_hidden_link_text'>Compartir en LinkedIn<\/span><\/a><\/li><li class='av-share-link av-social-link-mail' ><a  aria-label=\"Compartir por correo\" href='mailto:?subject=Ejecuci%C3%B3n%20de%20programas%20sociales%20en%20Guaitecas%20son%20verificados%20en%20terreno%20por%20Seremi%20de%20Desarrollo%20Social%20y%20Familia&#038;body=https:\/\/radiorevelacionfm.cl\/?p=39745' aria-hidden='false' data-av_icon='\ue805' data-av_iconfont='entypo-fontello' title='' data-avia-related-tooltip='Compartir por correo'><span class='avia_hidden_link_text'>Compartir por correo<\/span><\/a><\/li><\/ul><\/div><\/div>\n<div  style='height:50px' class='hr hr-invisible   avia-builder-el-8  el_after_av_social_share  el_before_av_comments_list '><span class='hr-inner ' ><span class='hr-inner-style'><\/span><\/span><\/div>\n<div  class='av-buildercomment  av-blog-meta-html-info-disabled av-blog-meta-tag-disabled  '><\/div>\n","protected":false},"excerpt":{"rendered":"","protected":false},"author":1,"featured_media":39746,"comment_status":"open","ping_status":"open","sticky":false,"template":"","format":"standard","meta":{"footnotes":""},"categories":[38],"tags":[],"class_list":["post-39745","post","type-post","status-publish","format-standard","has-post-thumbnail","hentry","category-regional"],"jetpack_featured_media_url":"https:\/\/radiorevelacionfm.cl\/wp-content\/uploads\/2024\/02\/melinka-terreno-2_optimized-1.jpeg","_links":{"self":[{"href":"https:\/\/radiorevelacionfm.cl\/index.php?rest_route=\/wp\/v2\/posts\/39745","targetHints":{"allow":["GET"]}}],"collection":[{"href":"https:\/\/radiorevelacionfm.cl\/index.php?rest_route=\/wp\/v2\/posts"}],"about":[{"href":"https:\/\/radiorevelacionfm.cl\/index.php?rest_route=\/wp\/v2\/types\/post"}],"author":[{"embeddable":true,"href":"https:\/\/radiorevelacionfm.cl\/index.php?rest_route=\/wp\/v2\/users\/1"}],"replies":[{"embeddable":true,"href":"https:\/\/radiorevelacionfm.cl\/index.php?rest_route=%2Fwp%2Fv2%2Fcomments&post=39745"}],"version-history":[{"count":1,"href":"https:\/\/radiorevelacionfm.cl\/index.php?rest_route=\/wp\/v2\/posts\/39745\/revisions"}],"predecessor-version":[{"id":39747,"href":"https:\/\/radiorevelacionfm.cl\/index.php?rest_route=\/wp\/v2\/posts\/39745\/revisions\/39747"}],"wp:featuredmedia":[{"embeddable":true,"href":"https:\/\/radiorevelacionfm.cl\/index.php?rest_route=\/wp\/v2\/media\/39746"}],"wp:attachment":[{"href":"https:\/\/radiorevelacionfm.cl\/index.php?rest_route=%2Fwp%2Fv2%2Fmedia&parent=39745"}],"wp:term":[{"taxonomy":"category","embeddable":true,"href":"https:\/\/radiorevelacionfm.cl\/index.php?rest_route=%2Fwp%2Fv2%2Fcategories&post=39745"},{"taxonomy":"post_tag","embeddable":true,"href":"https:\/\/radiorevelacionfm.cl\/index.php?rest_route=%2Fwp%2Fv2%2Ftags&post=39745"}],"curies":[{"name":"wp","href":"https:\/\/api.w.org\/{rel}","templated":true}]}}