{"id":39742,"date":"2024-02-21T15:59:11","date_gmt":"2024-02-21T18:59:11","guid":{"rendered":"https:\/\/radiorevelacionfm.cl\/?p=39742"},"modified":"2024-02-21T15:59:11","modified_gmt":"2024-02-21T18:59:11","slug":"integrantes-de-ag-transporte-privado-remunerado-aysen-se-reunen-con-director-de-vialidad-mop","status":"publish","type":"post","link":"https:\/\/radiorevelacionfm.cl\/?p=39742","title":{"rendered":"Integrantes de AG Transporte Privado Remunerado Ays\u00e9n se re\u00fanen con director de Vialidad MOP"},"content":{"rendered":"<div class=\"flex_column av_one_full  flex_column_div av-zero-column-padding first  avia-builder-el-0  el_before_av_one_full  avia-builder-el-first  \" style='border-radius:0px; '><div  class='avia-image-container  av-styling-    avia-builder-el-1  avia-builder-el-no-sibling  avia-align-center '  itemprop=\"image\" itemscope=\"itemscope\" itemtype=\"https:\/\/schema.org\/ImageObject\"  ><div class='avia-image-container-inner'><div class='avia-image-overlay-wrap'><img decoding=\"async\" class='wp-image-39743 avia-img-lazy-loading-not-39743 avia_image' src=\"https:\/\/radiorevelacionfm.cl\/wp-content\/uploads\/2024\/02\/SEIS-TURISMO-1-1.jpg\" alt='' title='SEIS-TURISMO (1) (1)' height=\"600\" width=\"1006\"  itemprop=\"thumbnailUrl\" srcset=\"https:\/\/radiorevelacionfm.cl\/wp-content\/uploads\/2024\/02\/SEIS-TURISMO-1-1.jpg 1006w, https:\/\/radiorevelacionfm.cl\/wp-content\/uploads\/2024\/02\/SEIS-TURISMO-1-1-300x179.jpg 300w, https:\/\/radiorevelacionfm.cl\/wp-content\/uploads\/2024\/02\/SEIS-TURISMO-1-1-768x458.jpg 768w, https:\/\/radiorevelacionfm.cl\/wp-content\/uploads\/2024\/02\/SEIS-TURISMO-1-1-705x420.jpg 705w, https:\/\/radiorevelacionfm.cl\/wp-content\/uploads\/2024\/02\/SEIS-TURISMO-1-1-450x268.jpg 450w, https:\/\/radiorevelacionfm.cl\/wp-content\/uploads\/2024\/02\/SEIS-TURISMO-1-1-600x358.jpg 600w\" sizes=\"(max-width: 1006px) 100vw, 1006px\" \/><\/div><\/div><\/div><\/div><div class=\"flex_column av_one_full  flex_column_div av-zero-column-padding first  avia-builder-el-2  el_after_av_one_full  el_before_av_one_full  column-top-margin\" style='border-radius:0px; '><section class=\"av_textblock_section \"  itemscope=\"itemscope\" itemtype=\"https:\/\/schema.org\/BlogPosting\" itemprop=\"blogPost\" ><div class='avia_textblock  '   itemprop=\"text\" ><p style=\"text-align: center;\"><strong><span style=\"font-size: 18pt;\">Integrantes de AG Transporte Privado Remunerado Ays\u00e9n se re\u00fanen con director de Vialidad MOP<\/span><\/strong><\/p>\n<div id=\"gtx-trans\" style=\"position: absolute; left: -50px; top: 4.31534px;\">\n<div class=\"gtx-trans-icon\"><\/div>\n<\/div>\n<\/div><\/section><\/div><div class=\"flex_column av_one_full  flex_column_div av-zero-column-padding first  avia-builder-el-4  el_after_av_one_full  el_before_av_hr  column-top-margin\" style='border-radius:0px; '><section class=\"av_textblock_section \"  itemscope=\"itemscope\" itemtype=\"https:\/\/schema.org\/BlogPosting\" itemprop=\"blogPost\" ><div class='avia_textblock  '   itemprop=\"text\" ><p style=\"text-align: justify;\">El director regional de Vialidad del Ministerio de Obras P\u00fablicas en la regi\u00f3n de Ays\u00e9n, Renzo Sanders Cort\u00e9s, inform\u00f3 que en el marco de un trabajo colaborativo y conjunto con diversos representantes de la comunidad, recientemente se reuni\u00f3 con integrantes de la AG Transporte Privado Remunerado Ays\u00e9n (TranspriAys\u00e9n), quienes integran la Mesa P\u00fablico Privada de trabajo con los gremios de transporte y turismo para darles a conocer las obras que se est\u00e1n efectuando y las que vienen en el futuro cercano tanto en la Ruta 7 Sur, como en el camino Puerto Tranquilo-Bah\u00eda Exploradores.<\/p>\n<p style=\"text-align: justify;\">La autoridad regional de Vialidad del MOP, indic\u00f3 al respecto que \u201cen el marco de la octava mesa de trabajo de los gremios de transporte y turismo, hemos tenido un acercamiento especial con el gremio tur\u00edstico del sector Exploradores a trav\u00e9s de la AG Transporte Privado Remunerado Ays\u00e9n a quienes le expusimos la forma en la que hemos abordado la conservaci\u00f3n de los caminos este \u00faltimo tiempo, detallando que ha sido mediante la ejecuci\u00f3n de tres etapas v\u00eda contratos de emergencia, los que est\u00e1n finalizando este mes y se les inform\u00f3 tambi\u00e9n en qu\u00e9 etapa se encuentran los contratos de Conservaci\u00f3n Global de Caminos, en particular, para el sector de Exploradores, destacando que esta semana se abrieron las ofertas t\u00e9cnicas y hubo tres empresas que presentaron propuestas, as\u00ed que estamos conformes con ello porque damos continuidad a la conservaci\u00f3n de los caminos y avanzamos en su mejoramiento\u201d.<\/p>\n<p style=\"text-align: justify;\">Adem\u00e1s, \u201cen esta ocasi\u00f3n el gremio tambi\u00e9n nos coment\u00f3 que si bien los primeros 70 km desde la Ruta 7-Tranquilo-hasta la pasarela se hab\u00eda mantenido en buena forma, hab\u00eda un problema en la conservaci\u00f3n desde la pasarela hasta el muelle que son cerca de 10 km debido a que la restricci\u00f3n de peso y dimensi\u00f3n de la pasarela no permite que la maquinaria pase por ese sector, por lo tanto en esta licitaci\u00f3n que acabamos de abrir las ofertas, se le est\u00e1 exigiendo a la empresa contratista que se adjudique las obras que considere contar con maquinaria m\u00e1s peque\u00f1a para que pueda pasar por la pasarela y efectuar la conservaci\u00f3n de este camino en los 10 kil\u00f3metros que restan. Por nuestra parte, este jueves 22 de febrero nuestros equipos van a ir al sector para inspeccionar el estado actual del camino y en forma paralela, ya estamos consiguiendo los recursos en el nivel central para abordar este tramo, as\u00ed que estamos trabajando en diversos frentes para resolver la necesidad de los y las vecinas del sector y gremios del turismo que sabemos necesitan contar con esta v\u00eda en buen estado\u201d.<\/p>\n<p style=\"text-align: justify;\">Por su parte, Bagni Monje, Presidenta de la AG Transporte Privado Remunerado Ays\u00e9n (TranspriAys\u00e9n) expres\u00f3 su agradecimiento por la disposici\u00f3n de las autoridades a atenderlos y explicarles en detalle la inversi\u00f3n 2024 y obras que se est\u00e1n ejecutando, se van a concretar en el mediano y largo plazo para mejorar la Ruta Tranquilo-Exploradores, resaltando sobre el particular que \u201cpara nosotros es reconfortante tener autoridades que est\u00e9n dispuestas y disponibles (&#8230;). En terreno se ven cosas de una forma y t\u00e9cnicamente se ven de otra forma, entonces ac\u00e1 juntamos ambas cosas y don Renzo el director de vialidad ha sido muy amable y ha tenido un tiempo para explicarnos y exponernos todo el trabajo que se ha realizado, el que est\u00e1 y el que viene, lo que es muy importante. Yo s\u00e9 que nuestros socios y todos quienes hacemos uso de la Carretera Austral norte y sur y caminos adyacentes van a estar muy conformes, porque esto no son s\u00f3lo promesas, porque se han hecho muchas cosas y se han concretado otras. Entonces, estamos bien tranquilos y m\u00e1s con la invitaci\u00f3n que tenemos a participar directamente con ellos en terreno y vamos a hacer la visita a la entrada hacia la laguna San Rafael y a Exploradores que son los puntos tur\u00edsticos m\u00e1s importantes ahora en esta regi\u00f3n y ver la situaci\u00f3n de estos sectores, lo que fue pedido por nuestros socios transportistas que realizan esa ruta, as\u00ed que vimos este tema y en este momento se tiene la soluci\u00f3n, se est\u00e1 trabajando en ella y lo m\u00e1s importante es que van a ir a terreno, as\u00ed que estoy muy conforme y tranquila como presidente de la AG por haber obtenido todo este resultado\u201d.<\/p>\n<\/div><\/section><\/div><div  style='height:50px' class='hr hr-invisible   avia-builder-el-6  el_after_av_one_full  el_before_av_social_share '><span class='hr-inner ' ><span class='hr-inner-style'><\/span><\/span><\/div><\/p>\n<div  class='av-social-sharing-box  avia-builder-el-7  el_after_av_hr  el_before_av_hr  '><div class='av-share-box'><h5 class='av-share-link-description av-no-toc '>Compartir esta noticia<\/h5><ul class='av-share-box-list noLightbox'><li class='av-share-link av-social-link-facebook' ><a target=\"_blank\" aria-label=\"Compartir en Facebook\" href='https:\/\/www.facebook.com\/sharer.php?u=https:\/\/radiorevelacionfm.cl\/?p=39742&#038;t=Integrantes%20de%20AG%20Transporte%20Privado%20Remunerado%20Ays%C3%A9n%20se%20re%C3%BAnen%20con%20director%20de%20Vialidad%20MOP' aria-hidden='false' data-av_icon='\ue8f3' data-av_iconfont='entypo-fontello' title='' data-avia-related-tooltip='Compartir en Facebook' rel=\"noopener\"><span class='avia_hidden_link_text'>Compartir en Facebook<\/span><\/a><\/li><li class='av-share-link av-social-link-twitter' ><a target=\"_blank\" aria-label=\"Compartir en Twitter\" href='https:\/\/twitter.com\/share?text=Integrantes%20de%20AG%20Transporte%20Privado%20Remunerado%20Ays%C3%A9n%20se%20re%C3%BAnen%20con%20director%20de%20Vialidad%20MOP&#038;url=https:\/\/radiorevelacionfm.cl\/?p=39742' aria-hidden='false' data-av_icon='\ue8f1' data-av_iconfont='entypo-fontello' title='' data-avia-related-tooltip='Compartir en Twitter' rel=\"noopener\"><span class='avia_hidden_link_text'>Compartir en Twitter<\/span><\/a><\/li><li class='av-share-link av-social-link-whatsapp' ><a target=\"_blank\" aria-label=\"Compartir en Whatsapp\" href='https:\/\/api.whatsapp.com\/send?text=https:\/\/radiorevelacionfm.cl\/?p=39742' aria-hidden='false' data-av_icon='\uf232' data-av_iconfont='entypo-fontello' title='' data-avia-related-tooltip='Compartir en Whatsapp' rel=\"noopener\"><span class='avia_hidden_link_text'>Compartir en Whatsapp<\/span><\/a><\/li><li class='av-share-link av-social-link-linkedin' ><a target=\"_blank\" aria-label=\"Compartir en LinkedIn\" href='https:\/\/linkedin.com\/shareArticle?mini=true&#038;title=Integrantes%20de%20AG%20Transporte%20Privado%20Remunerado%20Ays%C3%A9n%20se%20re%C3%BAnen%20con%20director%20de%20Vialidad%20MOP&#038;url=https:\/\/radiorevelacionfm.cl\/?p=39742' aria-hidden='false' data-av_icon='\ue8fc' data-av_iconfont='entypo-fontello' title='' data-avia-related-tooltip='Compartir en LinkedIn' rel=\"noopener\"><span class='avia_hidden_link_text'>Compartir en LinkedIn<\/span><\/a><\/li><li class='av-share-link av-social-link-mail' ><a  aria-label=\"Compartir por correo\" href='mailto:?subject=Integrantes%20de%20AG%20Transporte%20Privado%20Remunerado%20Ays%C3%A9n%20se%20re%C3%BAnen%20con%20director%20de%20Vialidad%20MOP&#038;body=https:\/\/radiorevelacionfm.cl\/?p=39742' aria-hidden='false' data-av_icon='\ue805' data-av_iconfont='entypo-fontello' title='' data-avia-related-tooltip='Compartir por correo'><span class='avia_hidden_link_text'>Compartir por correo<\/span><\/a><\/li><\/ul><\/div><\/div>\n<div  style='height:50px' class='hr hr-invisible   avia-builder-el-8  el_after_av_social_share  el_before_av_comments_list '><span class='hr-inner ' ><span class='hr-inner-style'><\/span><\/span><\/div>\n<div  class='av-buildercomment  av-blog-meta-html-info-disabled av-blog-meta-tag-disabled  '><\/div>\n","protected":false},"excerpt":{"rendered":"","protected":false},"author":1,"featured_media":39743,"comment_status":"open","ping_status":"open","sticky":false,"template":"","format":"standard","meta":{"footnotes":""},"categories":[38],"tags":[],"class_list":["post-39742","post","type-post","status-publish","format-standard","has-post-thumbnail","hentry","category-regional"],"jetpack_featured_media_url":"https:\/\/radiorevelacionfm.cl\/wp-content\/uploads\/2024\/02\/SEIS-TURISMO-1-1.jpg","_links":{"self":[{"href":"https:\/\/radiorevelacionfm.cl\/index.php?rest_route=\/wp\/v2\/posts\/39742","targetHints":{"allow":["GET"]}}],"collection":[{"href":"https:\/\/radiorevelacionfm.cl\/index.php?rest_route=\/wp\/v2\/posts"}],"about":[{"href":"https:\/\/radiorevelacionfm.cl\/index.php?rest_route=\/wp\/v2\/types\/post"}],"author":[{"embeddable":true,"href":"https:\/\/radiorevelacionfm.cl\/index.php?rest_route=\/wp\/v2\/users\/1"}],"replies":[{"embeddable":true,"href":"https:\/\/radiorevelacionfm.cl\/index.php?rest_route=%2Fwp%2Fv2%2Fcomments&post=39742"}],"version-history":[{"count":1,"href":"https:\/\/radiorevelacionfm.cl\/index.php?rest_route=\/wp\/v2\/posts\/39742\/revisions"}],"predecessor-version":[{"id":39744,"href":"https:\/\/radiorevelacionfm.cl\/index.php?rest_route=\/wp\/v2\/posts\/39742\/revisions\/39744"}],"wp:featuredmedia":[{"embeddable":true,"href":"https:\/\/radiorevelacionfm.cl\/index.php?rest_route=\/wp\/v2\/media\/39743"}],"wp:attachment":[{"href":"https:\/\/radiorevelacionfm.cl\/index.php?rest_route=%2Fwp%2Fv2%2Fmedia&parent=39742"}],"wp:term":[{"taxonomy":"category","embeddable":true,"href":"https:\/\/radiorevelacionfm.cl\/index.php?rest_route=%2Fwp%2Fv2%2Fcategories&post=39742"},{"taxonomy":"post_tag","embeddable":true,"href":"https:\/\/radiorevelacionfm.cl\/index.php?rest_route=%2Fwp%2Fv2%2Ftags&post=39742"}],"curies":[{"name":"wp","href":"https:\/\/api.w.org\/{rel}","templated":true}]}}