{"id":3974,"date":"2021-05-10T18:41:06","date_gmt":"2021-05-10T21:41:06","guid":{"rendered":"https:\/\/radiorevelacionfm.cl\/?p=3974"},"modified":"2021-05-10T18:41:06","modified_gmt":"2021-05-10T21:41:06","slug":"consejeros-regionales-constataron-contribucion-del-programa-manejo-de-plantaciones-de-conaf","status":"publish","type":"post","link":"https:\/\/radiorevelacionfm.cl\/?p=3974","title":{"rendered":"Consejeros Regionales constataron contribuci\u00f3n del Programa Manejo de Plantaciones de CONAF"},"content":{"rendered":"<div class=\"flex_column av_one_full  flex_column_div av-zero-column-padding first  avia-builder-el-0  el_before_av_one_full  avia-builder-el-first  \" style='border-radius:0px; '><div  class='avia-image-container  av-styling-    avia-builder-el-1  avia-builder-el-no-sibling  avia-align-center '  itemprop=\"image\" itemscope=\"itemscope\" itemtype=\"https:\/\/schema.org\/ImageObject\"  ><div class='avia-image-container-inner'><div class='avia-image-overlay-wrap'><img decoding=\"async\" class='wp-image-0 avia-img-lazy-loading-not-0 avia_image' src=\"https:\/\/radiorevelacionfm.cl\/wp-content\/uploads\/2021\/05\/whatsapp-image-2021-05-06-at-17_optimized.44.52.jpeg\" alt='' title=''   itemprop=\"thumbnailUrl\"  \/><\/div><\/div><\/div><\/div><div class=\"flex_column av_one_full  flex_column_div av-zero-column-padding first  avia-builder-el-2  el_after_av_one_full  el_before_av_one_full  column-top-margin\" style='border-radius:0px; '><section class=\"av_textblock_section \"  itemscope=\"itemscope\" itemtype=\"https:\/\/schema.org\/BlogPosting\" itemprop=\"blogPost\" ><div class='avia_textblock  '   itemprop=\"text\" ><p style=\"text-align: center;\"><strong><span style=\"font-size: 18pt;\">Consejeros Regionales constataron contribuci\u00f3n del Programa Manejo de Plantaciones de CONAF<\/span><\/strong><\/p>\n<div id=\"gtx-trans\" style=\"position: absolute; left: -50px; top: 4.31534px;\">\n<div class=\"gtx-trans-icon\"><\/div>\n<\/div>\n<\/div><\/section><\/div><div class=\"flex_column av_one_full  flex_column_div av-zero-column-padding first  avia-builder-el-4  el_after_av_one_full  el_before_av_hr  column-top-margin\" style='border-radius:0px; '><section class=\"av_textblock_section \"  itemscope=\"itemscope\" itemtype=\"https:\/\/schema.org\/BlogPosting\" itemprop=\"blogPost\" ><div class='avia_textblock  '   itemprop=\"text\" ><p class=\"v1MsoNormal\" style=\"text-align: justify;\"><span lang=\"ES-MX\">La alta contribuci\u00f3n del Programa Manejo Integrado de Plantaciones en la Reserva Nacional Coyhaique, que desde hace 16 a\u00f1os ejecuta CONAF, con recursos del Fondo Nacional de Desarrollo Regional, destacaron consejeros regionales tras una visita a las faenas de producci\u00f3n, situadas en la Obra Don Guanella.<\/span><\/p>\n<p class=\"v1MsoNormal\" style=\"text-align: justify;\"><span lang=\"ES-MX\">En el recorrido y conversaci\u00f3n con trabajadoras y trabajadores participaron el presidente del CORE, Sergio Gonz\u00e1lez, el presidente de la comisi\u00f3n de Fomento Productivo, Rocco Martiniello, y el consejero Ra\u00fal Rudolphi, junto al director ejecutivo de CONAF, Rodrigo Munita, el gobernador V\u00edctor Oyarz\u00fan y el seremi de Agricultura, Felipe Henr\u00edquez.<\/span><\/p>\n<p class=\"v1MsoNormal\" style=\"text-align: justify;\"><span lang=\"ES-MX\">\u00abTenemos una alianza estrat\u00e9gica para favorecer socialmente y, adem\u00e1s, de eso en el tema forestal la recuperaci\u00f3n, a trav\u00e9s de programas presentados por ellos y financiados con fondos regionales, la posibilidad de generar empleo, mejorar los est\u00e1ndares de nuestros circuitos verdes, hemos recuperado varios parques de buena calidad, y apoyar la construcci\u00f3n y entrega de viviendas a personas post incendio y, adem\u00e1s, la construcci\u00f3n de muebles para las personas m\u00e1s necesitadas\u00bb, recalc\u00f3 Sergio Gonz\u00e1lez B\u00f3rquez.<\/span><\/p>\n<p class=\"v1MsoNormal\" style=\"text-align: justify;\"><span lang=\"ES-MX\">Rodrigo Munita consider\u00f3 ejemplar el programa. \u00abUn emprendimiento extraordinario, que se hace con recursos regionales, que se ejecuta a trav\u00e9s de la Corporaci\u00f3n Nacional Forestal, est\u00e1 el Gobierno Regional, la Gobernaci\u00f3n y la secretar\u00eda regional ministerial de Agricultura, generando valor de bosques, que son transformados en le\u00f1a, para que las personas se abriguen, pasen un invierno m\u00e1s c\u00e1lido, fundamentalmente personas de escasos recursos, y se construyen viviendas de una calidad que es pr\u00e1cticamente de viviendas definitivas\u00bb, indic\u00f3.<\/span><\/p>\n<p class=\"v1MsoNormal\" style=\"text-align: justify;\"><span lang=\"ES-MX\">Para V\u00edctor Oyarz\u00fan mediante esta iniciativa se responden necesidades concretas de la ciudadan\u00eda. \u00abSabemos que son tiempos dif\u00edciles y mediante la entrega de le\u00f1a, de viviendas de emergencia que son pr\u00e1cticamente definitivas, de muebles y pr\u00f3ximamente quiz\u00e1s se agrega el pellet, nos hacemos cargo de las sentidas necesidades de la gente\u00bb, expres\u00f3.<\/span><\/p>\n<p class=\"v1MsoNormal\" style=\"text-align: justify;\"><span lang=\"ES-MX\">En tanto, Felipe Henr\u00edquez destac\u00f3 la posibilidad de seguir fortaleciendo el programa. \u00abCreo que esto nos deja en muy buen pie como regi\u00f3n, para poder trabajar en conjunto con la direcci\u00f3n nacional de CONAF de manera tal de traer m\u00e1s recursos, m\u00e1s capacidades a la regi\u00f3n de Ays\u00e9n, porque estamos dando cuenta concreta de que aqu\u00ed en la regi\u00f3n las cosas se hacen bien\u00bb, puntualiz\u00f3.<\/span><\/p>\n<p class=\"v1MsoNormal\" style=\"text-align: justify;\">En la Reserva Nacional Coyhaique existe un recurso natural renovable cercano a las 500 hect\u00e1reas de plantaciones productivas que deben ser una fuente sostenible de bienes y servicios tanto para la comuna como para el resto de la regi\u00f3n.<\/p>\n<p class=\"v1MsoNormal\" style=\"text-align: justify;\"><span lang=\"ES-MX\">De all\u00ed que el programa genera 135 puestos de trabajo, producci\u00f3n de 5.600 metros c\u00fabicos de le\u00f1a, 20 viviendas de 35 metros cuadrados, 20 le\u00f1eras, 80 camas, 2.000 metros lineales de senderos tur\u00edsticos, reparaci\u00f3n de caminos, construcci\u00f3n de cortafuegos y habilitaci\u00f3n de senderos inclusivos, mediante una inversi\u00f3n 2021 que supera los 1.500 millones de pesos.<\/span><\/p>\n<\/div><\/section><\/div><div  style='height:50px' class='hr hr-invisible   avia-builder-el-6  el_after_av_one_full  el_before_av_social_share '><span class='hr-inner ' ><span class='hr-inner-style'><\/span><\/span><\/div><\/p>\n<div  class='av-social-sharing-box  avia-builder-el-7  el_after_av_hr  el_before_av_hr  '><div class='av-share-box'><h5 class='av-share-link-description av-no-toc '>Compartir esta noticia<\/h5><ul class='av-share-box-list noLightbox'><li class='av-share-link av-social-link-facebook' ><a target=\"_blank\" aria-label=\"Compartir en Facebook\" href='https:\/\/www.facebook.com\/sharer.php?u=https:\/\/radiorevelacionfm.cl\/?p=3974&#038;t=Consejeros%20Regionales%20constataron%20contribuci%C3%B3n%20del%20Programa%20Manejo%20de%20Plantaciones%20de%20CONAF' aria-hidden='false' data-av_icon='\ue8f3' data-av_iconfont='entypo-fontello' title='' data-avia-related-tooltip='Compartir en Facebook' rel=\"noopener\"><span class='avia_hidden_link_text'>Compartir en Facebook<\/span><\/a><\/li><li class='av-share-link av-social-link-twitter' ><a target=\"_blank\" aria-label=\"Compartir en Twitter\" href='https:\/\/twitter.com\/share?text=Consejeros%20Regionales%20constataron%20contribuci%C3%B3n%20del%20Programa%20Manejo%20de%20Plantaciones%20de%20CONAF&#038;url=https:\/\/radiorevelacionfm.cl\/?p=3974' aria-hidden='false' data-av_icon='\ue8f1' data-av_iconfont='entypo-fontello' title='' data-avia-related-tooltip='Compartir en Twitter' rel=\"noopener\"><span class='avia_hidden_link_text'>Compartir en Twitter<\/span><\/a><\/li><li class='av-share-link av-social-link-whatsapp' ><a target=\"_blank\" aria-label=\"Compartir en Whatsapp\" href='https:\/\/api.whatsapp.com\/send?text=https:\/\/radiorevelacionfm.cl\/?p=3974' aria-hidden='false' data-av_icon='\uf232' data-av_iconfont='entypo-fontello' title='' data-avia-related-tooltip='Compartir en Whatsapp' rel=\"noopener\"><span class='avia_hidden_link_text'>Compartir en Whatsapp<\/span><\/a><\/li><li class='av-share-link av-social-link-linkedin' ><a target=\"_blank\" aria-label=\"Compartir en LinkedIn\" href='https:\/\/linkedin.com\/shareArticle?mini=true&#038;title=Consejeros%20Regionales%20constataron%20contribuci%C3%B3n%20del%20Programa%20Manejo%20de%20Plantaciones%20de%20CONAF&#038;url=https:\/\/radiorevelacionfm.cl\/?p=3974' aria-hidden='false' data-av_icon='\ue8fc' data-av_iconfont='entypo-fontello' title='' data-avia-related-tooltip='Compartir en LinkedIn' rel=\"noopener\"><span class='avia_hidden_link_text'>Compartir en LinkedIn<\/span><\/a><\/li><li class='av-share-link av-social-link-mail' ><a  aria-label=\"Compartir por correo\" href='mailto:?subject=Consejeros%20Regionales%20constataron%20contribuci%C3%B3n%20del%20Programa%20Manejo%20de%20Plantaciones%20de%20CONAF&#038;body=https:\/\/radiorevelacionfm.cl\/?p=3974' aria-hidden='false' data-av_icon='\ue805' data-av_iconfont='entypo-fontello' title='' data-avia-related-tooltip='Compartir por correo'><span class='avia_hidden_link_text'>Compartir por correo<\/span><\/a><\/li><\/ul><\/div><\/div>\n<div  style='height:50px' class='hr hr-invisible   avia-builder-el-8  el_after_av_social_share  el_before_av_comments_list '><span class='hr-inner ' ><span class='hr-inner-style'><\/span><\/span><\/div>\n<div  class='av-buildercomment  av-blog-meta-html-info-disabled av-blog-meta-tag-disabled  '><\/div>\n","protected":false},"excerpt":{"rendered":"","protected":false},"author":1,"featured_media":0,"comment_status":"open","ping_status":"open","sticky":false,"template":"","format":"standard","meta":{"footnotes":""},"categories":[38],"tags":[],"class_list":["post-3974","post","type-post","status-publish","format-standard","hentry","category-regional"],"jetpack_featured_media_url":"","_links":{"self":[{"href":"https:\/\/radiorevelacionfm.cl\/index.php?rest_route=\/wp\/v2\/posts\/3974","targetHints":{"allow":["GET"]}}],"collection":[{"href":"https:\/\/radiorevelacionfm.cl\/index.php?rest_route=\/wp\/v2\/posts"}],"about":[{"href":"https:\/\/radiorevelacionfm.cl\/index.php?rest_route=\/wp\/v2\/types\/post"}],"author":[{"embeddable":true,"href":"https:\/\/radiorevelacionfm.cl\/index.php?rest_route=\/wp\/v2\/users\/1"}],"replies":[{"embeddable":true,"href":"https:\/\/radiorevelacionfm.cl\/index.php?rest_route=%2Fwp%2Fv2%2Fcomments&post=3974"}],"version-history":[{"count":1,"href":"https:\/\/radiorevelacionfm.cl\/index.php?rest_route=\/wp\/v2\/posts\/3974\/revisions"}],"predecessor-version":[{"id":3976,"href":"https:\/\/radiorevelacionfm.cl\/index.php?rest_route=\/wp\/v2\/posts\/3974\/revisions\/3976"}],"wp:attachment":[{"href":"https:\/\/radiorevelacionfm.cl\/index.php?rest_route=%2Fwp%2Fv2%2Fmedia&parent=3974"}],"wp:term":[{"taxonomy":"category","embeddable":true,"href":"https:\/\/radiorevelacionfm.cl\/index.php?rest_route=%2Fwp%2Fv2%2Fcategories&post=3974"},{"taxonomy":"post_tag","embeddable":true,"href":"https:\/\/radiorevelacionfm.cl\/index.php?rest_route=%2Fwp%2Fv2%2Ftags&post=3974"}],"curies":[{"name":"wp","href":"https:\/\/api.w.org\/{rel}","templated":true}]}}