{"id":39739,"date":"2024-02-21T10:53:29","date_gmt":"2024-02-21T13:53:29","guid":{"rendered":"https:\/\/radiorevelacionfm.cl\/?p=39739"},"modified":"2024-02-21T10:53:29","modified_gmt":"2024-02-21T13:53:29","slug":"prochile-impulsa-trabajo-y-promocion-internacional-de-productores-de-gin-cerveza-y-vodka-de-aysen","status":"publish","type":"post","link":"https:\/\/radiorevelacionfm.cl\/?p=39739","title":{"rendered":"ProChile impulsa trabajo y promoci\u00f3n internacional de productores de gin, cerveza y vodka de Ays\u00e9n"},"content":{"rendered":"<div class=\"flex_column av_one_full  flex_column_div av-zero-column-padding first  avia-builder-el-0  el_before_av_one_full  avia-builder-el-first  \" style='border-radius:0px; '><div  class='avia-image-container  av-styling-    avia-builder-el-1  avia-builder-el-no-sibling  avia-align-center '  itemprop=\"image\" itemscope=\"itemscope\" itemtype=\"https:\/\/schema.org\/ImageObject\"  ><div class='avia-image-container-inner'><div class='avia-image-overlay-wrap'><img decoding=\"async\" class='wp-image-39740 avia-img-lazy-loading-not-39740 avia_image' src=\"https:\/\/radiorevelacionfm.cl\/wp-content\/uploads\/2024\/02\/aysen-alcoholes-1-1.jpg\" alt='' title='aysen alcoholes (1) (1)' height=\"620\" width=\"806\"  itemprop=\"thumbnailUrl\" srcset=\"https:\/\/radiorevelacionfm.cl\/wp-content\/uploads\/2024\/02\/aysen-alcoholes-1-1.jpg 806w, https:\/\/radiorevelacionfm.cl\/wp-content\/uploads\/2024\/02\/aysen-alcoholes-1-1-300x231.jpg 300w, https:\/\/radiorevelacionfm.cl\/wp-content\/uploads\/2024\/02\/aysen-alcoholes-1-1-768x591.jpg 768w, https:\/\/radiorevelacionfm.cl\/wp-content\/uploads\/2024\/02\/aysen-alcoholes-1-1-705x542.jpg 705w, https:\/\/radiorevelacionfm.cl\/wp-content\/uploads\/2024\/02\/aysen-alcoholes-1-1-450x346.jpg 450w, https:\/\/radiorevelacionfm.cl\/wp-content\/uploads\/2024\/02\/aysen-alcoholes-1-1-600x462.jpg 600w\" sizes=\"(max-width: 806px) 100vw, 806px\" \/><\/div><\/div><\/div><\/div><div class=\"flex_column av_one_full  flex_column_div av-zero-column-padding first  avia-builder-el-2  el_after_av_one_full  el_before_av_one_full  column-top-margin\" style='border-radius:0px; '><section class=\"av_textblock_section \"  itemscope=\"itemscope\" itemtype=\"https:\/\/schema.org\/BlogPosting\" itemprop=\"blogPost\" ><div class='avia_textblock  '   itemprop=\"text\" ><p style=\"text-align: center;\"><strong><span style=\"font-size: 18pt;\">ProChile impulsa trabajo y promoci\u00f3n internacional de productores de gin, cerveza y vodka de Ays\u00e9n<\/span><\/strong><\/p>\n<div id=\"gtx-trans\" style=\"position: absolute; left: -50px; top: 4.31534px;\">\n<div class=\"gtx-trans-icon\"><\/div>\n<\/div>\n<\/div><\/section><\/div><div class=\"flex_column av_one_full  flex_column_div av-zero-column-padding first  avia-builder-el-4  el_after_av_one_full  el_before_av_hr  column-top-margin\" style='border-radius:0px; '><section class=\"av_textblock_section \"  itemscope=\"itemscope\" itemtype=\"https:\/\/schema.org\/BlogPosting\" itemprop=\"blogPost\" ><div class='avia_textblock  '   itemprop=\"text\" ><p style=\"text-align: justify;\"><em>Grupo de productores de la Patagonia chilena buscan generar nuevas instancias de promoci\u00f3n comercial y generaci\u00f3n de nuevas l\u00edneas de negocio local e internacional, as\u00ed como la protecci\u00f3n de sus t\u00e9cnicas productivas.<\/em><\/p>\n<p style=\"text-align: justify;\">Productores de gin, vodka y cerveza de la Regi\u00f3n de Ays\u00e9n, se encuentran trabajando en un camino conjunto para la internacionalizaci\u00f3n de sus productos y con el apoyo de ProChile, buscan generar nuevos espacios de comercializaci\u00f3n, as\u00ed como tambi\u00e9n relevar la calidad de estos brebajes producidos al sur del mundo.<u><\/u><u><\/u><\/p>\n<p style=\"text-align: justify;\">Jaime Poblete, Director Regional de ProChile en Ays\u00e9n, cuenta que \u201cel objetivo del trabajo que estamos realizando con estos productores y productoras es promover un sector de alcoholes y bebidas en la regi\u00f3n para fortalecer la industria y as\u00ed tener la oportunidad de generar nuevos negocios en los distintos mercados internacionales, con mejores posibilidades de producci\u00f3n y venta. Adem\u00e1s, buscamos invitar a m\u00e1s productores que se atrevan a recorrer este camino, a ser empresa y producir desde nuestra regi\u00f3n\u201d.<u><\/u><u><\/u><\/p>\n<p style=\"text-align: justify;\">En el encuentro estuvieron presentes Andera Zavala de Gin Tepaluma, Yuliyan Popov productor de Vodka Kawesqar y Charlie de Smet de Cerveza Dolbek, quienes manifestaron su inter\u00e9s en poder aunar esfuerzos para impulsar sus productos con un sello distintivo, como es su producci\u00f3n al sur mundo.<u><\/u><u><\/u><\/p>\n<p style=\"text-align: justify;\">Andreza Zavala de\u00a0<a href=\"https:\/\/trackercl1.fidelizador.com\/LD7B357GF40541C9HD7CDDF76EB18J10EC5AB30115KD7B35753F3FA6B63ADBA422125736B&amp;t=17054\" target=\"_blank\" rel=\"noopener\" data-saferedirecturl=\"https:\/\/www.google.com\/url?q=https:\/\/trackercl1.fidelizador.com\/LD7B357GF40541C9HD7CDDF76EB18J10EC5AB30115KD7B35753F3FA6B63ADBA422125736B%26t%3D17054&amp;source=gmail&amp;ust=1708608685021000&amp;usg=AOvVaw27AGNlFvH7YZLHI7WGoyWt\">Gin Tepaluma<\/a>, cuenta que actualmente su producto se comercializa en destiler\u00edas, a trav\u00e9s de su sitio web por venta online y exporta \u201ca Alemania y Dinamarca. Estamos preparando la llegada a pa\u00edses de Latinoam\u00e9rica y pa\u00edses asi\u00e1ticos. Este 2024 iremos a Europa a lanzar y presentar nuestro gin finalmente; en los a\u00f1os anteriores no pudimos porque exportamos en \u00e9poca de pandemia. Nuestra primera exportaci\u00f3n lleg\u00f3 al puerto el 17 de octubre 2019 pero no sali\u00f3 hasta febrero 2020 por el estallido social\u201d.<u><\/u><u><\/u><\/p>\n<p style=\"text-align: justify;\">La instancia organizada por ProChile busca promover este sector de alcoholes y bebidas en la Regi\u00f3n de Ays\u00e9n, con la intenci\u00f3n de fortalecer la industria y al mismo tiempo proteger y poner en valor la \u00abverdadera\u00bb Patagonia Chilena\u201d.<u><\/u><u><\/u><\/p>\n<p style=\"text-align: justify;\">En este networking, se dieron cita m\u00e1s de 100 empresas, importadores provenientes tanto de Bolivia como de Brasil, quienes pudieron conocer m\u00e1s de cerca la oferta exportable de la regi\u00f3n.<u><\/u><u><\/u><\/p>\n<p style=\"text-align: justify;\">\u201cNuestro trabajo como oficina ha estado dirigido principalmente estos \u00faltimos meses a encontrar mercados, pero surge hoy una mirada mucho m\u00e1s integral de apoyar a los productores en su necesidad de formar alianzas y crear un sector que fortalezca sus capacidades y posibilidades de producci\u00f3n y venta\u201d se\u00f1ala el Director Regional de ProChile en Ays\u00e9n, Jaime Poblete, quien adem\u00e1s explica que la reuni\u00f3n buscaba que ellos se conocieran y compartieran experiencias, \u201cquedaron muy entusiasmados, y luego unieron a otros m\u00e1s y comenzaron gestiones para ver c\u00f3mo seguir este camino conjunto. Por nuestra parte tambi\u00e9n hemos apoyado, a trav\u00e9s de nuestra oficina regional en Coquimbo, para que en el intercambio de experiencias con productores de pisco se pueda configurar un camino de promoci\u00f3n y llegada concreta a los compradores internacionales. Vamos proyectando y vemos muy positivo el camino a mediano plazo\u201d afirma Poblete.<\/p>\n<\/div><\/section><\/div><div  style='height:50px' class='hr hr-invisible   avia-builder-el-6  el_after_av_one_full  el_before_av_social_share '><span class='hr-inner ' ><span class='hr-inner-style'><\/span><\/span><\/div><\/p>\n<div  class='av-social-sharing-box  avia-builder-el-7  el_after_av_hr  el_before_av_hr  '><div class='av-share-box'><h5 class='av-share-link-description av-no-toc '>Compartir esta noticia<\/h5><ul class='av-share-box-list noLightbox'><li class='av-share-link av-social-link-facebook' ><a target=\"_blank\" aria-label=\"Compartir en Facebook\" href='https:\/\/www.facebook.com\/sharer.php?u=https:\/\/radiorevelacionfm.cl\/?p=39739&#038;t=ProChile%20impulsa%20trabajo%20y%20promoci%C3%B3n%20internacional%20de%20productores%20de%20gin%2C%20cerveza%20y%20vodka%20de%20Ays%C3%A9n' aria-hidden='false' data-av_icon='\ue8f3' data-av_iconfont='entypo-fontello' title='' data-avia-related-tooltip='Compartir en Facebook' rel=\"noopener\"><span class='avia_hidden_link_text'>Compartir en Facebook<\/span><\/a><\/li><li class='av-share-link av-social-link-twitter' ><a target=\"_blank\" aria-label=\"Compartir en Twitter\" href='https:\/\/twitter.com\/share?text=ProChile%20impulsa%20trabajo%20y%20promoci%C3%B3n%20internacional%20de%20productores%20de%20gin%2C%20cerveza%20y%20vodka%20de%20Ays%C3%A9n&#038;url=https:\/\/radiorevelacionfm.cl\/?p=39739' aria-hidden='false' data-av_icon='\ue8f1' data-av_iconfont='entypo-fontello' title='' data-avia-related-tooltip='Compartir en Twitter' rel=\"noopener\"><span class='avia_hidden_link_text'>Compartir en Twitter<\/span><\/a><\/li><li class='av-share-link av-social-link-whatsapp' ><a target=\"_blank\" aria-label=\"Compartir en Whatsapp\" href='https:\/\/api.whatsapp.com\/send?text=https:\/\/radiorevelacionfm.cl\/?p=39739' aria-hidden='false' data-av_icon='\uf232' data-av_iconfont='entypo-fontello' title='' data-avia-related-tooltip='Compartir en Whatsapp' rel=\"noopener\"><span class='avia_hidden_link_text'>Compartir en Whatsapp<\/span><\/a><\/li><li class='av-share-link av-social-link-linkedin' ><a target=\"_blank\" aria-label=\"Compartir en LinkedIn\" href='https:\/\/linkedin.com\/shareArticle?mini=true&#038;title=ProChile%20impulsa%20trabajo%20y%20promoci%C3%B3n%20internacional%20de%20productores%20de%20gin%2C%20cerveza%20y%20vodka%20de%20Ays%C3%A9n&#038;url=https:\/\/radiorevelacionfm.cl\/?p=39739' aria-hidden='false' data-av_icon='\ue8fc' data-av_iconfont='entypo-fontello' title='' data-avia-related-tooltip='Compartir en LinkedIn' rel=\"noopener\"><span class='avia_hidden_link_text'>Compartir en LinkedIn<\/span><\/a><\/li><li class='av-share-link av-social-link-mail' ><a  aria-label=\"Compartir por correo\" href='mailto:?subject=ProChile%20impulsa%20trabajo%20y%20promoci%C3%B3n%20internacional%20de%20productores%20de%20gin%2C%20cerveza%20y%20vodka%20de%20Ays%C3%A9n&#038;body=https:\/\/radiorevelacionfm.cl\/?p=39739' aria-hidden='false' data-av_icon='\ue805' data-av_iconfont='entypo-fontello' title='' data-avia-related-tooltip='Compartir por correo'><span class='avia_hidden_link_text'>Compartir por correo<\/span><\/a><\/li><\/ul><\/div><\/div>\n<div  style='height:50px' class='hr hr-invisible   avia-builder-el-8  el_after_av_social_share  el_before_av_comments_list '><span class='hr-inner ' ><span class='hr-inner-style'><\/span><\/span><\/div>\n<div  class='av-buildercomment  av-blog-meta-html-info-disabled av-blog-meta-tag-disabled  '><\/div>\n","protected":false},"excerpt":{"rendered":"","protected":false},"author":1,"featured_media":39740,"comment_status":"open","ping_status":"open","sticky":false,"template":"","format":"standard","meta":{"footnotes":""},"categories":[38],"tags":[],"class_list":["post-39739","post","type-post","status-publish","format-standard","has-post-thumbnail","hentry","category-regional"],"jetpack_featured_media_url":"https:\/\/radiorevelacionfm.cl\/wp-content\/uploads\/2024\/02\/aysen-alcoholes-1-1.jpg","_links":{"self":[{"href":"https:\/\/radiorevelacionfm.cl\/index.php?rest_route=\/wp\/v2\/posts\/39739","targetHints":{"allow":["GET"]}}],"collection":[{"href":"https:\/\/radiorevelacionfm.cl\/index.php?rest_route=\/wp\/v2\/posts"}],"about":[{"href":"https:\/\/radiorevelacionfm.cl\/index.php?rest_route=\/wp\/v2\/types\/post"}],"author":[{"embeddable":true,"href":"https:\/\/radiorevelacionfm.cl\/index.php?rest_route=\/wp\/v2\/users\/1"}],"replies":[{"embeddable":true,"href":"https:\/\/radiorevelacionfm.cl\/index.php?rest_route=%2Fwp%2Fv2%2Fcomments&post=39739"}],"version-history":[{"count":1,"href":"https:\/\/radiorevelacionfm.cl\/index.php?rest_route=\/wp\/v2\/posts\/39739\/revisions"}],"predecessor-version":[{"id":39741,"href":"https:\/\/radiorevelacionfm.cl\/index.php?rest_route=\/wp\/v2\/posts\/39739\/revisions\/39741"}],"wp:featuredmedia":[{"embeddable":true,"href":"https:\/\/radiorevelacionfm.cl\/index.php?rest_route=\/wp\/v2\/media\/39740"}],"wp:attachment":[{"href":"https:\/\/radiorevelacionfm.cl\/index.php?rest_route=%2Fwp%2Fv2%2Fmedia&parent=39739"}],"wp:term":[{"taxonomy":"category","embeddable":true,"href":"https:\/\/radiorevelacionfm.cl\/index.php?rest_route=%2Fwp%2Fv2%2Fcategories&post=39739"},{"taxonomy":"post_tag","embeddable":true,"href":"https:\/\/radiorevelacionfm.cl\/index.php?rest_route=%2Fwp%2Fv2%2Ftags&post=39739"}],"curies":[{"name":"wp","href":"https:\/\/api.w.org\/{rel}","templated":true}]}}