{"id":39734,"date":"2024-02-21T11:05:20","date_gmt":"2024-02-21T14:05:20","guid":{"rendered":"https:\/\/radiorevelacionfm.cl\/?p=39734"},"modified":"2024-02-21T11:05:20","modified_gmt":"2024-02-21T14:05:20","slug":"aporte-familiar-permanente-mas-de-5200-familias-ayseninas-comenzaron-a-recibir-los-primeros-pagos-del-ex-bono-marzo","status":"publish","type":"post","link":"https:\/\/radiorevelacionfm.cl\/?p=39734","title":{"rendered":"Aporte Familiar Permanente: M\u00e1s de 5200 familias ayseninas comenzaron a recibir los primeros pagos del ex bono marzo"},"content":{"rendered":"<div class=\"flex_column av_one_full  flex_column_div av-zero-column-padding first  avia-builder-el-0  el_before_av_one_full  avia-builder-el-first  \" style='border-radius:0px; '><div  class='avia-image-container  av-styling-    avia-builder-el-1  avia-builder-el-no-sibling  avia-align-center '  itemprop=\"image\" itemscope=\"itemscope\" itemtype=\"https:\/\/schema.org\/ImageObject\"  ><div class='avia-image-container-inner'><div class='avia-image-overlay-wrap'><img decoding=\"async\" class='wp-image-4942 avia-img-lazy-loading-not-4942 avia_image' src=\"https:\/\/radiorevelacionfm.cl\/wp-content\/uploads\/2021\/06\/BILLETES-2.jpg\" alt='' title='BILLETES (2)' height=\"600\" width=\"900\"  itemprop=\"thumbnailUrl\" srcset=\"https:\/\/radiorevelacionfm.cl\/wp-content\/uploads\/2021\/06\/BILLETES-2.jpg 900w, https:\/\/radiorevelacionfm.cl\/wp-content\/uploads\/2021\/06\/BILLETES-2-300x200.jpg 300w, https:\/\/radiorevelacionfm.cl\/wp-content\/uploads\/2021\/06\/BILLETES-2-768x512.jpg 768w, https:\/\/radiorevelacionfm.cl\/wp-content\/uploads\/2021\/06\/BILLETES-2-705x470.jpg 705w, https:\/\/radiorevelacionfm.cl\/wp-content\/uploads\/2021\/06\/BILLETES-2-600x400.jpg 600w\" sizes=\"(max-width: 900px) 100vw, 900px\" \/><\/div><\/div><\/div><\/div><div class=\"flex_column av_one_full  flex_column_div av-zero-column-padding first  avia-builder-el-2  el_after_av_one_full  el_before_av_one_full  column-top-margin\" style='border-radius:0px; '><section class=\"av_textblock_section \"  itemscope=\"itemscope\" itemtype=\"https:\/\/schema.org\/BlogPosting\" itemprop=\"blogPost\" ><div class='avia_textblock  '   itemprop=\"text\" ><p style=\"text-align: center;\"><strong><span style=\"font-size: 18pt;\">Aporte Familiar Permanente: M\u00e1s de 5200 familias ayseninas comenzaron a recibir los primeros pagos del ex bono marzo<\/span><\/strong><\/p>\n<div id=\"gtx-trans\" style=\"position: absolute; left: -50px; top: 4.31534px;\">\n<div class=\"gtx-trans-icon\"><\/div>\n<\/div>\n<\/div><\/section><\/div><div class=\"flex_column av_one_full  flex_column_div av-zero-column-padding first  avia-builder-el-4  el_after_av_one_full  el_before_av_hr  column-top-margin\" style='border-radius:0px; '><section class=\"av_textblock_section \"  itemscope=\"itemscope\" itemtype=\"https:\/\/schema.org\/BlogPosting\" itemprop=\"blogPost\" ><div class='avia_textblock  '   itemprop=\"text\" ><p style=\"text-align: justify;\"><em>Son m\u00e1s de 11 mil 600 los aportes familiares permanentes que se entregar\u00e1n en la regi\u00f3n de Ays\u00e9n, en esta primera n\u00f3mina de personas beneficiarias. Este a\u00f1o, el monto es de $61.793 por carga familiar o familia, seg\u00fan el tipo de beneficiario. <\/em><\/p>\n<p style=\"text-align: justify;\"><em>El pago es autom\u00e1tico y no se debe hacer ning\u00fan tr\u00e1mite. Las personas pueden consultar en www.aportefamiliar.cl.<\/em><\/p>\n<p style=\"text-align: justify;\">Este jueves 15 de febrero se inici\u00f3 el pago del Aporte Familiar Permanente 2024, tambi\u00e9n conocido como \u201cBono Marzo\u201d, al primer grupo de beneficiarios y beneficiarias de este tradicional aporte estatal.<\/p>\n<p style=\"text-align: justify;\">Estas primeras familias corresponden a personas que durante la segunda mitad de cada mes cobran Subsidio \u00danico Familiar o que pertenecen a los programas Chile Solidario o al Subsistema de Seguridades y Oportunidades (Ingreso \u00c9tico Familiar), siempre que hayan tenido esos beneficios vigentes a diciembre del 2023. Los dem\u00e1s grupos de personas beneficiarias podr\u00e1n consultar desde el 1 de marzo y 15 de marzo, respectivamente.<\/p>\n<p style=\"text-align: justify;\">Para este a\u00f1o 2024, el monto del Aporte Familiar Permanente es de <strong>$61.793<\/strong> por carga familiar o familia, seg\u00fan el tipo de beneficiario. As\u00ed, por ejemplo, una familia en donde la madre (causante de Subsidio Familiar) est\u00e1 al cuidado de sus cuatro hijos y recibe el Subsidio Familiar por cada uno de ellos, tendr\u00e1 derecho a cinco aportes familiares (uno por cada beneficiario del Subsidio Familiar) y recibir\u00e1 un monto total de $308.965.<\/p>\n<p style=\"text-align: justify;\">M\u00e1s del <strong>90 %<\/strong> de las personas de esta primera n\u00f3mina de beneficiarios recibir\u00e1n su Aporte Familiar Permanente directamente en su CuentaRUT u otra cuenta bancaria registrada. Los dem\u00e1s beneficiarios podr\u00e1n cobrar su dinero de forma presencial en Caja Los H\u00e9roes o BancoEstado. El derecho al bono, as\u00ed como el lugar y fecha de pago, se puede consultar en <strong>www.aportefamiliar.cl<\/strong>. No se requiere tr\u00e1mite de solicitud, dado que el Estado determina a las personas beneficiarias a partir de la informaci\u00f3n disponible en las instituciones que intervienen en este beneficio.<\/p>\n<p style=\"text-align: justify;\"><em>\u201c<\/em><em>Estimamos que en esta primera n\u00f3mina de beneficiarios se entregar\u00e1n m\u00e1s de 11 mil 607 aportes familiares permanentes, los que llegar\u00e1n a m\u00e1s de 5 mil 218 familias que comenzar\u00e1n a recibir el beneficio a partir del 15 de febrero. Esto, significar\u00e1 un esfuerzo fiscal por parte del Estado m\u00e1s de 717 millones de pesos para llegar con esta ayuda econ\u00f3mica a las familias de menores ingresos de nuestra regi\u00f3n,<\/em><em> quienes requieren apoyo en una de las \u00e9pocas m\u00e1s complejas del a\u00f1o, por los gastos que conlleva, como es el inicio del a\u00f1o escolar<\/em><em>\u201d, <\/em>explic\u00f3 el seremi del Trabajo y Previsi\u00f3n Social de Ays\u00e9n, Rodrigo D\u00edaz Cordaro<\/p>\n<p style=\"text-align: justify;\">A nivel nacional, el Gobierno destinar\u00e1 m\u00e1s de 188 mil millones de pesos en total para materializar la entrega de este aporte econ\u00f3mico a las familias que cumplen los requisitos para recibirlo.<\/p>\n<p style=\"text-align: justify;\"><em>\u201cHacemos un llamado a las personas a informarse en www.aportefamiliar.cl y en el caso de que no aparezcan en este grupo de beneficiarios, esperar la publicaci\u00f3n de las pr\u00f3ximas dos n\u00f3minas que se dar\u00e1n a conocer el 1 y 15 de marzo, respectivamente. En esta \u00faltima, se incluyen las personas que reciben Asignaci\u00f3n Familiar o Maternal por sus cargas acreditadas a diciembre pasado\u201d, <\/em>precis\u00f3 la jefa de la sucursal IPS ChileAtiende Puerto Ays\u00e9n, Katerina Astudillo Ram\u00edrez.<\/p>\n<p style=\"text-align: justify;\"><strong>Atenci\u00f3n con los pr\u00f3ximos pagos<\/strong><\/p>\n<p style=\"text-align: justify;\">Adem\u00e1s de este grupo que parte cobrando su Aporte Familiar el 15 de febrero, las pr\u00f3ximas personas que recibir\u00e1n el beneficio podr\u00e1n consultar en <strong>www.aportefamiliar.cl<\/strong> y <strong>www.chileatiende.cl<\/strong> en estas fechas:<\/p>\n<ul style=\"text-align: justify;\">\n<li><strong>Desde el 1 de marzo:<\/strong> personas con Subsidio Familiar, Chile Solidario o del Subsistema de Seguridades y Oportunidades (Ingreso \u00c9tico Familiar), que reciben sus pagos durante la primera mitad de cada mes, adem\u00e1s de pensionados del IPS con cargas familiares registradas a diciembre de 2023.<\/li>\n<li><strong>Desde el 15 de marzo<\/strong>: personas que reciben Asignaci\u00f3n Familiar o Maternal por sus cargas familiares, ya sean trabajadores de empresas privadas o p\u00fablicas, adem\u00e1s de pensionados de entidades distintas al IPS, con cargas familiares registradas a diciembre de 2023.<\/li>\n<\/ul>\n<p style=\"text-align: justify;\">Hay un plazo de <strong>nueve meses para cobrar<\/strong> el Aporte Familiar, desde la fecha de emisi\u00f3n del documento de pago.<\/p>\n<p style=\"text-align: justify;\">Para m\u00e1s informaci\u00f3n y consultas, est\u00e1n disponibles los sitios <strong>www.aportefamiliar.cl<\/strong>, <strong>www.chileatiende.cl<\/strong>, las redes sociales <strong>@ChileAtiende<\/strong> en Facebook, X (ex Twitter) e Instagram y el <strong>Call Center 101<\/strong>.<\/p>\n<\/div><\/section><\/div><div  style='height:50px' class='hr hr-invisible   avia-builder-el-6  el_after_av_one_full  el_before_av_social_share '><span class='hr-inner ' ><span class='hr-inner-style'><\/span><\/span><\/div><\/p>\n<div  class='av-social-sharing-box  avia-builder-el-7  el_after_av_hr  el_before_av_hr  '><div class='av-share-box'><h5 class='av-share-link-description av-no-toc '>Compartir esta noticia<\/h5><ul class='av-share-box-list noLightbox'><li class='av-share-link av-social-link-facebook' ><a target=\"_blank\" aria-label=\"Compartir en Facebook\" href='https:\/\/www.facebook.com\/sharer.php?u=https:\/\/radiorevelacionfm.cl\/?p=39734&#038;t=Aporte%20Familiar%20Permanente%3A%20M%C3%A1s%20de%205200%20familias%20ayseninas%20comenzaron%20a%20recibir%20los%20primeros%20pagos%20del%20ex%20bono%20marzo' aria-hidden='false' data-av_icon='\ue8f3' data-av_iconfont='entypo-fontello' title='' data-avia-related-tooltip='Compartir en Facebook' rel=\"noopener\"><span class='avia_hidden_link_text'>Compartir en Facebook<\/span><\/a><\/li><li class='av-share-link av-social-link-twitter' ><a target=\"_blank\" aria-label=\"Compartir en Twitter\" href='https:\/\/twitter.com\/share?text=Aporte%20Familiar%20Permanente%3A%20M%C3%A1s%20de%205200%20familias%20ayseninas%20comenzaron%20a%20recibir%20los%20primeros%20pagos%20del%20ex%20bono%20marzo&#038;url=https:\/\/radiorevelacionfm.cl\/?p=39734' aria-hidden='false' data-av_icon='\ue8f1' data-av_iconfont='entypo-fontello' title='' data-avia-related-tooltip='Compartir en Twitter' rel=\"noopener\"><span class='avia_hidden_link_text'>Compartir en Twitter<\/span><\/a><\/li><li class='av-share-link av-social-link-whatsapp' ><a target=\"_blank\" aria-label=\"Compartir en Whatsapp\" href='https:\/\/api.whatsapp.com\/send?text=https:\/\/radiorevelacionfm.cl\/?p=39734' aria-hidden='false' data-av_icon='\uf232' data-av_iconfont='entypo-fontello' title='' data-avia-related-tooltip='Compartir en Whatsapp' rel=\"noopener\"><span class='avia_hidden_link_text'>Compartir en Whatsapp<\/span><\/a><\/li><li class='av-share-link av-social-link-linkedin' ><a target=\"_blank\" aria-label=\"Compartir en LinkedIn\" href='https:\/\/linkedin.com\/shareArticle?mini=true&#038;title=Aporte%20Familiar%20Permanente%3A%20M%C3%A1s%20de%205200%20familias%20ayseninas%20comenzaron%20a%20recibir%20los%20primeros%20pagos%20del%20ex%20bono%20marzo&#038;url=https:\/\/radiorevelacionfm.cl\/?p=39734' aria-hidden='false' data-av_icon='\ue8fc' data-av_iconfont='entypo-fontello' title='' data-avia-related-tooltip='Compartir en LinkedIn' rel=\"noopener\"><span class='avia_hidden_link_text'>Compartir en LinkedIn<\/span><\/a><\/li><li class='av-share-link av-social-link-mail' ><a  aria-label=\"Compartir por correo\" href='mailto:?subject=Aporte%20Familiar%20Permanente%3A%20M%C3%A1s%20de%205200%20familias%20ayseninas%20comenzaron%20a%20recibir%20los%20primeros%20pagos%20del%20ex%20bono%20marzo&#038;body=https:\/\/radiorevelacionfm.cl\/?p=39734' aria-hidden='false' data-av_icon='\ue805' data-av_iconfont='entypo-fontello' title='' data-avia-related-tooltip='Compartir por correo'><span class='avia_hidden_link_text'>Compartir por correo<\/span><\/a><\/li><\/ul><\/div><\/div>\n<div  style='height:50px' class='hr hr-invisible   avia-builder-el-8  el_after_av_social_share  el_before_av_comments_list '><span class='hr-inner ' ><span class='hr-inner-style'><\/span><\/span><\/div>\n<div  class='av-buildercomment  av-blog-meta-html-info-disabled av-blog-meta-tag-disabled  '><\/div>\n","protected":false},"excerpt":{"rendered":"","protected":false},"author":1,"featured_media":4942,"comment_status":"open","ping_status":"open","sticky":false,"template":"","format":"standard","meta":{"footnotes":""},"categories":[38],"tags":[],"class_list":["post-39734","post","type-post","status-publish","format-standard","has-post-thumbnail","hentry","category-regional"],"jetpack_featured_media_url":"https:\/\/radiorevelacionfm.cl\/wp-content\/uploads\/2021\/06\/BILLETES-2.jpg","_links":{"self":[{"href":"https:\/\/radiorevelacionfm.cl\/index.php?rest_route=\/wp\/v2\/posts\/39734","targetHints":{"allow":["GET"]}}],"collection":[{"href":"https:\/\/radiorevelacionfm.cl\/index.php?rest_route=\/wp\/v2\/posts"}],"about":[{"href":"https:\/\/radiorevelacionfm.cl\/index.php?rest_route=\/wp\/v2\/types\/post"}],"author":[{"embeddable":true,"href":"https:\/\/radiorevelacionfm.cl\/index.php?rest_route=\/wp\/v2\/users\/1"}],"replies":[{"embeddable":true,"href":"https:\/\/radiorevelacionfm.cl\/index.php?rest_route=%2Fwp%2Fv2%2Fcomments&post=39734"}],"version-history":[{"count":1,"href":"https:\/\/radiorevelacionfm.cl\/index.php?rest_route=\/wp\/v2\/posts\/39734\/revisions"}],"predecessor-version":[{"id":39735,"href":"https:\/\/radiorevelacionfm.cl\/index.php?rest_route=\/wp\/v2\/posts\/39734\/revisions\/39735"}],"wp:featuredmedia":[{"embeddable":true,"href":"https:\/\/radiorevelacionfm.cl\/index.php?rest_route=\/wp\/v2\/media\/4942"}],"wp:attachment":[{"href":"https:\/\/radiorevelacionfm.cl\/index.php?rest_route=%2Fwp%2Fv2%2Fmedia&parent=39734"}],"wp:term":[{"taxonomy":"category","embeddable":true,"href":"https:\/\/radiorevelacionfm.cl\/index.php?rest_route=%2Fwp%2Fv2%2Fcategories&post=39734"},{"taxonomy":"post_tag","embeddable":true,"href":"https:\/\/radiorevelacionfm.cl\/index.php?rest_route=%2Fwp%2Fv2%2Ftags&post=39734"}],"curies":[{"name":"wp","href":"https:\/\/api.w.org\/{rel}","templated":true}]}}