{"id":39728,"date":"2024-02-20T16:41:34","date_gmt":"2024-02-20T19:41:34","guid":{"rendered":"https:\/\/radiorevelacionfm.cl\/?p=39728"},"modified":"2024-02-20T16:41:34","modified_gmt":"2024-02-20T19:41:34","slug":"bahia-acantilada-arrasa-como-lugar-de-veraneo-en-aysen","status":"publish","type":"post","link":"https:\/\/radiorevelacionfm.cl\/?p=39728","title":{"rendered":"Bah\u00eda Acantilada arrasa como lugar de veraneo en Ays\u00e9n"},"content":{"rendered":"<div class=\"flex_column av_one_full  flex_column_div av-zero-column-padding first  avia-builder-el-0  el_before_av_one_full  avia-builder-el-first  \" style='border-radius:0px; '><div  class='avia-image-container  av-styling-    avia-builder-el-1  avia-builder-el-no-sibling  avia-align-center '  itemprop=\"image\" itemscope=\"itemscope\" itemtype=\"https:\/\/schema.org\/ImageObject\"  ><div class='avia-image-container-inner'><div class='avia-image-overlay-wrap'><img decoding=\"async\" class='wp-image-39729 avia-img-lazy-loading-not-39729 avia_image' src=\"https:\/\/radiorevelacionfm.cl\/wp-content\/uploads\/2024\/02\/Bahia-Acantilada-2024-02-20-a-las-14.55.08_da205688-1-1.jpg\" alt='' title='Bahia Acantilada 2024-02-20 a las 14.55.08_da205688 (1) (1)' height=\"600\" width=\"800\"  itemprop=\"thumbnailUrl\" srcset=\"https:\/\/radiorevelacionfm.cl\/wp-content\/uploads\/2024\/02\/Bahia-Acantilada-2024-02-20-a-las-14.55.08_da205688-1-1.jpg 800w, https:\/\/radiorevelacionfm.cl\/wp-content\/uploads\/2024\/02\/Bahia-Acantilada-2024-02-20-a-las-14.55.08_da205688-1-1-300x225.jpg 300w, https:\/\/radiorevelacionfm.cl\/wp-content\/uploads\/2024\/02\/Bahia-Acantilada-2024-02-20-a-las-14.55.08_da205688-1-1-768x576.jpg 768w, https:\/\/radiorevelacionfm.cl\/wp-content\/uploads\/2024\/02\/Bahia-Acantilada-2024-02-20-a-las-14.55.08_da205688-1-1-705x529.jpg 705w, https:\/\/radiorevelacionfm.cl\/wp-content\/uploads\/2024\/02\/Bahia-Acantilada-2024-02-20-a-las-14.55.08_da205688-1-1-450x338.jpg 450w, https:\/\/radiorevelacionfm.cl\/wp-content\/uploads\/2024\/02\/Bahia-Acantilada-2024-02-20-a-las-14.55.08_da205688-1-1-600x450.jpg 600w\" sizes=\"(max-width: 800px) 100vw, 800px\" \/><\/div><\/div><\/div><\/div><div class=\"flex_column av_one_full  flex_column_div av-zero-column-padding first  avia-builder-el-2  el_after_av_one_full  el_before_av_one_full  column-top-margin\" style='border-radius:0px; '><section class=\"av_textblock_section \"  itemscope=\"itemscope\" itemtype=\"https:\/\/schema.org\/BlogPosting\" itemprop=\"blogPost\" ><div class='avia_textblock  '   itemprop=\"text\" ><p style=\"text-align: center;\"><strong><span style=\"font-size: 18pt;\">Bah\u00eda Acantilada arrasa como lugar de veraneo en Ays\u00e9n<\/span><\/strong><\/p>\n<div id=\"gtx-trans\" style=\"position: absolute; left: -50px; top: 4.31534px;\">\n<div class=\"gtx-trans-icon\"><\/div>\n<\/div>\n<\/div><\/section><\/div><div class=\"flex_column av_one_full  flex_column_div av-zero-column-padding first  avia-builder-el-4  el_after_av_one_full  el_before_av_hr  column-top-margin\" style='border-radius:0px; '><section class=\"av_textblock_section \"  itemscope=\"itemscope\" itemtype=\"https:\/\/schema.org\/BlogPosting\" itemprop=\"blogPost\" ><div class='avia_textblock  '   itemprop=\"text\" ><p style=\"text-align: justify;\"><em>Pasados los primeros dos tercios de la temporada de verano, el balneario aysenino es uno de los lugares m\u00e1s concurridos por los turistas en la regi\u00f3n.<\/em><\/p>\n<p style=\"text-align: justify;\">Ya son m\u00e1s de 20.000 personas las que han disfrutado de la playa y las instalaciones de Bah\u00eda Acantilada y se esperan pr\u00f3ximamente 10.000 m\u00e1s en el \u00faltimo tercio de la temporada estival, completando un total de 30.000 para el fin del verano seg\u00fan las estimaciones del encargado del centro tur\u00edstico Juan Carlos C\u00e1rdenas.<\/p>\n<p style=\"text-align: justify;\">\u201cEs un recinto altamente seguro, sus condiciones lo permiten. Tenemos la categor\u00eda de playa habilitada por la capitan\u00eda de puerto, contamos con las medidas de seguridad y el personal necesario para atender la calma, tranquilidad y el disfrute de los visitantes de Bah\u00eda Acantilada\u201d, coment\u00f3 el encargado.<\/p>\n<p style=\"text-align: justify;\">Seg\u00fan los visitantes, Bah\u00eda Acantilada es un excelente lugar para tomar sol y disfrutar del agua, adem\u00e1s que est\u00e1 limpio y sin peligros para los ni\u00f1os; igualmente se disfruta de la tranquilidad, nadie perturba con m\u00fasica estruendosa y los paisajes son maravillosos.<\/p>\n<p style=\"text-align: justify;\">Bah\u00eda Acantilada tiene atenci\u00f3n al p\u00fablico desde las 9:00 hasta las 21:00 horas, los siete d\u00edas de la semana durante todo el a\u00f1o, mientras que el ingreso de veh\u00edculos y la utilizaci\u00f3n de las instalaciones no tiene costo para los visitantes del balneario aysenino.<\/p>\n<p style=\"text-align: justify;\">Igualmente el encargado hace el recordatorio que, \u201cnunca est\u00e1 de m\u00e1s el autocuidado, es muy importante, m\u00e1s all\u00e1 de que est\u00e9 en condiciones para un disfrute con seguridad, es bueno reiterar a los visitantes que tengan cuidado. Esto para mantener lo que queremos todos, que un verano es 100% seguro y con tranquilidad; con el disfrute que nos permite este encuentro con el fiordo Ays\u00e9n\u201d.<\/p>\n<\/div><\/section><\/div><div  style='height:50px' class='hr hr-invisible   avia-builder-el-6  el_after_av_one_full  el_before_av_social_share '><span class='hr-inner ' ><span class='hr-inner-style'><\/span><\/span><\/div><\/p>\n<div  class='av-social-sharing-box  avia-builder-el-7  el_after_av_hr  el_before_av_hr  '><div class='av-share-box'><h5 class='av-share-link-description av-no-toc '>Compartir esta noticia<\/h5><ul class='av-share-box-list noLightbox'><li class='av-share-link av-social-link-facebook' ><a target=\"_blank\" aria-label=\"Compartir en Facebook\" href='https:\/\/www.facebook.com\/sharer.php?u=https:\/\/radiorevelacionfm.cl\/?p=39728&#038;t=Bah%C3%ADa%20Acantilada%20arrasa%20como%20lugar%20de%20veraneo%20en%20Ays%C3%A9n' aria-hidden='false' data-av_icon='\ue8f3' data-av_iconfont='entypo-fontello' title='' data-avia-related-tooltip='Compartir en Facebook' rel=\"noopener\"><span class='avia_hidden_link_text'>Compartir en Facebook<\/span><\/a><\/li><li class='av-share-link av-social-link-twitter' ><a target=\"_blank\" aria-label=\"Compartir en Twitter\" href='https:\/\/twitter.com\/share?text=Bah%C3%ADa%20Acantilada%20arrasa%20como%20lugar%20de%20veraneo%20en%20Ays%C3%A9n&#038;url=https:\/\/radiorevelacionfm.cl\/?p=39728' aria-hidden='false' data-av_icon='\ue8f1' data-av_iconfont='entypo-fontello' title='' data-avia-related-tooltip='Compartir en Twitter' rel=\"noopener\"><span class='avia_hidden_link_text'>Compartir en Twitter<\/span><\/a><\/li><li class='av-share-link av-social-link-whatsapp' ><a target=\"_blank\" aria-label=\"Compartir en Whatsapp\" href='https:\/\/api.whatsapp.com\/send?text=https:\/\/radiorevelacionfm.cl\/?p=39728' aria-hidden='false' data-av_icon='\uf232' data-av_iconfont='entypo-fontello' title='' data-avia-related-tooltip='Compartir en Whatsapp' rel=\"noopener\"><span class='avia_hidden_link_text'>Compartir en Whatsapp<\/span><\/a><\/li><li class='av-share-link av-social-link-linkedin' ><a target=\"_blank\" aria-label=\"Compartir en LinkedIn\" href='https:\/\/linkedin.com\/shareArticle?mini=true&#038;title=Bah%C3%ADa%20Acantilada%20arrasa%20como%20lugar%20de%20veraneo%20en%20Ays%C3%A9n&#038;url=https:\/\/radiorevelacionfm.cl\/?p=39728' aria-hidden='false' data-av_icon='\ue8fc' data-av_iconfont='entypo-fontello' title='' data-avia-related-tooltip='Compartir en LinkedIn' rel=\"noopener\"><span class='avia_hidden_link_text'>Compartir en LinkedIn<\/span><\/a><\/li><li class='av-share-link av-social-link-mail' ><a  aria-label=\"Compartir por correo\" href='mailto:?subject=Bah%C3%ADa%20Acantilada%20arrasa%20como%20lugar%20de%20veraneo%20en%20Ays%C3%A9n&#038;body=https:\/\/radiorevelacionfm.cl\/?p=39728' aria-hidden='false' data-av_icon='\ue805' data-av_iconfont='entypo-fontello' title='' data-avia-related-tooltip='Compartir por correo'><span class='avia_hidden_link_text'>Compartir por correo<\/span><\/a><\/li><\/ul><\/div><\/div>\n<div  style='height:50px' class='hr hr-invisible   avia-builder-el-8  el_after_av_social_share  el_before_av_comments_list '><span class='hr-inner ' ><span class='hr-inner-style'><\/span><\/span><\/div>\n<div  class='av-buildercomment  av-blog-meta-html-info-disabled av-blog-meta-tag-disabled  '><\/div>\n","protected":false},"excerpt":{"rendered":"","protected":false},"author":1,"featured_media":39729,"comment_status":"open","ping_status":"open","sticky":false,"template":"","format":"standard","meta":{"footnotes":""},"categories":[38],"tags":[],"class_list":["post-39728","post","type-post","status-publish","format-standard","has-post-thumbnail","hentry","category-regional"],"jetpack_featured_media_url":"https:\/\/radiorevelacionfm.cl\/wp-content\/uploads\/2024\/02\/Bahia-Acantilada-2024-02-20-a-las-14.55.08_da205688-1-1.jpg","_links":{"self":[{"href":"https:\/\/radiorevelacionfm.cl\/index.php?rest_route=\/wp\/v2\/posts\/39728","targetHints":{"allow":["GET"]}}],"collection":[{"href":"https:\/\/radiorevelacionfm.cl\/index.php?rest_route=\/wp\/v2\/posts"}],"about":[{"href":"https:\/\/radiorevelacionfm.cl\/index.php?rest_route=\/wp\/v2\/types\/post"}],"author":[{"embeddable":true,"href":"https:\/\/radiorevelacionfm.cl\/index.php?rest_route=\/wp\/v2\/users\/1"}],"replies":[{"embeddable":true,"href":"https:\/\/radiorevelacionfm.cl\/index.php?rest_route=%2Fwp%2Fv2%2Fcomments&post=39728"}],"version-history":[{"count":1,"href":"https:\/\/radiorevelacionfm.cl\/index.php?rest_route=\/wp\/v2\/posts\/39728\/revisions"}],"predecessor-version":[{"id":39730,"href":"https:\/\/radiorevelacionfm.cl\/index.php?rest_route=\/wp\/v2\/posts\/39728\/revisions\/39730"}],"wp:featuredmedia":[{"embeddable":true,"href":"https:\/\/radiorevelacionfm.cl\/index.php?rest_route=\/wp\/v2\/media\/39729"}],"wp:attachment":[{"href":"https:\/\/radiorevelacionfm.cl\/index.php?rest_route=%2Fwp%2Fv2%2Fmedia&parent=39728"}],"wp:term":[{"taxonomy":"category","embeddable":true,"href":"https:\/\/radiorevelacionfm.cl\/index.php?rest_route=%2Fwp%2Fv2%2Fcategories&post=39728"},{"taxonomy":"post_tag","embeddable":true,"href":"https:\/\/radiorevelacionfm.cl\/index.php?rest_route=%2Fwp%2Fv2%2Ftags&post=39728"}],"curies":[{"name":"wp","href":"https:\/\/api.w.org\/{rel}","templated":true}]}}