{"id":39725,"date":"2024-02-20T18:09:40","date_gmt":"2024-02-20T21:09:40","guid":{"rendered":"https:\/\/radiorevelacionfm.cl\/?p=39725"},"modified":"2024-02-20T18:09:40","modified_gmt":"2024-02-20T21:09:40","slug":"positiva-valoracion-de-la-comunidad-regional-marco-la-participacion-de-empresas-bahamonde-en-expoganadera-2024","status":"publish","type":"post","link":"https:\/\/radiorevelacionfm.cl\/?p=39725","title":{"rendered":"Positiva valoraci\u00f3n de la comunidad regional marc\u00f3 la participaci\u00f3n de Empresas Bahamonde en ExpoGanadera 2024"},"content":{"rendered":"<div class=\"flex_column av_one_full  flex_column_div av-zero-column-padding first  avia-builder-el-0  el_before_av_one_full  avia-builder-el-first  \" style='border-radius:0px; '><div  class='avia-image-container  av-styling-    avia-builder-el-1  avia-builder-el-no-sibling  avia-align-center '  itemprop=\"image\" itemscope=\"itemscope\" itemtype=\"https:\/\/schema.org\/ImageObject\"  ><div class='avia-image-container-inner'><div class='avia-image-overlay-wrap'><img decoding=\"async\" class='wp-image-39726 avia-img-lazy-loading-not-39726 avia_image' src=\"https:\/\/radiorevelacionfm.cl\/wp-content\/uploads\/2024\/02\/expogan02-1_optimized.jpg\" alt='' title='expogan02-(1)_optimized' height=\"600\" width=\"839\"  itemprop=\"thumbnailUrl\" srcset=\"https:\/\/radiorevelacionfm.cl\/wp-content\/uploads\/2024\/02\/expogan02-1_optimized.jpg 839w, https:\/\/radiorevelacionfm.cl\/wp-content\/uploads\/2024\/02\/expogan02-1_optimized-300x215.jpg 300w, https:\/\/radiorevelacionfm.cl\/wp-content\/uploads\/2024\/02\/expogan02-1_optimized-768x549.jpg 768w, https:\/\/radiorevelacionfm.cl\/wp-content\/uploads\/2024\/02\/expogan02-1_optimized-260x185.jpg 260w, https:\/\/radiorevelacionfm.cl\/wp-content\/uploads\/2024\/02\/expogan02-1_optimized-705x504.jpg 705w, https:\/\/radiorevelacionfm.cl\/wp-content\/uploads\/2024\/02\/expogan02-1_optimized-450x322.jpg 450w, https:\/\/radiorevelacionfm.cl\/wp-content\/uploads\/2024\/02\/expogan02-1_optimized-600x429.jpg 600w\" sizes=\"(max-width: 839px) 100vw, 839px\" \/><\/div><\/div><\/div><\/div><div class=\"flex_column av_one_full  flex_column_div av-zero-column-padding first  avia-builder-el-2  el_after_av_one_full  el_before_av_one_full  column-top-margin\" style='border-radius:0px; '><section class=\"av_textblock_section \"  itemscope=\"itemscope\" itemtype=\"https:\/\/schema.org\/BlogPosting\" itemprop=\"blogPost\" ><div class='avia_textblock  '   itemprop=\"text\" ><p style=\"text-align: center;\"><span style=\"font-size: 18pt;\"><strong>Positiva valoraci\u00f3n de la comunidad regional marc\u00f3 la participaci\u00f3n de Empresas Bahamonde en ExpoGanadera 2024<\/strong><\/span><\/p>\n<div id=\"gtx-trans\" style=\"position: absolute; left: -50px; top: 4.31534px;\">\n<div class=\"gtx-trans-icon\"><\/div>\n<\/div>\n<\/div><\/section><\/div><div class=\"flex_column av_one_full  flex_column_div av-zero-column-padding first  avia-builder-el-4  el_after_av_one_full  el_before_av_hr  column-top-margin\" style='border-radius:0px; '><section class=\"av_textblock_section \"  itemscope=\"itemscope\" itemtype=\"https:\/\/schema.org\/BlogPosting\" itemprop=\"blogPost\" ><div class='avia_textblock  '   itemprop=\"text\" ><p style=\"text-align: justify;\"><em>En la instancia que agrup\u00f3 a distintas iniciativas locales predominaron las reacciones positivas a las acciones de futuro que lleva adelante la ic\u00f3nica empresa aysenina. <\/em><\/p>\n<p style=\"text-align: justify;\">Con una variada cartera de informaciones Empresas Bahamonde particip\u00f3 de la ExpoGanadera 2024 efectuada en Coyhaique desde el 16 al 18 de febrero. En la oportunidad, la empresa regional explic\u00f3 los procesos asociados a su Relleno Sanitario y con ello, el subproducto resultante del trabajo que posee en el vermicompostaje a gran escala que realiza con lombrices californianas. Fue as\u00ed como el \u201cHumus\u201d, el fertilizante natural obtenido del proceso fue ampliamente valorado por los asistentes y emprendedores por el beneficio que reviste al medio ambiente y el aporte que constituye al mundo agr\u00edcola.<\/p>\n<p style=\"text-align: justify;\">Al respecto, B\u00e1rbara Weisser Rivera, Ingeniera en Recursos Naturales Renovables agradeci\u00f3 la invitaci\u00f3n efectuada por los organizadores para participar de la instancia m\u00e1s importante del mundo agr\u00edcola en la zona. As\u00ed como tambi\u00e9n, indic\u00f3 que \u201cregalamos plantas y Humus, de igual forma, n\u00facleos de lombrices para que puedan replicar estos procesos en sus casas. Con ello, la encargada de Vinculaci\u00f3n con el Medio de Empresas Bahamonde puntualiz\u00f3 en la labor expositiva que tuvo la participaci\u00f3n de la empresa para dar a conocer el trabajo que llevan y su incursi\u00f3n en nuevas \u00e1reas como el Reciclaje.<\/p>\n<p style=\"text-align: justify;\">Por su parte, la emprendedora regional, P\u00eda Rogel, destac\u00f3 como \u201cmagn\u00edfica\u201d la iniciativa de entregar Humus por parte de la empresa, enfatizando la visi\u00f3n ecol\u00f3gica presente en el proceso de creaci\u00f3n del fertilizante \u201cporque lo hacen a trav\u00e9s del Relleno Sanitario y tienen lombrices, purifican el agua, as\u00ed que es una iniciativa nueva que nos beneficia a todos y nos pareci\u00f3 s\u00faper novedosa. Un gusto haberlos conocido y esperar a que sigan creciendo para que nos apoyen a todos los agricultores de la zona\u201d.<\/p>\n<p style=\"text-align: justify;\">Finalmente, Roberto Pichulaf coment\u00f3 respecto al accionar de la empresa que \u201cpodemos darle un mayor provecho al material org\u00e1nico que se originan desde nuestras casas. Es un trabajo super importante que est\u00e1 realizando la empresa, as\u00ed es que invito a la gente a tratar de formar sus n\u00facleos de lombrices y comenzar a utilizar el proceso del Humus para sus propias siembras o para las plantas, en realidad a todo lo hortofrut\u00edcola que puedan tener\u201d, sentenci\u00f3 el vecino de Coyhaique.<\/p>\n<\/div><\/section><\/div><div  style='height:50px' class='hr hr-invisible   avia-builder-el-6  el_after_av_one_full  el_before_av_social_share '><span class='hr-inner ' ><span class='hr-inner-style'><\/span><\/span><\/div><\/p>\n<div  class='av-social-sharing-box  avia-builder-el-7  el_after_av_hr  el_before_av_hr  '><div class='av-share-box'><h5 class='av-share-link-description av-no-toc '>Compartir esta noticia<\/h5><ul class='av-share-box-list noLightbox'><li class='av-share-link av-social-link-facebook' ><a target=\"_blank\" aria-label=\"Compartir en Facebook\" href='https:\/\/www.facebook.com\/sharer.php?u=https:\/\/radiorevelacionfm.cl\/?p=39725&#038;t=Positiva%20valoraci%C3%B3n%20de%20la%20comunidad%20regional%20marc%C3%B3%20la%20participaci%C3%B3n%20de%20Empresas%20Bahamonde%20en%20ExpoGanadera%202024' aria-hidden='false' data-av_icon='\ue8f3' data-av_iconfont='entypo-fontello' title='' data-avia-related-tooltip='Compartir en Facebook' rel=\"noopener\"><span class='avia_hidden_link_text'>Compartir en Facebook<\/span><\/a><\/li><li class='av-share-link av-social-link-twitter' ><a target=\"_blank\" aria-label=\"Compartir en Twitter\" href='https:\/\/twitter.com\/share?text=Positiva%20valoraci%C3%B3n%20de%20la%20comunidad%20regional%20marc%C3%B3%20la%20participaci%C3%B3n%20de%20Empresas%20Bahamonde%20en%20ExpoGanadera%202024&#038;url=https:\/\/radiorevelacionfm.cl\/?p=39725' aria-hidden='false' data-av_icon='\ue8f1' data-av_iconfont='entypo-fontello' title='' data-avia-related-tooltip='Compartir en Twitter' rel=\"noopener\"><span class='avia_hidden_link_text'>Compartir en Twitter<\/span><\/a><\/li><li class='av-share-link av-social-link-whatsapp' ><a target=\"_blank\" aria-label=\"Compartir en Whatsapp\" href='https:\/\/api.whatsapp.com\/send?text=https:\/\/radiorevelacionfm.cl\/?p=39725' aria-hidden='false' data-av_icon='\uf232' data-av_iconfont='entypo-fontello' title='' data-avia-related-tooltip='Compartir en Whatsapp' rel=\"noopener\"><span class='avia_hidden_link_text'>Compartir en Whatsapp<\/span><\/a><\/li><li class='av-share-link av-social-link-linkedin' ><a target=\"_blank\" aria-label=\"Compartir en LinkedIn\" href='https:\/\/linkedin.com\/shareArticle?mini=true&#038;title=Positiva%20valoraci%C3%B3n%20de%20la%20comunidad%20regional%20marc%C3%B3%20la%20participaci%C3%B3n%20de%20Empresas%20Bahamonde%20en%20ExpoGanadera%202024&#038;url=https:\/\/radiorevelacionfm.cl\/?p=39725' aria-hidden='false' data-av_icon='\ue8fc' data-av_iconfont='entypo-fontello' title='' data-avia-related-tooltip='Compartir en LinkedIn' rel=\"noopener\"><span class='avia_hidden_link_text'>Compartir en LinkedIn<\/span><\/a><\/li><li class='av-share-link av-social-link-mail' ><a  aria-label=\"Compartir por correo\" href='mailto:?subject=Positiva%20valoraci%C3%B3n%20de%20la%20comunidad%20regional%20marc%C3%B3%20la%20participaci%C3%B3n%20de%20Empresas%20Bahamonde%20en%20ExpoGanadera%202024&#038;body=https:\/\/radiorevelacionfm.cl\/?p=39725' aria-hidden='false' data-av_icon='\ue805' data-av_iconfont='entypo-fontello' title='' data-avia-related-tooltip='Compartir por correo'><span class='avia_hidden_link_text'>Compartir por correo<\/span><\/a><\/li><\/ul><\/div><\/div>\n<div  style='height:50px' class='hr hr-invisible   avia-builder-el-8  el_after_av_social_share  el_before_av_comments_list '><span class='hr-inner ' ><span class='hr-inner-style'><\/span><\/span><\/div>\n<div  class='av-buildercomment  av-blog-meta-html-info-disabled av-blog-meta-tag-disabled  '><\/div>\n","protected":false},"excerpt":{"rendered":"","protected":false},"author":1,"featured_media":39726,"comment_status":"open","ping_status":"open","sticky":false,"template":"","format":"standard","meta":{"footnotes":""},"categories":[38],"tags":[],"class_list":["post-39725","post","type-post","status-publish","format-standard","has-post-thumbnail","hentry","category-regional"],"jetpack_featured_media_url":"https:\/\/radiorevelacionfm.cl\/wp-content\/uploads\/2024\/02\/expogan02-1_optimized.jpg","_links":{"self":[{"href":"https:\/\/radiorevelacionfm.cl\/index.php?rest_route=\/wp\/v2\/posts\/39725","targetHints":{"allow":["GET"]}}],"collection":[{"href":"https:\/\/radiorevelacionfm.cl\/index.php?rest_route=\/wp\/v2\/posts"}],"about":[{"href":"https:\/\/radiorevelacionfm.cl\/index.php?rest_route=\/wp\/v2\/types\/post"}],"author":[{"embeddable":true,"href":"https:\/\/radiorevelacionfm.cl\/index.php?rest_route=\/wp\/v2\/users\/1"}],"replies":[{"embeddable":true,"href":"https:\/\/radiorevelacionfm.cl\/index.php?rest_route=%2Fwp%2Fv2%2Fcomments&post=39725"}],"version-history":[{"count":1,"href":"https:\/\/radiorevelacionfm.cl\/index.php?rest_route=\/wp\/v2\/posts\/39725\/revisions"}],"predecessor-version":[{"id":39727,"href":"https:\/\/radiorevelacionfm.cl\/index.php?rest_route=\/wp\/v2\/posts\/39725\/revisions\/39727"}],"wp:featuredmedia":[{"embeddable":true,"href":"https:\/\/radiorevelacionfm.cl\/index.php?rest_route=\/wp\/v2\/media\/39726"}],"wp:attachment":[{"href":"https:\/\/radiorevelacionfm.cl\/index.php?rest_route=%2Fwp%2Fv2%2Fmedia&parent=39725"}],"wp:term":[{"taxonomy":"category","embeddable":true,"href":"https:\/\/radiorevelacionfm.cl\/index.php?rest_route=%2Fwp%2Fv2%2Fcategories&post=39725"},{"taxonomy":"post_tag","embeddable":true,"href":"https:\/\/radiorevelacionfm.cl\/index.php?rest_route=%2Fwp%2Fv2%2Ftags&post=39725"}],"curies":[{"name":"wp","href":"https:\/\/api.w.org\/{rel}","templated":true}]}}