{"id":3971,"date":"2021-05-10T18:21:49","date_gmt":"2021-05-10T21:21:49","guid":{"rendered":"https:\/\/radiorevelacionfm.cl\/?p=3971"},"modified":"2021-05-10T18:21:49","modified_gmt":"2021-05-10T21:21:49","slug":"area-extraescolar-de-chile-chico-realizo-trekking-inclusivo-con-ninos-y-ninas-de-bertrand","status":"publish","type":"post","link":"https:\/\/radiorevelacionfm.cl\/?p=3971","title":{"rendered":"\u00c1rea Extraescolar de Chile Chico realiz\u00f3 trekking inclusivo con ni\u00f1os y ni\u00f1as de Bertrand"},"content":{"rendered":"<div class=\"flex_column av_one_full  flex_column_div av-zero-column-padding first  avia-builder-el-0  el_before_av_one_full  avia-builder-el-first  \" style='border-radius:0px; '><div  class='avia-image-container  av-styling-    avia-builder-el-1  avia-builder-el-no-sibling  avia-align-center '  itemprop=\"image\" itemscope=\"itemscope\" itemtype=\"https:\/\/schema.org\/ImageObject\"  ><div class='avia-image-container-inner'><div class='avia-image-overlay-wrap'><img decoding=\"async\" class='wp-image-3972 avia-img-lazy-loading-not-3972 avia_image' src=\"https:\/\/radiorevelacionfm.cl\/wp-content\/uploads\/2021\/05\/TREKKING-INCLUSIVO-BERTRAND-10-1-1.jpg\" alt='' title='TREKKING INCLUSIVO BERTRAND 10 (1) (1)' height=\"600\" width=\"900\"  itemprop=\"thumbnailUrl\" srcset=\"https:\/\/radiorevelacionfm.cl\/wp-content\/uploads\/2021\/05\/TREKKING-INCLUSIVO-BERTRAND-10-1-1.jpg 900w, https:\/\/radiorevelacionfm.cl\/wp-content\/uploads\/2021\/05\/TREKKING-INCLUSIVO-BERTRAND-10-1-1-300x200.jpg 300w, https:\/\/radiorevelacionfm.cl\/wp-content\/uploads\/2021\/05\/TREKKING-INCLUSIVO-BERTRAND-10-1-1-768x512.jpg 768w, https:\/\/radiorevelacionfm.cl\/wp-content\/uploads\/2021\/05\/TREKKING-INCLUSIVO-BERTRAND-10-1-1-705x470.jpg 705w, https:\/\/radiorevelacionfm.cl\/wp-content\/uploads\/2021\/05\/TREKKING-INCLUSIVO-BERTRAND-10-1-1-600x400.jpg 600w\" sizes=\"(max-width: 900px) 100vw, 900px\" \/><\/div><\/div><\/div><\/div><div class=\"flex_column av_one_full  flex_column_div av-zero-column-padding first  avia-builder-el-2  el_after_av_one_full  el_before_av_one_full  column-top-margin\" style='border-radius:0px; '><section class=\"av_textblock_section \"  itemscope=\"itemscope\" itemtype=\"https:\/\/schema.org\/BlogPosting\" itemprop=\"blogPost\" ><div class='avia_textblock  '   itemprop=\"text\" ><p style=\"text-align: center;\"><strong><span style=\"font-size: 18pt;\">\u00c1rea Extraescolar de Chile Chico realiz\u00f3 trekking inclusivo con ni\u00f1os y ni\u00f1as de Bertrand<\/span><\/strong><\/p>\n<div id=\"gtx-trans\" style=\"position: absolute; left: -50px; top: 4.31534px;\">\n<div class=\"gtx-trans-icon\"><\/div>\n<\/div>\n<\/div><\/section><\/div><div class=\"flex_column av_one_full  flex_column_div av-zero-column-padding first  avia-builder-el-4  el_after_av_one_full  el_before_av_hr  column-top-margin\" style='border-radius:0px; '><section class=\"av_textblock_section \"  itemscope=\"itemscope\" itemtype=\"https:\/\/schema.org\/BlogPosting\" itemprop=\"blogPost\" ><div class='avia_textblock  '   itemprop=\"text\" ><p style=\"text-align: justify;\">El Departamento de Educaci\u00f3n Municipal de Chile chico, bajo su proyecto educativo \u00abPuelche\u00bb, creado e implementado en la actual gesti\u00f3n municipal, realiz\u00f3\u00a0 un trekking inclusivo con los estudiantes de la Escuela G-45 de Puerto Bertrand. Esta actividad se desarroll\u00f3 en el sector de la confluencia de los r\u00edos Baker y Neff, donde hubo una participaci\u00f3n de 20 personas entre profesores, monitores y estudiantes.<\/p>\n<p style=\"text-align: justify;\">Uno de los objetivos de esta iniciativa era que la estudiante de s\u00e9ptimo a\u00f1o b\u00e1sico,\u00a0 Eliana Pereda G\u00f3mez, tenga la oportunidad de conocer los distintos rincones del lugar antes indicado, junto a sus compa\u00f1eros de la escuela y donde se pudieron realizar diversas actividades pedag\u00f3gicas. Tal como lo se\u00f1al\u00f3 el coordinador extraescolar del DAEM en la Municipalidad de Chile Chico, Jorge Pillancari.<\/p>\n<p style=\"text-align: justify;\">\u201cLo que se ha implementado en esta gesti\u00f3n es poder realizar una inclusi\u00f3n con todos los estudiantes y todas las personas que tengan alguna discapacidad. Entonces, hicimos un trekking inclusivo, donde la estudiante pudo conocer lo que es la confluencia de los r\u00edos Baker y Neff en todo su esplendor. Esta actividad fue junto a todos los compa\u00f1eros de curso, amigos y estudiantes del colegio, particip\u00f3 la directora, los profesores y apoderados, con una totalidad de 20 personas. De esta forma, la Municipalidad contrat\u00f3 a unos monitores que implementaron una silla especial, para poder llevar a la estudiante a los distintos rincones del rio Baker\u201d.<\/p>\n<p style=\"text-align: justify;\">Para poder llevar a cabo la actividad con los ni\u00f1os y ni\u00f1as de Puerto Bertrand, se cont\u00f3 con el apoyo de los fundadores de la empresa \u00abOtras Huellas\u00bb\u00a0 Fernanda Solar y Laura, adem\u00e1s, Camilo Soto de la empresa local Buena Vista. Tambi\u00e9n estuvo la colaboraci\u00f3n y excelente disposici\u00f3n de nuestra monitora y futbolista Profesional Claudia Soto.<\/p>\n<p style=\"text-align: justify;\">Jorge Pillancari, coment\u00f3 que, esta iniciativa se suma a los talleres deportivos y recreativos desarrollados en las escuelas de Mall\u00edn Grande y Puerto Guadal.<\/p>\n<p style=\"text-align: justify;\">\u201cEn actividades anteriores participaron todos los monitores de basquetbol, escalada y futbol, donde se incluye una deportista de nivel mundial, quien est\u00e1 apoyando todo este tipo de actividades y trabaja en nuestro proyecto educativo. En Mall\u00edn Grande, hicimos la actividad con la totalidad de los estudiantes, con charlas motivacionales de Claudia dirigida a los ni\u00f1os y ni\u00f1as. En Puerto Guadal hicimos la misma actividad durante dos d\u00edas, porque abarcamos la totalidad de los estudiantes de la escuela Libertador Bernardo O`higgins\u201d.<\/p>\n<p style=\"text-align: justify;\">Hace 4 a\u00f1os atr\u00e1s y por disposici\u00f3n del Alcalde Ricardo Ibarra, se crea el \u00e1rea extraescolar del DAEM en la Municipalidad de Chile Chico, \u00a0la que ha buscado descentralizar las actividades educativas y potenciar a las escuelas rurales de nuestra comuna. Buscando adem\u00e1s que los estudiantes aprecien donde viven y cuiden su flora y fauna, que cuiden la Patagonia.<\/p>\n<p style=\"text-align: justify;\">\u201cLa inclusi\u00f3n es muy importante para nosotros, ya que tenemos que brindar las herramientas educativas\u00a0 para que todos los estudiantes puedan tener una educaci\u00f3n de excelencia, sin importar las limitaciones. Para nuestra comuna nada es imposible si trabajamos en conjunto y al tener un gran equipo del \u00e1rea extraescolar, buscaremos todas las opciones para poder aportar al desarrollo de una mejor educaci\u00f3n para nuestros estudiantes\u201d, puntualiz\u00f3 Jorge Pillancari.<\/p>\n<\/div><\/section><\/div><div  style='height:50px' class='hr hr-invisible   avia-builder-el-6  el_after_av_one_full  el_before_av_social_share '><span class='hr-inner ' ><span class='hr-inner-style'><\/span><\/span><\/div><\/p>\n<div  class='av-social-sharing-box  avia-builder-el-7  el_after_av_hr  el_before_av_hr  '><div class='av-share-box'><h5 class='av-share-link-description av-no-toc '>Compartir esta noticia<\/h5><ul class='av-share-box-list noLightbox'><li class='av-share-link av-social-link-facebook' ><a target=\"_blank\" aria-label=\"Compartir en Facebook\" href='https:\/\/www.facebook.com\/sharer.php?u=https:\/\/radiorevelacionfm.cl\/?p=3971&#038;t=%C3%81rea%20Extraescolar%20de%20Chile%20Chico%20realiz%C3%B3%20trekking%20inclusivo%20con%20ni%C3%B1os%20y%20ni%C3%B1as%20de%20Bertrand' aria-hidden='false' data-av_icon='\ue8f3' data-av_iconfont='entypo-fontello' title='' data-avia-related-tooltip='Compartir en Facebook' rel=\"noopener\"><span class='avia_hidden_link_text'>Compartir en Facebook<\/span><\/a><\/li><li class='av-share-link av-social-link-twitter' ><a target=\"_blank\" aria-label=\"Compartir en Twitter\" href='https:\/\/twitter.com\/share?text=%C3%81rea%20Extraescolar%20de%20Chile%20Chico%20realiz%C3%B3%20trekking%20inclusivo%20con%20ni%C3%B1os%20y%20ni%C3%B1as%20de%20Bertrand&#038;url=https:\/\/radiorevelacionfm.cl\/?p=3971' aria-hidden='false' data-av_icon='\ue8f1' data-av_iconfont='entypo-fontello' title='' data-avia-related-tooltip='Compartir en Twitter' rel=\"noopener\"><span class='avia_hidden_link_text'>Compartir en Twitter<\/span><\/a><\/li><li class='av-share-link av-social-link-whatsapp' ><a target=\"_blank\" aria-label=\"Compartir en Whatsapp\" href='https:\/\/api.whatsapp.com\/send?text=https:\/\/radiorevelacionfm.cl\/?p=3971' aria-hidden='false' data-av_icon='\uf232' data-av_iconfont='entypo-fontello' title='' data-avia-related-tooltip='Compartir en Whatsapp' rel=\"noopener\"><span class='avia_hidden_link_text'>Compartir en Whatsapp<\/span><\/a><\/li><li class='av-share-link av-social-link-linkedin' ><a target=\"_blank\" aria-label=\"Compartir en LinkedIn\" href='https:\/\/linkedin.com\/shareArticle?mini=true&#038;title=%C3%81rea%20Extraescolar%20de%20Chile%20Chico%20realiz%C3%B3%20trekking%20inclusivo%20con%20ni%C3%B1os%20y%20ni%C3%B1as%20de%20Bertrand&#038;url=https:\/\/radiorevelacionfm.cl\/?p=3971' aria-hidden='false' data-av_icon='\ue8fc' data-av_iconfont='entypo-fontello' title='' data-avia-related-tooltip='Compartir en LinkedIn' rel=\"noopener\"><span class='avia_hidden_link_text'>Compartir en LinkedIn<\/span><\/a><\/li><li class='av-share-link av-social-link-mail' ><a  aria-label=\"Compartir por correo\" href='mailto:?subject=%C3%81rea%20Extraescolar%20de%20Chile%20Chico%20realiz%C3%B3%20trekking%20inclusivo%20con%20ni%C3%B1os%20y%20ni%C3%B1as%20de%20Bertrand&#038;body=https:\/\/radiorevelacionfm.cl\/?p=3971' aria-hidden='false' data-av_icon='\ue805' data-av_iconfont='entypo-fontello' title='' data-avia-related-tooltip='Compartir por correo'><span class='avia_hidden_link_text'>Compartir por correo<\/span><\/a><\/li><\/ul><\/div><\/div>\n<div  style='height:50px' class='hr hr-invisible   avia-builder-el-8  el_after_av_social_share  el_before_av_comments_list '><span class='hr-inner ' ><span class='hr-inner-style'><\/span><\/span><\/div>\n<div  class='av-buildercomment  av-blog-meta-html-info-disabled av-blog-meta-tag-disabled  '><\/div>\n","protected":false},"excerpt":{"rendered":"","protected":false},"author":1,"featured_media":3972,"comment_status":"open","ping_status":"open","sticky":false,"template":"","format":"standard","meta":{"footnotes":""},"categories":[38],"tags":[],"class_list":["post-3971","post","type-post","status-publish","format-standard","has-post-thumbnail","hentry","category-regional"],"jetpack_featured_media_url":"https:\/\/radiorevelacionfm.cl\/wp-content\/uploads\/2021\/05\/TREKKING-INCLUSIVO-BERTRAND-10-1-1.jpg","_links":{"self":[{"href":"https:\/\/radiorevelacionfm.cl\/index.php?rest_route=\/wp\/v2\/posts\/3971","targetHints":{"allow":["GET"]}}],"collection":[{"href":"https:\/\/radiorevelacionfm.cl\/index.php?rest_route=\/wp\/v2\/posts"}],"about":[{"href":"https:\/\/radiorevelacionfm.cl\/index.php?rest_route=\/wp\/v2\/types\/post"}],"author":[{"embeddable":true,"href":"https:\/\/radiorevelacionfm.cl\/index.php?rest_route=\/wp\/v2\/users\/1"}],"replies":[{"embeddable":true,"href":"https:\/\/radiorevelacionfm.cl\/index.php?rest_route=%2Fwp%2Fv2%2Fcomments&post=3971"}],"version-history":[{"count":1,"href":"https:\/\/radiorevelacionfm.cl\/index.php?rest_route=\/wp\/v2\/posts\/3971\/revisions"}],"predecessor-version":[{"id":3973,"href":"https:\/\/radiorevelacionfm.cl\/index.php?rest_route=\/wp\/v2\/posts\/3971\/revisions\/3973"}],"wp:featuredmedia":[{"embeddable":true,"href":"https:\/\/radiorevelacionfm.cl\/index.php?rest_route=\/wp\/v2\/media\/3972"}],"wp:attachment":[{"href":"https:\/\/radiorevelacionfm.cl\/index.php?rest_route=%2Fwp%2Fv2%2Fmedia&parent=3971"}],"wp:term":[{"taxonomy":"category","embeddable":true,"href":"https:\/\/radiorevelacionfm.cl\/index.php?rest_route=%2Fwp%2Fv2%2Fcategories&post=3971"},{"taxonomy":"post_tag","embeddable":true,"href":"https:\/\/radiorevelacionfm.cl\/index.php?rest_route=%2Fwp%2Fv2%2Ftags&post=3971"}],"curies":[{"name":"wp","href":"https:\/\/api.w.org\/{rel}","templated":true}]}}