{"id":3968,"date":"2021-05-10T16:16:13","date_gmt":"2021-05-10T19:16:13","guid":{"rendered":"https:\/\/radiorevelacionfm.cl\/?p=3968"},"modified":"2021-05-10T16:16:13","modified_gmt":"2021-05-10T19:16:13","slug":"calisto-realiza-gestiones-con-subdere-para-construir-planta-de-tratamiento-de-aguas-en-villa-frei","status":"publish","type":"post","link":"https:\/\/radiorevelacionfm.cl\/?p=3968","title":{"rendered":"Calisto realiza gestiones con Subdere para construir planta de tratamiento de aguas en Villa Frei"},"content":{"rendered":"<div class=\"flex_column av_one_full  flex_column_div av-zero-column-padding first  avia-builder-el-0  el_before_av_one_full  avia-builder-el-first  \" style='border-radius:0px; '><div  class='avia-image-container  av-styling-    avia-builder-el-1  avia-builder-el-no-sibling  avia-align-center '  itemprop=\"image\" itemscope=\"itemscope\" itemtype=\"https:\/\/schema.org\/ImageObject\"  ><div class='avia-image-container-inner'><div class='avia-image-overlay-wrap'><img decoding=\"async\" class='wp-image-3969 avia-img-lazy-loading-not-3969 avia_image' src=\"https:\/\/radiorevelacionfm.cl\/wp-content\/uploads\/2021\/05\/CALISTO-VILLA-FREI.jpg\" alt='' title='CALISTO VILLA FREI' height=\"682\" width=\"1099\"  itemprop=\"thumbnailUrl\" srcset=\"https:\/\/radiorevelacionfm.cl\/wp-content\/uploads\/2021\/05\/CALISTO-VILLA-FREI.jpg 1099w, https:\/\/radiorevelacionfm.cl\/wp-content\/uploads\/2021\/05\/CALISTO-VILLA-FREI-300x186.jpg 300w, https:\/\/radiorevelacionfm.cl\/wp-content\/uploads\/2021\/05\/CALISTO-VILLA-FREI-1030x639.jpg 1030w, https:\/\/radiorevelacionfm.cl\/wp-content\/uploads\/2021\/05\/CALISTO-VILLA-FREI-768x477.jpg 768w, https:\/\/radiorevelacionfm.cl\/wp-content\/uploads\/2021\/05\/CALISTO-VILLA-FREI-705x437.jpg 705w, https:\/\/radiorevelacionfm.cl\/wp-content\/uploads\/2021\/05\/CALISTO-VILLA-FREI-600x372.jpg 600w\" sizes=\"(max-width: 1099px) 100vw, 1099px\" \/><\/div><\/div><\/div><\/div><div class=\"flex_column av_one_full  flex_column_div av-zero-column-padding first  avia-builder-el-2  el_after_av_one_full  el_before_av_one_full  column-top-margin\" style='border-radius:0px; '><section class=\"av_textblock_section \"  itemscope=\"itemscope\" itemtype=\"https:\/\/schema.org\/BlogPosting\" itemprop=\"blogPost\" ><div class='avia_textblock  '   itemprop=\"text\" ><p style=\"text-align: center;\"><span style=\"font-size: 18pt;\"><strong>Calisto realiza gestiones con Subdere para construir planta de tratamiento de aguas en Villa Frei<\/strong><\/span><\/p>\n<div id=\"gtx-trans\" style=\"position: absolute; left: -50px; top: 4.31534px;\">\n<div class=\"gtx-trans-icon\"><\/div>\n<\/div>\n<\/div><\/section><\/div><div class=\"flex_column av_one_full  flex_column_div av-zero-column-padding first  avia-builder-el-4  el_after_av_one_full  el_before_av_hr  column-top-margin\" style='border-radius:0px; '><section class=\"av_textblock_section \"  itemscope=\"itemscope\" itemtype=\"https:\/\/schema.org\/BlogPosting\" itemprop=\"blogPost\" ><div class='avia_textblock  '   itemprop=\"text\" ><p style=\"font-weight: 400; text-align: justify;\">El legislador se reuni\u00f3 hace algunos d\u00edas con los socios de los comit\u00e9s habitacionales que tienen proyectadas 100 casas en la localidad, y que requieren de la planta para construir su proyecto.<\/p>\n<p style=\"font-weight: 400; text-align: justify;\">Junto con valorar los distintos<strong>\u00a0<\/strong>avances en el proyecto habitacional que se proyecta en la Villa Frei, que contempla viviendas para 100 familias de tres comit\u00e9s, el diputado Calisto resalt\u00f3 particularmente la incorporaci\u00f3n en esta iniciativa de la construcci\u00f3n de una planta de tratamiento de aguas, lo que a juicio del parlamentario, beneficiar\u00e1 a toda la localidad.<\/p>\n<p style=\"font-weight: 400; text-align: justify;\">Seg\u00fan el diputado, quien se reuni\u00f3 junto a la concejala Georgina Calisto en el terreno con los socios de los comit\u00e9s, \u201ccuando part\u00ed mi trabajo como parlamentario, empezamos nuestro trabajo con distintos comit\u00e9s, entre estos los tres de Villa Frei, Camino a un Sue\u00f1o, Ilusi\u00f3n y Tehuelche . A ellos les faltaba el terreno. Esto ya lo logramos concretar, porque hay un compromiso de traspaso por parte del Serviu. Hoy la entidad patrocinante est\u00e1 trabajando en los dise\u00f1os de las casas y la planificaci\u00f3n urbana\u201d.<\/p>\n<p style=\"font-weight: 400; text-align: justify;\">\u201cEn su momento topamos con un tema, que es la planta de tratamiento. Ya no podemos estar construyendo con fosas s\u00e9pticas, tenemos que tener una planta en Villa Frei, y eso lo logramos incorporar en este proyecto. Estamos en conversaciones con la Subsecretar\u00eda de Desarrollo Regional, Subdere, para que ellos puedan financiar una parte de esto y se haga viable el proyecto\u201d, afirm\u00f3 el diputado.<\/p>\n<p style=\"font-weight: 400; text-align: justify;\">Calisto agreg\u00f3 que \u201ccon una planta de tratamiento, no s\u00f3lo ser\u00e1n beneficiados estos tres comit\u00e9s, sino la localidad completa, porque permitir\u00e1 realizar todo tipo de emprendimientos comerciales, tur\u00edsticos, cafeter\u00edas y otros que requieren resoluci\u00f3n sanitaria.\u00a0 Con este proyecto de vivienda se va a mejorar la calidad de vida en toda la Villa, por lo que es una gran noticia. Debemos seguir creciendo hacia las localidades, porque no podemos seguir concentrando todo en Coyhaique, ya no hay terrenos\u201d<\/p>\n<p style=\"font-weight: 400; text-align: justify;\">Seg\u00fan Rosita Mansilla, presidenta del Comit\u00e9 \u201cCamino a un Sue\u00f1o\u201d, \u201cen este momento estamos a la espera del llamado de Serviu, quedan a\u00fan cosas importantes, como la planta de tratamiento, que es fundamental para las 100 casas. Est\u00e1 listo el terreno, factibilidad de alcantarillado, de luz y todo, con todos los compromisos cumpli\u00e9ndose. Ac\u00e1 estamos los comit\u00e9s Ilusi\u00f3n, Tehuelche y Camino a un Sue\u00f1o. En total somos 100 familias\u201d.<\/p>\n<p style=\"font-weight: 400; text-align: justify;\">La dirigenta se\u00f1al\u00f3 que \u201cnosotros, que somos 50 familias, llevamos seis a\u00f1os a la espera de casa. Estuvimos con otra entidad patrocinante por cuatro a\u00f1os, pero no avanzamos nada. Ahora en dos a\u00f1os hemos avanzado lo que no hab\u00edamos avanzado en cuatro\u201d.<\/p>\n<p style=\"font-weight: 400; text-align: justify;\">Finalmente, la dirigenta social indic\u00f3 que \u201cestoy eternamente agradecida con el diputado Calisto, porque en realidad todas las gestiones que han sido necesarias y que \u00e9l ha hecho, han sido extraordinarias. Gracias a su aporte, a su apoyo y su labor como diputado, hemos avanzado mucho en estos dos a\u00f1os. Aqu\u00ed hay mucha gente que est\u00e1 detr\u00e1s, y est\u00e1n todos muy conformes y agradecidos\u201d.<\/p>\n<\/div><\/section><\/div><div  style='height:50px' class='hr hr-invisible   avia-builder-el-6  el_after_av_one_full  el_before_av_social_share '><span class='hr-inner ' ><span class='hr-inner-style'><\/span><\/span><\/div><\/p>\n<div  class='av-social-sharing-box  avia-builder-el-7  el_after_av_hr  el_before_av_hr  '><div class='av-share-box'><h5 class='av-share-link-description av-no-toc '>Compartir esta noticia<\/h5><ul class='av-share-box-list noLightbox'><li class='av-share-link av-social-link-facebook' ><a target=\"_blank\" aria-label=\"Compartir en Facebook\" href='https:\/\/www.facebook.com\/sharer.php?u=https:\/\/radiorevelacionfm.cl\/?p=3968&#038;t=Calisto%20realiza%20gestiones%20con%20Subdere%20para%20construir%20planta%20de%20tratamiento%20de%20aguas%20en%20Villa%20Frei' aria-hidden='false' data-av_icon='\ue8f3' data-av_iconfont='entypo-fontello' title='' data-avia-related-tooltip='Compartir en Facebook' rel=\"noopener\"><span class='avia_hidden_link_text'>Compartir en Facebook<\/span><\/a><\/li><li class='av-share-link av-social-link-twitter' ><a target=\"_blank\" aria-label=\"Compartir en Twitter\" href='https:\/\/twitter.com\/share?text=Calisto%20realiza%20gestiones%20con%20Subdere%20para%20construir%20planta%20de%20tratamiento%20de%20aguas%20en%20Villa%20Frei&#038;url=https:\/\/radiorevelacionfm.cl\/?p=3968' aria-hidden='false' data-av_icon='\ue8f1' data-av_iconfont='entypo-fontello' title='' data-avia-related-tooltip='Compartir en Twitter' rel=\"noopener\"><span class='avia_hidden_link_text'>Compartir en Twitter<\/span><\/a><\/li><li class='av-share-link av-social-link-whatsapp' ><a target=\"_blank\" aria-label=\"Compartir en Whatsapp\" href='https:\/\/api.whatsapp.com\/send?text=https:\/\/radiorevelacionfm.cl\/?p=3968' aria-hidden='false' data-av_icon='\uf232' data-av_iconfont='entypo-fontello' title='' data-avia-related-tooltip='Compartir en Whatsapp' rel=\"noopener\"><span class='avia_hidden_link_text'>Compartir en Whatsapp<\/span><\/a><\/li><li class='av-share-link av-social-link-linkedin' ><a target=\"_blank\" aria-label=\"Compartir en LinkedIn\" href='https:\/\/linkedin.com\/shareArticle?mini=true&#038;title=Calisto%20realiza%20gestiones%20con%20Subdere%20para%20construir%20planta%20de%20tratamiento%20de%20aguas%20en%20Villa%20Frei&#038;url=https:\/\/radiorevelacionfm.cl\/?p=3968' aria-hidden='false' data-av_icon='\ue8fc' data-av_iconfont='entypo-fontello' title='' data-avia-related-tooltip='Compartir en LinkedIn' rel=\"noopener\"><span class='avia_hidden_link_text'>Compartir en LinkedIn<\/span><\/a><\/li><li class='av-share-link av-social-link-mail' ><a  aria-label=\"Compartir por correo\" href='mailto:?subject=Calisto%20realiza%20gestiones%20con%20Subdere%20para%20construir%20planta%20de%20tratamiento%20de%20aguas%20en%20Villa%20Frei&#038;body=https:\/\/radiorevelacionfm.cl\/?p=3968' aria-hidden='false' data-av_icon='\ue805' data-av_iconfont='entypo-fontello' title='' data-avia-related-tooltip='Compartir por correo'><span class='avia_hidden_link_text'>Compartir por correo<\/span><\/a><\/li><\/ul><\/div><\/div>\n<div  style='height:50px' class='hr hr-invisible   avia-builder-el-8  el_after_av_social_share  el_before_av_comments_list '><span class='hr-inner ' ><span class='hr-inner-style'><\/span><\/span><\/div>\n<div  class='av-buildercomment  av-blog-meta-html-info-disabled av-blog-meta-tag-disabled  '><\/div>\n","protected":false},"excerpt":{"rendered":"","protected":false},"author":1,"featured_media":3969,"comment_status":"open","ping_status":"open","sticky":false,"template":"","format":"standard","meta":{"footnotes":""},"categories":[35],"tags":[],"class_list":["post-3968","post","type-post","status-publish","format-standard","has-post-thumbnail","hentry","category-politica"],"jetpack_featured_media_url":"https:\/\/radiorevelacionfm.cl\/wp-content\/uploads\/2021\/05\/CALISTO-VILLA-FREI.jpg","_links":{"self":[{"href":"https:\/\/radiorevelacionfm.cl\/index.php?rest_route=\/wp\/v2\/posts\/3968","targetHints":{"allow":["GET"]}}],"collection":[{"href":"https:\/\/radiorevelacionfm.cl\/index.php?rest_route=\/wp\/v2\/posts"}],"about":[{"href":"https:\/\/radiorevelacionfm.cl\/index.php?rest_route=\/wp\/v2\/types\/post"}],"author":[{"embeddable":true,"href":"https:\/\/radiorevelacionfm.cl\/index.php?rest_route=\/wp\/v2\/users\/1"}],"replies":[{"embeddable":true,"href":"https:\/\/radiorevelacionfm.cl\/index.php?rest_route=%2Fwp%2Fv2%2Fcomments&post=3968"}],"version-history":[{"count":1,"href":"https:\/\/radiorevelacionfm.cl\/index.php?rest_route=\/wp\/v2\/posts\/3968\/revisions"}],"predecessor-version":[{"id":3970,"href":"https:\/\/radiorevelacionfm.cl\/index.php?rest_route=\/wp\/v2\/posts\/3968\/revisions\/3970"}],"wp:featuredmedia":[{"embeddable":true,"href":"https:\/\/radiorevelacionfm.cl\/index.php?rest_route=\/wp\/v2\/media\/3969"}],"wp:attachment":[{"href":"https:\/\/radiorevelacionfm.cl\/index.php?rest_route=%2Fwp%2Fv2%2Fmedia&parent=3968"}],"wp:term":[{"taxonomy":"category","embeddable":true,"href":"https:\/\/radiorevelacionfm.cl\/index.php?rest_route=%2Fwp%2Fv2%2Fcategories&post=3968"},{"taxonomy":"post_tag","embeddable":true,"href":"https:\/\/radiorevelacionfm.cl\/index.php?rest_route=%2Fwp%2Fv2%2Ftags&post=3968"}],"curies":[{"name":"wp","href":"https:\/\/api.w.org\/{rel}","templated":true}]}}