{"id":39675,"date":"2024-02-16T21:43:31","date_gmt":"2024-02-17T00:43:31","guid":{"rendered":"https:\/\/radiorevelacionfm.cl\/?p=39675"},"modified":"2024-02-16T21:43:31","modified_gmt":"2024-02-17T00:43:31","slug":"mas-de-180-mil-controles-preventivos-realizo-carabineros-en-el-marco-del-plan-calles-sin-violencia-en-la-region-de-aysen","status":"publish","type":"post","link":"https:\/\/radiorevelacionfm.cl\/?p=39675","title":{"rendered":"M\u00e1s de 180 mil controles preventivos realiz\u00f3 Carabineros en el marco del Plan Calles sin Violencia en la Regi\u00f3n de Ays\u00e9n"},"content":{"rendered":"<div class=\"flex_column av_one_full  flex_column_div av-zero-column-padding first  avia-builder-el-0  el_before_av_one_full  avia-builder-el-first  \" style='border-radius:0px; '><div  class='avia-image-container  av-styling-    avia-builder-el-1  avia-builder-el-no-sibling  avia-align-center '  itemprop=\"image\" itemscope=\"itemscope\" itemtype=\"https:\/\/schema.org\/ImageObject\"  ><div class='avia-image-container-inner'><div class='avia-image-overlay-wrap'><img decoding=\"async\" class='wp-image-39676 avia-img-lazy-loading-not-39676 avia_image' src=\"https:\/\/radiorevelacionfm.cl\/wp-content\/uploads\/2024\/02\/img_0427-1_optimized.jpg\" alt='' title='img_0427-(1)_optimized' height=\"600\" width=\"900\"  itemprop=\"thumbnailUrl\" srcset=\"https:\/\/radiorevelacionfm.cl\/wp-content\/uploads\/2024\/02\/img_0427-1_optimized.jpg 900w, https:\/\/radiorevelacionfm.cl\/wp-content\/uploads\/2024\/02\/img_0427-1_optimized-300x200.jpg 300w, https:\/\/radiorevelacionfm.cl\/wp-content\/uploads\/2024\/02\/img_0427-1_optimized-768x512.jpg 768w, https:\/\/radiorevelacionfm.cl\/wp-content\/uploads\/2024\/02\/img_0427-1_optimized-705x470.jpg 705w, https:\/\/radiorevelacionfm.cl\/wp-content\/uploads\/2024\/02\/img_0427-1_optimized-450x300.jpg 450w, https:\/\/radiorevelacionfm.cl\/wp-content\/uploads\/2024\/02\/img_0427-1_optimized-600x400.jpg 600w\" sizes=\"(max-width: 900px) 100vw, 900px\" \/><\/div><\/div><\/div><\/div><div class=\"flex_column av_one_full  flex_column_div av-zero-column-padding first  avia-builder-el-2  el_after_av_one_full  el_before_av_one_full  column-top-margin\" style='border-radius:0px; '><section class=\"av_textblock_section \"  itemscope=\"itemscope\" itemtype=\"https:\/\/schema.org\/BlogPosting\" itemprop=\"blogPost\" ><div class='avia_textblock  '   itemprop=\"text\" ><p style=\"font-weight: 400; text-align: center;\"><span style=\"font-size: 18pt;\"><strong>M\u00e1s de 180 mil controles preventivos realiz\u00f3 Carabineros en <\/strong><strong>el marco del Plan Calles sin Violencia en la Regi\u00f3n de Ays\u00e9n<\/strong><\/span><\/p>\n<p style=\"font-weight: 400;\"><strong>\u00a0<\/strong><\/p>\n<div id=\"gtx-trans\" style=\"position: absolute; left: -50px; top: 4.31534px;\">\n<div class=\"gtx-trans-icon\"><\/div>\n<\/div>\n<\/div><\/section><\/div><div class=\"flex_column av_one_full  flex_column_div av-zero-column-padding first  avia-builder-el-4  el_after_av_one_full  el_before_av_hr  column-top-margin\" style='border-radius:0px; '><section class=\"av_textblock_section \"  itemscope=\"itemscope\" itemtype=\"https:\/\/schema.org\/BlogPosting\" itemprop=\"blogPost\" ><div class='avia_textblock  '   itemprop=\"text\" ><p style=\"font-weight: 400; text-align: justify;\">M\u00e1s de 180 mil controles preventivos ha realizado Carabineros en la Regi\u00f3n de Ays\u00e9n, desde la implementaci\u00f3n del Plan Calles sin Violencia, por parte del Gobierno en abril del a\u00f1o pasado.<\/p>\n<p style=\"font-weight: 400; text-align: justify;\">Las estad\u00edsticas se expusieron en la mesa de trabajo conjunto, encabezada por la Delegada Presidencial Regional (s), Tatiana Pl\u00e1; junto a la Coordinadora Regional de Seguridad P\u00fablica, Camila Covarrubias; Administradora de la Municipalidad de Coyhaique, Gabriela Retamal;\u00a0Jefa del departamento de Seguridad Comunitaria e Inspecci\u00f3n Municipal, Margit V\u00e1squez; Prefecto de\u00a0Carabineros, coronel Fuad Chab\u00e1n, y Prefecto de la Polic\u00eda de Investigaciones (PDI), Patricio Barrios.<\/p>\n<p style=\"font-weight: 400; text-align: justify;\">\u201cEs la quinta sesi\u00f3n de esta mesa de trabajo, junto con la Municipalidad, Polic\u00eda de Investigaciones y Carabineros de Chile, para coordinarnos en prevenci\u00f3n y fiscalizaci\u00f3n. Como Gobierno, tenemos una agenda robusta de proyectos en materia de seguridad, que ya han sido aprobados y vamos a seguir trabajando, porque se trata de una de las principales preocupaciones de la ciudadan\u00eda. Por eso, relevamos este trabajo que se hace de manera coordinada para hacernos presentes en el territorio\u201d, destac\u00f3 la Delegada (s).<\/p>\n<p style=\"font-weight: 400; text-align: justify;\">El coronel Chab\u00e1n detall\u00f3 que el Plan se ha focalizado en Coyhaique, sin embargo, la labor se ha reforzado a nivel regional, con 183.401 controles preventivos, 8.150 infracciones, 4.739 personas detenidas y 334 armas incautadas, entre otros.<\/p>\n<p style=\"font-weight: 400; text-align: justify;\">\u201cCarabineros de Chile inici\u00f3 en abril del a\u00f1o pasado el Plan Calles sin Violencia, considerando patrullajes preventivos en cuatro cuadr\u00edculas de Coyhaique, lo que ha arrojado distintas labores de fiscalizaci\u00f3n, detenidos y recuperaci\u00f3n de armamento y drogas. B\u00e1sicamente, hemos podido ver incivilidades que la poblaci\u00f3n nos indica para determinar los servicios preventivos para\u00a0\u00a0 entregar mayor seguridad y marcar presencia en estos lugares que tenemos detallados en nuestra carta de situaci\u00f3n\u201d, detall\u00f3.<\/p>\n<p style=\"font-weight: 400; text-align: justify;\">Para la jefa del Departamento de Seguridad Comunitaria e Inspecci\u00f3n Municipal de Coyhaique, Margit V\u00e1squez, el trabajo conjunto fortalece la gesti\u00f3n institucional al servicio de la comunidad.<\/p>\n<p style=\"font-weight: 400; text-align: justify;\">\u201cPrincipalmente prevenci\u00f3n, a trav\u00e9s del trabajo comunitario con las juntas de vecinos, el trabajo en terreno, estamos pr\u00e1cticamente todas las semanas en los distintos sectores, estamos haciendo patrullaje nocturno y en la Feria Las Quintas durante todo el verano, que fue una solicitud de la comunidad organizada que trabaja all\u00ed y debido a una serie de denuncias por delitos e incivilidades que se produc\u00edan. Hemos logrado ordenar bastante el espacio, que ahora est\u00e1 m\u00e1s tranquilo y ordenado\u201d, concluy\u00f3.<\/p>\n<p style=\"font-weight: 400; text-align: justify;\">El Plan Calles sin Violencia contempla tres l\u00edneas de acci\u00f3n, comenzando por un eje para una persecuci\u00f3n penal efectiva, para esclarecer homicidios y delitos asociados; la segunda, es un patrullaje policial efectivo, visibilizando la mayor presencia policial; y, en tercer lugar, fiscalizaci\u00f3n de infracciones e incivilidades, mediante controles vehiculares y de identidad.<\/p>\n<\/div><\/section><\/div><div  style='height:50px' class='hr hr-invisible   avia-builder-el-6  el_after_av_one_full  el_before_av_social_share '><span class='hr-inner ' ><span class='hr-inner-style'><\/span><\/span><\/div><\/p>\n<div  class='av-social-sharing-box  avia-builder-el-7  el_after_av_hr  el_before_av_hr  '><div class='av-share-box'><h5 class='av-share-link-description av-no-toc '>Compartir esta noticia<\/h5><ul class='av-share-box-list noLightbox'><li class='av-share-link av-social-link-facebook' ><a target=\"_blank\" aria-label=\"Compartir en Facebook\" href='https:\/\/www.facebook.com\/sharer.php?u=https:\/\/radiorevelacionfm.cl\/?p=39675&#038;t=M%C3%A1s%20de%20180%20mil%20controles%20preventivos%20realiz%C3%B3%20Carabineros%20en%20el%20marco%20del%20Plan%20Calles%20sin%20Violencia%20en%20la%20Regi%C3%B3n%20de%20Ays%C3%A9n' aria-hidden='false' data-av_icon='\ue8f3' data-av_iconfont='entypo-fontello' title='' data-avia-related-tooltip='Compartir en Facebook' rel=\"noopener\"><span class='avia_hidden_link_text'>Compartir en Facebook<\/span><\/a><\/li><li class='av-share-link av-social-link-twitter' ><a target=\"_blank\" aria-label=\"Compartir en Twitter\" href='https:\/\/twitter.com\/share?text=M%C3%A1s%20de%20180%20mil%20controles%20preventivos%20realiz%C3%B3%20Carabineros%20en%20el%20marco%20del%20Plan%20Calles%20sin%20Violencia%20en%20la%20Regi%C3%B3n%20de%20Ays%C3%A9n&#038;url=https:\/\/radiorevelacionfm.cl\/?p=39675' aria-hidden='false' data-av_icon='\ue8f1' data-av_iconfont='entypo-fontello' title='' data-avia-related-tooltip='Compartir en Twitter' rel=\"noopener\"><span class='avia_hidden_link_text'>Compartir en Twitter<\/span><\/a><\/li><li class='av-share-link av-social-link-whatsapp' ><a target=\"_blank\" aria-label=\"Compartir en Whatsapp\" href='https:\/\/api.whatsapp.com\/send?text=https:\/\/radiorevelacionfm.cl\/?p=39675' aria-hidden='false' data-av_icon='\uf232' data-av_iconfont='entypo-fontello' title='' data-avia-related-tooltip='Compartir en Whatsapp' rel=\"noopener\"><span class='avia_hidden_link_text'>Compartir en Whatsapp<\/span><\/a><\/li><li class='av-share-link av-social-link-linkedin' ><a target=\"_blank\" aria-label=\"Compartir en LinkedIn\" href='https:\/\/linkedin.com\/shareArticle?mini=true&#038;title=M%C3%A1s%20de%20180%20mil%20controles%20preventivos%20realiz%C3%B3%20Carabineros%20en%20el%20marco%20del%20Plan%20Calles%20sin%20Violencia%20en%20la%20Regi%C3%B3n%20de%20Ays%C3%A9n&#038;url=https:\/\/radiorevelacionfm.cl\/?p=39675' aria-hidden='false' data-av_icon='\ue8fc' data-av_iconfont='entypo-fontello' title='' data-avia-related-tooltip='Compartir en LinkedIn' rel=\"noopener\"><span class='avia_hidden_link_text'>Compartir en LinkedIn<\/span><\/a><\/li><li class='av-share-link av-social-link-mail' ><a  aria-label=\"Compartir por correo\" href='mailto:?subject=M%C3%A1s%20de%20180%20mil%20controles%20preventivos%20realiz%C3%B3%20Carabineros%20en%20el%20marco%20del%20Plan%20Calles%20sin%20Violencia%20en%20la%20Regi%C3%B3n%20de%20Ays%C3%A9n&#038;body=https:\/\/radiorevelacionfm.cl\/?p=39675' aria-hidden='false' data-av_icon='\ue805' data-av_iconfont='entypo-fontello' title='' data-avia-related-tooltip='Compartir por correo'><span class='avia_hidden_link_text'>Compartir por correo<\/span><\/a><\/li><\/ul><\/div><\/div>\n<div  style='height:50px' class='hr hr-invisible   avia-builder-el-8  el_after_av_social_share  el_before_av_comments_list '><span class='hr-inner ' ><span class='hr-inner-style'><\/span><\/span><\/div>\n<div  class='av-buildercomment  av-blog-meta-html-info-disabled av-blog-meta-tag-disabled  '><\/div>\n","protected":false},"excerpt":{"rendered":"","protected":false},"author":1,"featured_media":39676,"comment_status":"open","ping_status":"open","sticky":false,"template":"","format":"standard","meta":{"footnotes":""},"categories":[38],"tags":[],"class_list":["post-39675","post","type-post","status-publish","format-standard","has-post-thumbnail","hentry","category-regional"],"jetpack_featured_media_url":"https:\/\/radiorevelacionfm.cl\/wp-content\/uploads\/2024\/02\/img_0427-1_optimized.jpg","_links":{"self":[{"href":"https:\/\/radiorevelacionfm.cl\/index.php?rest_route=\/wp\/v2\/posts\/39675","targetHints":{"allow":["GET"]}}],"collection":[{"href":"https:\/\/radiorevelacionfm.cl\/index.php?rest_route=\/wp\/v2\/posts"}],"about":[{"href":"https:\/\/radiorevelacionfm.cl\/index.php?rest_route=\/wp\/v2\/types\/post"}],"author":[{"embeddable":true,"href":"https:\/\/radiorevelacionfm.cl\/index.php?rest_route=\/wp\/v2\/users\/1"}],"replies":[{"embeddable":true,"href":"https:\/\/radiorevelacionfm.cl\/index.php?rest_route=%2Fwp%2Fv2%2Fcomments&post=39675"}],"version-history":[{"count":1,"href":"https:\/\/radiorevelacionfm.cl\/index.php?rest_route=\/wp\/v2\/posts\/39675\/revisions"}],"predecessor-version":[{"id":39677,"href":"https:\/\/radiorevelacionfm.cl\/index.php?rest_route=\/wp\/v2\/posts\/39675\/revisions\/39677"}],"wp:featuredmedia":[{"embeddable":true,"href":"https:\/\/radiorevelacionfm.cl\/index.php?rest_route=\/wp\/v2\/media\/39676"}],"wp:attachment":[{"href":"https:\/\/radiorevelacionfm.cl\/index.php?rest_route=%2Fwp%2Fv2%2Fmedia&parent=39675"}],"wp:term":[{"taxonomy":"category","embeddable":true,"href":"https:\/\/radiorevelacionfm.cl\/index.php?rest_route=%2Fwp%2Fv2%2Fcategories&post=39675"},{"taxonomy":"post_tag","embeddable":true,"href":"https:\/\/radiorevelacionfm.cl\/index.php?rest_route=%2Fwp%2Fv2%2Ftags&post=39675"}],"curies":[{"name":"wp","href":"https:\/\/api.w.org\/{rel}","templated":true}]}}