{"id":39671,"date":"2024-02-16T17:15:56","date_gmt":"2024-02-16T20:15:56","guid":{"rendered":"https:\/\/radiorevelacionfm.cl\/?p=39671"},"modified":"2024-02-16T17:15:56","modified_gmt":"2024-02-16T20:15:56","slug":"emprendedores-as-de-la-comuna-de-aysen-concretan-y-desarrollan-iniciativas-con-el-fosis","status":"publish","type":"post","link":"https:\/\/radiorevelacionfm.cl\/?p=39671","title":{"rendered":"Emprendedores\/as de la comuna de Ays\u00e9n concretan y desarrollan iniciativas con el FOSIS"},"content":{"rendered":"<div class=\"flex_column av_one_full  flex_column_div av-zero-column-padding first  avia-builder-el-0  el_before_av_one_full  avia-builder-el-first  \" style='border-radius:0px; '><div  class='avia-image-container  av-styling-    avia-builder-el-1  avia-builder-el-no-sibling  avia-align-center '  itemprop=\"image\" itemscope=\"itemscope\" itemtype=\"https:\/\/schema.org\/ImageObject\"  ><div class='avia-image-container-inner'><div class='avia-image-overlay-wrap'><img decoding=\"async\" class='wp-image-39673 avia-img-lazy-loading-not-39673 avia_image' src=\"https:\/\/radiorevelacionfm.cl\/wp-content\/uploads\/2024\/02\/es-aysen_optimized.jpeg\" alt='' title='es-ays\u00e9n_optimized' height=\"607\" width=\"1080\"  itemprop=\"thumbnailUrl\" srcset=\"https:\/\/radiorevelacionfm.cl\/wp-content\/uploads\/2024\/02\/es-aysen_optimized.jpeg 1080w, https:\/\/radiorevelacionfm.cl\/wp-content\/uploads\/2024\/02\/es-aysen_optimized-300x169.jpeg 300w, https:\/\/radiorevelacionfm.cl\/wp-content\/uploads\/2024\/02\/es-aysen_optimized-1030x579.jpeg 1030w, https:\/\/radiorevelacionfm.cl\/wp-content\/uploads\/2024\/02\/es-aysen_optimized-768x432.jpeg 768w, https:\/\/radiorevelacionfm.cl\/wp-content\/uploads\/2024\/02\/es-aysen_optimized-705x396.jpeg 705w, https:\/\/radiorevelacionfm.cl\/wp-content\/uploads\/2024\/02\/es-aysen_optimized-450x253.jpeg 450w, https:\/\/radiorevelacionfm.cl\/wp-content\/uploads\/2024\/02\/es-aysen_optimized-600x337.jpeg 600w\" sizes=\"(max-width: 1080px) 100vw, 1080px\" \/><\/div><\/div><\/div><\/div><div class=\"flex_column av_one_full  flex_column_div av-zero-column-padding first  avia-builder-el-2  el_after_av_one_full  el_before_av_one_full  column-top-margin\" style='border-radius:0px; '><section class=\"av_textblock_section \"  itemscope=\"itemscope\" itemtype=\"https:\/\/schema.org\/BlogPosting\" itemprop=\"blogPost\" ><div class='avia_textblock  '   itemprop=\"text\" ><p style=\"text-align: center;\"><span style=\"font-size: 18pt;\"><strong>Emprendedores\/as de la comuna de Ays\u00e9n concretan y desarrollan iniciativas con el FOSIS<\/strong><\/span><\/p>\n<div id=\"gtx-trans\" style=\"position: absolute; left: -50px; top: 4.31534px;\">\n<div class=\"gtx-trans-icon\"><\/div>\n<\/div>\n<\/div><\/section><\/div><div class=\"flex_column av_one_full  flex_column_div av-zero-column-padding first  avia-builder-el-4  el_after_av_one_full  el_before_av_hr  column-top-margin\" style='border-radius:0px; '><section class=\"av_textblock_section \"  itemscope=\"itemscope\" itemtype=\"https:\/\/schema.org\/BlogPosting\" itemprop=\"blogPost\" ><div class='avia_textblock  '   itemprop=\"text\" ><p style=\"text-align: justify;\">El programa Emprendamos y Emprendamos Semilla para familias del Subsistema de Seguridades y Oportunidades cuentan con el financiamiento del Fondo de Solidaridad e Inversi\u00f3n Social, FOSIS, y en esta oportunidad permiti\u00f3 la intervenci\u00f3n de 60 personas de la comuna de Ays\u00e9n, gracias al apoyo en la ejecuci\u00f3n de Imagina Ays\u00e9n.<\/p>\n<p style=\"text-align: justify;\">Los y las participantes pudieron fortalecer sus emprendimientos gracias a la capacitaci\u00f3n, asesor\u00eda t\u00e9cnica y el financiamiento de un plan de negocios, que permite a los usuarios y usuarias de estos programas adquirir herramientas, maquinaria e insumos para desarrollar sus negocios y aumentar sus ingresos.<\/p>\n<p style=\"text-align: justify;\">Priscila Gonz\u00e1lez, emprendedora en el rubro gastron\u00f3mico que particip\u00f3 del programa, destac\u00f3 que se hizo \u201cuna excelente gesti\u00f3n en asesoramiento y acompa\u00f1amiento, con mucha dedicaci\u00f3n de las personas que nos acompa\u00f1aron en este proceso, un gran equipo. Recib\u00ed indumentaria para elaboraci\u00f3n de alimentos. M\u00e1s que toda la ayuda que hemos recibido rescato la dedicaci\u00f3n de las personas que nos acompa\u00f1aron en este proceso de aprendizaje, donde aprendimos a c\u00f3mo administrar y sacar costos principalmente en el negocio de gastronom\u00eda\u201d.<\/p>\n<p style=\"text-align: justify;\">La Directora Regional (s) del FOSIS, Soledad Vera, agreg\u00f3 que \u201chemos finalizado estos dos proyectos donde nuestros emprendedores terminaron un proceso de ocho meses donde tuvieron asesor\u00eda, capacitaci\u00f3n y fueron implementados con un plan de negocio, con el que pudieron adquirir equipamiento e insumos. Hoy ellos y ellas inician un proceso de manera independiente con sus emprendimientos, con el objetivo de genera ingresos y mejorar su calidad de vida\u201d.<\/p>\n<p style=\"text-align: justify;\">Julio Rossel, Delegado Presidencial Provincial (s) de Ays\u00e9n, recalc\u00f3 que \u201ces muy grato para nosotros, en representaci\u00f3n del Presidente Gabriel Boric, estar en esta ceremonia de culminaci\u00f3n de una etapa muy importante en la vida de los emprendedores y emprendedoras de la provincia, que se forja a trav\u00e9s de esta ayuda que incluye una asesor\u00eda bien importante, entendiendo que el mercado funciona muchas veces no de manera consciente con las personas que m\u00e1s lo necesitan, por lo tanto insertarse en el mercado requiere de preparaci\u00f3n\u201d.<\/p>\n<p style=\"text-align: justify;\">Los programas de emprendimiento del FOSIS permiten aumentar y hacer m\u00e1s estable la generaci\u00f3n de ingresos, a trav\u00e9s del fortalecimiento de negocios, que se puede encontrar en distinto nivel de avance, desde concretar una idea de negocio hasta la consolidaci\u00f3n de un emprendimiento que ya est\u00e1 en funcionamiento.<\/p>\n<\/div><\/section><\/div><div  style='height:50px' class='hr hr-invisible   avia-builder-el-6  el_after_av_one_full  el_before_av_social_share '><span class='hr-inner ' ><span class='hr-inner-style'><\/span><\/span><\/div><\/p>\n<div  class='av-social-sharing-box  avia-builder-el-7  el_after_av_hr  el_before_av_hr  '><div class='av-share-box'><h5 class='av-share-link-description av-no-toc '>Compartir esta noticia<\/h5><ul class='av-share-box-list noLightbox'><li class='av-share-link av-social-link-facebook' ><a target=\"_blank\" aria-label=\"Compartir en Facebook\" href='https:\/\/www.facebook.com\/sharer.php?u=https:\/\/radiorevelacionfm.cl\/?p=39671&#038;t=Emprendedores%2Fas%20de%20la%20comuna%20de%20Ays%C3%A9n%20concretan%20y%20desarrollan%20iniciativas%20con%20el%20FOSIS' aria-hidden='false' data-av_icon='\ue8f3' data-av_iconfont='entypo-fontello' title='' data-avia-related-tooltip='Compartir en Facebook' rel=\"noopener\"><span class='avia_hidden_link_text'>Compartir en Facebook<\/span><\/a><\/li><li class='av-share-link av-social-link-twitter' ><a target=\"_blank\" aria-label=\"Compartir en Twitter\" href='https:\/\/twitter.com\/share?text=Emprendedores%2Fas%20de%20la%20comuna%20de%20Ays%C3%A9n%20concretan%20y%20desarrollan%20iniciativas%20con%20el%20FOSIS&#038;url=https:\/\/radiorevelacionfm.cl\/?p=39671' aria-hidden='false' data-av_icon='\ue8f1' data-av_iconfont='entypo-fontello' title='' data-avia-related-tooltip='Compartir en Twitter' rel=\"noopener\"><span class='avia_hidden_link_text'>Compartir en Twitter<\/span><\/a><\/li><li class='av-share-link av-social-link-whatsapp' ><a target=\"_blank\" aria-label=\"Compartir en Whatsapp\" href='https:\/\/api.whatsapp.com\/send?text=https:\/\/radiorevelacionfm.cl\/?p=39671' aria-hidden='false' data-av_icon='\uf232' data-av_iconfont='entypo-fontello' title='' data-avia-related-tooltip='Compartir en Whatsapp' rel=\"noopener\"><span class='avia_hidden_link_text'>Compartir en Whatsapp<\/span><\/a><\/li><li class='av-share-link av-social-link-linkedin' ><a target=\"_blank\" aria-label=\"Compartir en LinkedIn\" href='https:\/\/linkedin.com\/shareArticle?mini=true&#038;title=Emprendedores%2Fas%20de%20la%20comuna%20de%20Ays%C3%A9n%20concretan%20y%20desarrollan%20iniciativas%20con%20el%20FOSIS&#038;url=https:\/\/radiorevelacionfm.cl\/?p=39671' aria-hidden='false' data-av_icon='\ue8fc' data-av_iconfont='entypo-fontello' title='' data-avia-related-tooltip='Compartir en LinkedIn' rel=\"noopener\"><span class='avia_hidden_link_text'>Compartir en LinkedIn<\/span><\/a><\/li><li class='av-share-link av-social-link-mail' ><a  aria-label=\"Compartir por correo\" href='mailto:?subject=Emprendedores%2Fas%20de%20la%20comuna%20de%20Ays%C3%A9n%20concretan%20y%20desarrollan%20iniciativas%20con%20el%20FOSIS&#038;body=https:\/\/radiorevelacionfm.cl\/?p=39671' aria-hidden='false' data-av_icon='\ue805' data-av_iconfont='entypo-fontello' title='' data-avia-related-tooltip='Compartir por correo'><span class='avia_hidden_link_text'>Compartir por correo<\/span><\/a><\/li><\/ul><\/div><\/div>\n<div  style='height:50px' class='hr hr-invisible   avia-builder-el-8  el_after_av_social_share  el_before_av_comments_list '><span class='hr-inner ' ><span class='hr-inner-style'><\/span><\/span><\/div>\n<div  class='av-buildercomment  av-blog-meta-html-info-disabled av-blog-meta-tag-disabled  '><\/div>\n","protected":false},"excerpt":{"rendered":"","protected":false},"author":1,"featured_media":39673,"comment_status":"open","ping_status":"open","sticky":false,"template":"","format":"standard","meta":{"footnotes":""},"categories":[38],"tags":[],"class_list":["post-39671","post","type-post","status-publish","format-standard","has-post-thumbnail","hentry","category-regional"],"jetpack_featured_media_url":"https:\/\/radiorevelacionfm.cl\/wp-content\/uploads\/2024\/02\/es-aysen_optimized.jpeg","_links":{"self":[{"href":"https:\/\/radiorevelacionfm.cl\/index.php?rest_route=\/wp\/v2\/posts\/39671","targetHints":{"allow":["GET"]}}],"collection":[{"href":"https:\/\/radiorevelacionfm.cl\/index.php?rest_route=\/wp\/v2\/posts"}],"about":[{"href":"https:\/\/radiorevelacionfm.cl\/index.php?rest_route=\/wp\/v2\/types\/post"}],"author":[{"embeddable":true,"href":"https:\/\/radiorevelacionfm.cl\/index.php?rest_route=\/wp\/v2\/users\/1"}],"replies":[{"embeddable":true,"href":"https:\/\/radiorevelacionfm.cl\/index.php?rest_route=%2Fwp%2Fv2%2Fcomments&post=39671"}],"version-history":[{"count":1,"href":"https:\/\/radiorevelacionfm.cl\/index.php?rest_route=\/wp\/v2\/posts\/39671\/revisions"}],"predecessor-version":[{"id":39674,"href":"https:\/\/radiorevelacionfm.cl\/index.php?rest_route=\/wp\/v2\/posts\/39671\/revisions\/39674"}],"wp:featuredmedia":[{"embeddable":true,"href":"https:\/\/radiorevelacionfm.cl\/index.php?rest_route=\/wp\/v2\/media\/39673"}],"wp:attachment":[{"href":"https:\/\/radiorevelacionfm.cl\/index.php?rest_route=%2Fwp%2Fv2%2Fmedia&parent=39671"}],"wp:term":[{"taxonomy":"category","embeddable":true,"href":"https:\/\/radiorevelacionfm.cl\/index.php?rest_route=%2Fwp%2Fv2%2Fcategories&post=39671"},{"taxonomy":"post_tag","embeddable":true,"href":"https:\/\/radiorevelacionfm.cl\/index.php?rest_route=%2Fwp%2Fv2%2Ftags&post=39671"}],"curies":[{"name":"wp","href":"https:\/\/api.w.org\/{rel}","templated":true}]}}