{"id":39664,"date":"2024-02-16T20:59:11","date_gmt":"2024-02-16T23:59:11","guid":{"rendered":"https:\/\/radiorevelacionfm.cl\/?p=39664"},"modified":"2024-02-16T20:59:11","modified_gmt":"2024-02-16T23:59:11","slug":"convocan-a-distintos-actores-para-dialogar-sobre-las-solicitudes-de-espacios-costeros-marinos-de-pueblos-originarios","status":"publish","type":"post","link":"https:\/\/radiorevelacionfm.cl\/?p=39664","title":{"rendered":"Convocan a distintos actores para dialogar sobre las solicitudes de Espacios Costeros Marinos de Pueblos Originarios"},"content":{"rendered":"<div class=\"flex_column av_one_full  flex_column_div av-zero-column-padding first  avia-builder-el-0  el_before_av_one_full  avia-builder-el-first  \" style='border-radius:0px; '><div  class='avia-image-container  av-styling-    avia-builder-el-1  avia-builder-el-no-sibling  avia-align-center '  itemprop=\"image\" itemscope=\"itemscope\" itemtype=\"https:\/\/schema.org\/ImageObject\"  ><div class='avia-image-container-inner'><div class='avia-image-overlay-wrap'><img decoding=\"async\" class='wp-image-39665 avia-img-lazy-loading-not-39665 avia_image' src=\"https:\/\/radiorevelacionfm.cl\/wp-content\/uploads\/2024\/02\/Espacios-Costeros-2024-02-14-at-10.17.03-AM-1-1.jpeg\" alt='' title='Espacios Costeros 2024-02-14 at 10.17.03 AM (1) (1)' height=\"600\" width=\"1068\"  itemprop=\"thumbnailUrl\" srcset=\"https:\/\/radiorevelacionfm.cl\/wp-content\/uploads\/2024\/02\/Espacios-Costeros-2024-02-14-at-10.17.03-AM-1-1.jpeg 1068w, https:\/\/radiorevelacionfm.cl\/wp-content\/uploads\/2024\/02\/Espacios-Costeros-2024-02-14-at-10.17.03-AM-1-1-300x169.jpeg 300w, https:\/\/radiorevelacionfm.cl\/wp-content\/uploads\/2024\/02\/Espacios-Costeros-2024-02-14-at-10.17.03-AM-1-1-1030x579.jpeg 1030w, https:\/\/radiorevelacionfm.cl\/wp-content\/uploads\/2024\/02\/Espacios-Costeros-2024-02-14-at-10.17.03-AM-1-1-768x431.jpeg 768w, https:\/\/radiorevelacionfm.cl\/wp-content\/uploads\/2024\/02\/Espacios-Costeros-2024-02-14-at-10.17.03-AM-1-1-705x396.jpeg 705w, https:\/\/radiorevelacionfm.cl\/wp-content\/uploads\/2024\/02\/Espacios-Costeros-2024-02-14-at-10.17.03-AM-1-1-450x253.jpeg 450w, https:\/\/radiorevelacionfm.cl\/wp-content\/uploads\/2024\/02\/Espacios-Costeros-2024-02-14-at-10.17.03-AM-1-1-600x337.jpeg 600w\" sizes=\"(max-width: 1068px) 100vw, 1068px\" \/><\/div><\/div><\/div><\/div><div class=\"flex_column av_one_full  flex_column_div av-zero-column-padding first  avia-builder-el-2  el_after_av_one_full  el_before_av_one_full  column-top-margin\" style='border-radius:0px; '><section class=\"av_textblock_section \"  itemscope=\"itemscope\" itemtype=\"https:\/\/schema.org\/BlogPosting\" itemprop=\"blogPost\" ><div class='avia_textblock  '   itemprop=\"text\" ><p style=\"text-align: center;\"><strong><span style=\"font-size: 18pt;\">Convocan a distintos actores para dialogar sobre las solicitudes de Espacios Costeros Marinos de Pueblos Originarios<\/span><\/strong><\/p>\n<div id=\"gtx-trans\" style=\"position: absolute; left: -50px; top: 4.31534px;\">\n<div class=\"gtx-trans-icon\"><\/div>\n<\/div>\n<\/div><\/section><\/div><div class=\"flex_column av_one_full  flex_column_div av-zero-column-padding first  avia-builder-el-4  el_after_av_one_full  el_before_av_hr  column-top-margin\" style='border-radius:0px; '><section class=\"av_textblock_section \"  itemscope=\"itemscope\" itemtype=\"https:\/\/schema.org\/BlogPosting\" itemprop=\"blogPost\" ><div class='avia_textblock  '   itemprop=\"text\" ><p dir=\"ltr\" style=\"text-align: justify;\">A ra\u00edz de la serie\u00a0 de preocupaciones que manifestaron algunas organizaciones de la pesca en el litoral de la Provincia de Ays\u00e9n, el Gobierno Regional realiz\u00f3 este mi\u00e9rcoles 14 de febrero un taller para dialogar sobre dos solicitudes de Espacios Costeros Marinos de Pueblos Originarios (ECMPO).<\/p>\n<p dir=\"ltr\" style=\"text-align: justify;\">Estos espacios est\u00e1n contemplados en la llamada Ley Lafkenche, y constituyen administraciones territoriales entregadas a comunidades o asociaciones ind\u00edgenas que han ejercido el uso consuetudinario de dicho espacio, con el objetivo de preservar tradiciones ancestrales y asegurar el resguardo de la biodiversidad.<\/p>\n<p dir=\"ltr\" style=\"text-align: justify;\">Seg\u00fan el secretario ejecutivo de la Comisi\u00f3n Regional de Uso de Borde Costero (CRUBC), Francisco Lara, el encuentro fue convocado \u00abpara poder abordar las distintas posiciones a prop\u00f3sito de las solicitudes de ECMPO en la Regi\u00f3n de Ays\u00e9n y que pronto tiene que votar la Comisi\u00f3n Regional de Uso de Borde Costero. Durante todo el d\u00eda tuvimos exposiciones, se plantearon consultas, los distintos puntos de vista para poder llegar a distintos consensos. Creemos y aplaudimos los espacios de di\u00e1logo que se dan dentro de este espacio de taller\u00bb.<\/p>\n<p dir=\"ltr\" style=\"text-align: justify;\">Las solicitudes de ECMPO en discusi\u00f3n son dos y ya se dieron a conocer a inicios de febrero, ocasi\u00f3n en que la Gobernadora Andrea Mac\u00edas Palma comprometi\u00f3 la realizaci\u00f3n de estos talleres para el di\u00e1logo y el debate, ya que las iniciativas han levantado una serie de aprehensiones.<\/p>\n<p dir=\"ltr\" style=\"text-align: justify;\">Las mayores cr\u00edticas apuntan a la extensi\u00f3n de las solicitudes ingresadas por las comunidades Pu Wapi de Melinka y Antunen Rain de Islas Las Huichas, las que sumadas superan las 600 mil hect\u00e1reas en la costa, islas, archipi\u00e9lagos, canales y cuerpos de mar del litoral de las comunas de Guaitecas, Cisnes y Ays\u00e9n.<\/p>\n<p dir=\"ltr\" style=\"text-align: justify;\">Ante esto el consejero regional Jorge Sep\u00falveda, integrante de la CRUBC, expres\u00f3 que el taller congreg\u00f3 una \u00abbuena participaci\u00f3n, sincera, abierta. Hubo un par de conflictos, que son necesario exponerlos, pero fue un buen proceso de participaci\u00f3n ciudadana, t\u00e9cnica, social y pol\u00edtica. Para m\u00ed fue virtuoso. Es un exceso de petici\u00f3n, pero eso no quita que se pueda negociar y bajar dr\u00e1sticamente para ir comprobando la capacidad de administrar y despu\u00e9s con el tiempo ir ampliando\u00bb.<\/p>\n<p dir=\"ltr\" style=\"text-align: justify;\">Por su parte Daniel Caniull\u00e1n, dirigente de la comunidad Pu Wapi de Melinka, valor\u00f3 el espacio de di\u00e1logo, agregando que \u00abantiguamente las CRUBC cuando se votaron las primeras ECMPO no hab\u00edan estos espacios, hab\u00eda un no tajante. Construir un plan de desarrollo sostenible respetando al compa\u00f1ero que vive al lado, al pescador, al empresario y todo tipo de actividad econ\u00f3mica que convivimos en el territorio. Hoy d\u00eda vimos m\u00e1s cr\u00edticas que propuestas y lamento que de parte de muchos representantes no pusieran ninguna propuesta\u00bb, concluy\u00f3.<\/p>\n<p dir=\"ltr\" style=\"text-align: justify;\">El pr\u00f3ximo mi\u00e9rcoles 21 de febrero se realizar\u00e1 un nuevo taller para seguir debatiendo en torno a las solicitudes, ya que la Comisi\u00f3n Regional de Uso de Borde Costero deber\u00e1 votar si rechaza, aprueba o aprueba con modificaciones las solicitudes en cuesti\u00f3n.<\/p>\n<\/div><\/section><\/div><div  style='height:50px' class='hr hr-invisible   avia-builder-el-6  el_after_av_one_full  el_before_av_social_share '><span class='hr-inner ' ><span class='hr-inner-style'><\/span><\/span><\/div><\/p>\n<div  class='av-social-sharing-box  avia-builder-el-7  el_after_av_hr  el_before_av_hr  '><div class='av-share-box'><h5 class='av-share-link-description av-no-toc '>Compartir esta noticia<\/h5><ul class='av-share-box-list noLightbox'><li class='av-share-link av-social-link-facebook' ><a target=\"_blank\" aria-label=\"Compartir en Facebook\" href='https:\/\/www.facebook.com\/sharer.php?u=https:\/\/radiorevelacionfm.cl\/?p=39664&#038;t=Convocan%20a%20distintos%20actores%20para%20dialogar%20sobre%20las%20solicitudes%20de%20Espacios%20Costeros%20Marinos%20de%20Pueblos%20Originarios' aria-hidden='false' data-av_icon='\ue8f3' data-av_iconfont='entypo-fontello' title='' data-avia-related-tooltip='Compartir en Facebook' rel=\"noopener\"><span class='avia_hidden_link_text'>Compartir en Facebook<\/span><\/a><\/li><li class='av-share-link av-social-link-twitter' ><a target=\"_blank\" aria-label=\"Compartir en Twitter\" href='https:\/\/twitter.com\/share?text=Convocan%20a%20distintos%20actores%20para%20dialogar%20sobre%20las%20solicitudes%20de%20Espacios%20Costeros%20Marinos%20de%20Pueblos%20Originarios&#038;url=https:\/\/radiorevelacionfm.cl\/?p=39664' aria-hidden='false' data-av_icon='\ue8f1' data-av_iconfont='entypo-fontello' title='' data-avia-related-tooltip='Compartir en Twitter' rel=\"noopener\"><span class='avia_hidden_link_text'>Compartir en Twitter<\/span><\/a><\/li><li class='av-share-link av-social-link-whatsapp' ><a target=\"_blank\" aria-label=\"Compartir en Whatsapp\" href='https:\/\/api.whatsapp.com\/send?text=https:\/\/radiorevelacionfm.cl\/?p=39664' aria-hidden='false' data-av_icon='\uf232' data-av_iconfont='entypo-fontello' title='' data-avia-related-tooltip='Compartir en Whatsapp' rel=\"noopener\"><span class='avia_hidden_link_text'>Compartir en Whatsapp<\/span><\/a><\/li><li class='av-share-link av-social-link-linkedin' ><a target=\"_blank\" aria-label=\"Compartir en LinkedIn\" href='https:\/\/linkedin.com\/shareArticle?mini=true&#038;title=Convocan%20a%20distintos%20actores%20para%20dialogar%20sobre%20las%20solicitudes%20de%20Espacios%20Costeros%20Marinos%20de%20Pueblos%20Originarios&#038;url=https:\/\/radiorevelacionfm.cl\/?p=39664' aria-hidden='false' data-av_icon='\ue8fc' data-av_iconfont='entypo-fontello' title='' data-avia-related-tooltip='Compartir en LinkedIn' rel=\"noopener\"><span class='avia_hidden_link_text'>Compartir en LinkedIn<\/span><\/a><\/li><li class='av-share-link av-social-link-mail' ><a  aria-label=\"Compartir por correo\" href='mailto:?subject=Convocan%20a%20distintos%20actores%20para%20dialogar%20sobre%20las%20solicitudes%20de%20Espacios%20Costeros%20Marinos%20de%20Pueblos%20Originarios&#038;body=https:\/\/radiorevelacionfm.cl\/?p=39664' aria-hidden='false' data-av_icon='\ue805' data-av_iconfont='entypo-fontello' title='' data-avia-related-tooltip='Compartir por correo'><span class='avia_hidden_link_text'>Compartir por correo<\/span><\/a><\/li><\/ul><\/div><\/div>\n<div  style='height:50px' class='hr hr-invisible   avia-builder-el-8  el_after_av_social_share  el_before_av_comments_list '><span class='hr-inner ' ><span class='hr-inner-style'><\/span><\/span><\/div>\n<div  class='av-buildercomment  av-blog-meta-html-info-disabled av-blog-meta-tag-disabled  '><\/div>\n","protected":false},"excerpt":{"rendered":"","protected":false},"author":1,"featured_media":39665,"comment_status":"open","ping_status":"open","sticky":false,"template":"","format":"standard","meta":{"footnotes":""},"categories":[38],"tags":[],"class_list":["post-39664","post","type-post","status-publish","format-standard","has-post-thumbnail","hentry","category-regional"],"jetpack_featured_media_url":"https:\/\/radiorevelacionfm.cl\/wp-content\/uploads\/2024\/02\/Espacios-Costeros-2024-02-14-at-10.17.03-AM-1-1.jpeg","_links":{"self":[{"href":"https:\/\/radiorevelacionfm.cl\/index.php?rest_route=\/wp\/v2\/posts\/39664","targetHints":{"allow":["GET"]}}],"collection":[{"href":"https:\/\/radiorevelacionfm.cl\/index.php?rest_route=\/wp\/v2\/posts"}],"about":[{"href":"https:\/\/radiorevelacionfm.cl\/index.php?rest_route=\/wp\/v2\/types\/post"}],"author":[{"embeddable":true,"href":"https:\/\/radiorevelacionfm.cl\/index.php?rest_route=\/wp\/v2\/users\/1"}],"replies":[{"embeddable":true,"href":"https:\/\/radiorevelacionfm.cl\/index.php?rest_route=%2Fwp%2Fv2%2Fcomments&post=39664"}],"version-history":[{"count":1,"href":"https:\/\/radiorevelacionfm.cl\/index.php?rest_route=\/wp\/v2\/posts\/39664\/revisions"}],"predecessor-version":[{"id":39666,"href":"https:\/\/radiorevelacionfm.cl\/index.php?rest_route=\/wp\/v2\/posts\/39664\/revisions\/39666"}],"wp:featuredmedia":[{"embeddable":true,"href":"https:\/\/radiorevelacionfm.cl\/index.php?rest_route=\/wp\/v2\/media\/39665"}],"wp:attachment":[{"href":"https:\/\/radiorevelacionfm.cl\/index.php?rest_route=%2Fwp%2Fv2%2Fmedia&parent=39664"}],"wp:term":[{"taxonomy":"category","embeddable":true,"href":"https:\/\/radiorevelacionfm.cl\/index.php?rest_route=%2Fwp%2Fv2%2Fcategories&post=39664"},{"taxonomy":"post_tag","embeddable":true,"href":"https:\/\/radiorevelacionfm.cl\/index.php?rest_route=%2Fwp%2Fv2%2Ftags&post=39664"}],"curies":[{"name":"wp","href":"https:\/\/api.w.org\/{rel}","templated":true}]}}