{"id":39656,"date":"2024-02-16T15:48:40","date_gmt":"2024-02-16T18:48:40","guid":{"rendered":"https:\/\/radiorevelacionfm.cl\/?p=39656"},"modified":"2024-02-16T15:48:40","modified_gmt":"2024-02-16T18:48:40","slug":"gremios-de-aysen-se-unen-en-defensa-del-patrimonio-maritimo","status":"publish","type":"post","link":"https:\/\/radiorevelacionfm.cl\/?p=39656","title":{"rendered":"Gremios de Ays\u00e9n se unen en defensa del patrimonio mar\u00edtimo"},"content":{"rendered":"<div class=\"flex_column av_one_full  flex_column_div av-zero-column-padding first  avia-builder-el-0  el_before_av_one_full  avia-builder-el-first  \" style='border-radius:0px; '><div  class='avia-image-container  av-styling-    avia-builder-el-1  avia-builder-el-no-sibling  avia-align-center '  itemprop=\"image\" itemscope=\"itemscope\" itemtype=\"https:\/\/schema.org\/ImageObject\"  ><div class='avia-image-container-inner'><div class='avia-image-overlay-wrap'><img decoding=\"async\" class='wp-image-39657 avia-img-lazy-loading-not-39657 avia_image' src=\"https:\/\/radiorevelacionfm.cl\/wp-content\/uploads\/2024\/02\/puntodeprensa-1_optimized-1.jpg\" alt='' title='puntodeprensa-(1)_optimized (1)' height=\"600\" width=\"1066\"  itemprop=\"thumbnailUrl\" srcset=\"https:\/\/radiorevelacionfm.cl\/wp-content\/uploads\/2024\/02\/puntodeprensa-1_optimized-1.jpg 1066w, https:\/\/radiorevelacionfm.cl\/wp-content\/uploads\/2024\/02\/puntodeprensa-1_optimized-1-300x169.jpg 300w, https:\/\/radiorevelacionfm.cl\/wp-content\/uploads\/2024\/02\/puntodeprensa-1_optimized-1-1030x580.jpg 1030w, https:\/\/radiorevelacionfm.cl\/wp-content\/uploads\/2024\/02\/puntodeprensa-1_optimized-1-768x432.jpg 768w, https:\/\/radiorevelacionfm.cl\/wp-content\/uploads\/2024\/02\/puntodeprensa-1_optimized-1-705x397.jpg 705w, https:\/\/radiorevelacionfm.cl\/wp-content\/uploads\/2024\/02\/puntodeprensa-1_optimized-1-450x253.jpg 450w, https:\/\/radiorevelacionfm.cl\/wp-content\/uploads\/2024\/02\/puntodeprensa-1_optimized-1-600x338.jpg 600w\" sizes=\"(max-width: 1066px) 100vw, 1066px\" \/><\/div><\/div><\/div><\/div><div class=\"flex_column av_one_full  flex_column_div av-zero-column-padding first  avia-builder-el-2  el_after_av_one_full  el_before_av_one_full  column-top-margin\" style='border-radius:0px; '><section class=\"av_textblock_section \"  itemscope=\"itemscope\" itemtype=\"https:\/\/schema.org\/BlogPosting\" itemprop=\"blogPost\" ><div class='avia_textblock  '   itemprop=\"text\" ><p style=\"text-align: center;\"><strong><span style=\"font-size: 18pt;\">Gremios de Ays\u00e9n se unen en defensa del patrimonio mar\u00edtimo<\/span><\/strong><\/p>\n<div id=\"gtx-trans\" style=\"position: absolute; left: -50px; top: 4.31534px;\">\n<div class=\"gtx-trans-icon\"><\/div>\n<\/div>\n<\/div><\/section><\/div><div class=\"flex_column av_one_full  flex_column_div av-zero-column-padding first  avia-builder-el-4  el_after_av_one_full  el_before_av_hr  column-top-margin\" style='border-radius:0px; '><section class=\"av_textblock_section \"  itemscope=\"itemscope\" itemtype=\"https:\/\/schema.org\/BlogPosting\" itemprop=\"blogPost\" ><div class='avia_textblock  '   itemprop=\"text\" ><p style=\"text-align: justify;\">En un acto de unidad y preocupaci\u00f3n compartida, los gremios AGRUPAYSEN y ACUIPROV han alzado la voz en las comunas de Ays\u00e9n y Coyhaique, frente a la tramitaci\u00f3n de solicitudes de Espacios Marinos Costeros para Pueblos Originarios (EMCPO) que ponen en jaque el futuro de m\u00e1s de un mill\u00f3n de hect\u00e1reas marinas.<\/p>\n<p style=\"text-align: justify;\">Esta situaci\u00f3n, sin precedentes en la historia de la Ley Lafkenche, ha generado una alarma entre quienes viven y trabajan en estrecha relaci\u00f3n con el mar, por la ausencia de di\u00e1logo inclusivo y participativo en el proceso.<\/p>\n<p style=\"text-align: justify;\">Misael Ruiz, presidente de AGRUPAYSEN, expres\u00f3 con vehemencia: \u201cEstamos ante un momento cr\u00edtico que requiere de nuestra m\u00e1xima atenci\u00f3n y acci\u00f3n. No es solo una cuesti\u00f3n de superficie mar\u00edtima; es la vida y el sustento de miles de familias lo que est\u00e1 en juego. Defenderemos cada hect\u00e1rea, no solo como un espacio de trabajo, sino como parte integral de nuestra herencia y futuro. La falta de transparencia y participaci\u00f3n en estos procesos es alarmante, y nos obliga a cuestionar las verdaderas intenciones detr\u00e1s de estas solicitudes.\u201d<\/p>\n<p style=\"text-align: justify;\">Por su parte, Katia Inostroza, presidenta al frente de ACUIPROV, reforz\u00f3 esta posici\u00f3n: \u201cLa unidad es nuestra mayor fortaleza en este desaf\u00edo. Las propuestas de EMCPO, tal como est\u00e1n planteadas, amenazan con dividir a nuestra comunidad y poner en riesgo nuestra forma de vida. Hacemos un llamado a que se revisen estos procesos, que se escuche a todas las voces involucradas, y que se busquen soluciones que beneficien a la mayor cantidad de personas posible. No estamos en contra del reconocimiento de derechos, pero debe hacerse de manera justa, equilibrada y consensuada.\u201d<\/p>\n<\/div><\/section><\/div><div  style='height:50px' class='hr hr-invisible   avia-builder-el-6  el_after_av_one_full  el_before_av_social_share '><span class='hr-inner ' ><span class='hr-inner-style'><\/span><\/span><\/div><\/p>\n<div  class='av-social-sharing-box  avia-builder-el-7  el_after_av_hr  el_before_av_hr  '><div class='av-share-box'><h5 class='av-share-link-description av-no-toc '>Compartir esta noticia<\/h5><ul class='av-share-box-list noLightbox'><li class='av-share-link av-social-link-facebook' ><a target=\"_blank\" aria-label=\"Compartir en Facebook\" href='https:\/\/www.facebook.com\/sharer.php?u=https:\/\/radiorevelacionfm.cl\/?p=39656&#038;t=Gremios%20de%20Ays%C3%A9n%20se%20unen%20en%20defensa%20del%20patrimonio%20mar%C3%ADtimo' aria-hidden='false' data-av_icon='\ue8f3' data-av_iconfont='entypo-fontello' title='' data-avia-related-tooltip='Compartir en Facebook' rel=\"noopener\"><span class='avia_hidden_link_text'>Compartir en Facebook<\/span><\/a><\/li><li class='av-share-link av-social-link-twitter' ><a target=\"_blank\" aria-label=\"Compartir en Twitter\" href='https:\/\/twitter.com\/share?text=Gremios%20de%20Ays%C3%A9n%20se%20unen%20en%20defensa%20del%20patrimonio%20mar%C3%ADtimo&#038;url=https:\/\/radiorevelacionfm.cl\/?p=39656' aria-hidden='false' data-av_icon='\ue8f1' data-av_iconfont='entypo-fontello' title='' data-avia-related-tooltip='Compartir en Twitter' rel=\"noopener\"><span class='avia_hidden_link_text'>Compartir en Twitter<\/span><\/a><\/li><li class='av-share-link av-social-link-whatsapp' ><a target=\"_blank\" aria-label=\"Compartir en Whatsapp\" href='https:\/\/api.whatsapp.com\/send?text=https:\/\/radiorevelacionfm.cl\/?p=39656' aria-hidden='false' data-av_icon='\uf232' data-av_iconfont='entypo-fontello' title='' data-avia-related-tooltip='Compartir en Whatsapp' rel=\"noopener\"><span class='avia_hidden_link_text'>Compartir en Whatsapp<\/span><\/a><\/li><li class='av-share-link av-social-link-linkedin' ><a target=\"_blank\" aria-label=\"Compartir en LinkedIn\" href='https:\/\/linkedin.com\/shareArticle?mini=true&#038;title=Gremios%20de%20Ays%C3%A9n%20se%20unen%20en%20defensa%20del%20patrimonio%20mar%C3%ADtimo&#038;url=https:\/\/radiorevelacionfm.cl\/?p=39656' aria-hidden='false' data-av_icon='\ue8fc' data-av_iconfont='entypo-fontello' title='' data-avia-related-tooltip='Compartir en LinkedIn' rel=\"noopener\"><span class='avia_hidden_link_text'>Compartir en LinkedIn<\/span><\/a><\/li><li class='av-share-link av-social-link-mail' ><a  aria-label=\"Compartir por correo\" href='mailto:?subject=Gremios%20de%20Ays%C3%A9n%20se%20unen%20en%20defensa%20del%20patrimonio%20mar%C3%ADtimo&#038;body=https:\/\/radiorevelacionfm.cl\/?p=39656' aria-hidden='false' data-av_icon='\ue805' data-av_iconfont='entypo-fontello' title='' data-avia-related-tooltip='Compartir por correo'><span class='avia_hidden_link_text'>Compartir por correo<\/span><\/a><\/li><\/ul><\/div><\/div>\n<div  style='height:50px' class='hr hr-invisible   avia-builder-el-8  el_after_av_social_share  el_before_av_comments_list '><span class='hr-inner ' ><span class='hr-inner-style'><\/span><\/span><\/div>\n<div  class='av-buildercomment  av-blog-meta-html-info-disabled av-blog-meta-tag-disabled  '><\/div>\n","protected":false},"excerpt":{"rendered":"","protected":false},"author":1,"featured_media":39657,"comment_status":"open","ping_status":"open","sticky":false,"template":"","format":"standard","meta":{"footnotes":""},"categories":[38],"tags":[],"class_list":["post-39656","post","type-post","status-publish","format-standard","has-post-thumbnail","hentry","category-regional"],"jetpack_featured_media_url":"https:\/\/radiorevelacionfm.cl\/wp-content\/uploads\/2024\/02\/puntodeprensa-1_optimized-1.jpg","_links":{"self":[{"href":"https:\/\/radiorevelacionfm.cl\/index.php?rest_route=\/wp\/v2\/posts\/39656","targetHints":{"allow":["GET"]}}],"collection":[{"href":"https:\/\/radiorevelacionfm.cl\/index.php?rest_route=\/wp\/v2\/posts"}],"about":[{"href":"https:\/\/radiorevelacionfm.cl\/index.php?rest_route=\/wp\/v2\/types\/post"}],"author":[{"embeddable":true,"href":"https:\/\/radiorevelacionfm.cl\/index.php?rest_route=\/wp\/v2\/users\/1"}],"replies":[{"embeddable":true,"href":"https:\/\/radiorevelacionfm.cl\/index.php?rest_route=%2Fwp%2Fv2%2Fcomments&post=39656"}],"version-history":[{"count":1,"href":"https:\/\/radiorevelacionfm.cl\/index.php?rest_route=\/wp\/v2\/posts\/39656\/revisions"}],"predecessor-version":[{"id":39658,"href":"https:\/\/radiorevelacionfm.cl\/index.php?rest_route=\/wp\/v2\/posts\/39656\/revisions\/39658"}],"wp:featuredmedia":[{"embeddable":true,"href":"https:\/\/radiorevelacionfm.cl\/index.php?rest_route=\/wp\/v2\/media\/39657"}],"wp:attachment":[{"href":"https:\/\/radiorevelacionfm.cl\/index.php?rest_route=%2Fwp%2Fv2%2Fmedia&parent=39656"}],"wp:term":[{"taxonomy":"category","embeddable":true,"href":"https:\/\/radiorevelacionfm.cl\/index.php?rest_route=%2Fwp%2Fv2%2Fcategories&post=39656"},{"taxonomy":"post_tag","embeddable":true,"href":"https:\/\/radiorevelacionfm.cl\/index.php?rest_route=%2Fwp%2Fv2%2Ftags&post=39656"}],"curies":[{"name":"wp","href":"https:\/\/api.w.org\/{rel}","templated":true}]}}