{"id":39653,"date":"2024-02-16T16:20:40","date_gmt":"2024-02-16T19:20:40","guid":{"rendered":"https:\/\/radiorevelacionfm.cl\/?p=39653"},"modified":"2024-02-16T16:29:17","modified_gmt":"2024-02-16T19:29:17","slug":"mago-tatariz-de-coyhaique-participa-en-el-encuentro-internacional-de-magia-infantil-en-concepcion","status":"publish","type":"post","link":"https:\/\/radiorevelacionfm.cl\/?p=39653","title":{"rendered":"Mago Tatariz de Coyhaique participa en Encuentro Internacional de Magia Infantil realizado en Concepci\u00f3n"},"content":{"rendered":"<div class=\"flex_column av_one_full  flex_column_div av-zero-column-padding first  avia-builder-el-0  el_before_av_one_full  avia-builder-el-first  \" style='border-radius:0px; '><div  class='avia-image-container  av-styling-    avia-builder-el-1  avia-builder-el-no-sibling  avia-align-center '  itemprop=\"image\" itemscope=\"itemscope\" itemtype=\"https:\/\/schema.org\/ImageObject\"  ><div class='avia-image-container-inner'><div class='avia-image-overlay-wrap'><img decoding=\"async\" class='wp-image-39654 avia-img-lazy-loading-not-39654 avia_image' src=\"https:\/\/radiorevelacionfm.cl\/wp-content\/uploads\/2024\/02\/20240203_195432-1_optimized-1.jpg\" alt='' title='20240203_195432-(1)_optimized (1)' height=\"600\" width=\"1066\"  itemprop=\"thumbnailUrl\" srcset=\"https:\/\/radiorevelacionfm.cl\/wp-content\/uploads\/2024\/02\/20240203_195432-1_optimized-1.jpg 1066w, https:\/\/radiorevelacionfm.cl\/wp-content\/uploads\/2024\/02\/20240203_195432-1_optimized-1-300x169.jpg 300w, https:\/\/radiorevelacionfm.cl\/wp-content\/uploads\/2024\/02\/20240203_195432-1_optimized-1-1030x580.jpg 1030w, https:\/\/radiorevelacionfm.cl\/wp-content\/uploads\/2024\/02\/20240203_195432-1_optimized-1-768x432.jpg 768w, https:\/\/radiorevelacionfm.cl\/wp-content\/uploads\/2024\/02\/20240203_195432-1_optimized-1-705x397.jpg 705w, https:\/\/radiorevelacionfm.cl\/wp-content\/uploads\/2024\/02\/20240203_195432-1_optimized-1-450x253.jpg 450w, https:\/\/radiorevelacionfm.cl\/wp-content\/uploads\/2024\/02\/20240203_195432-1_optimized-1-600x338.jpg 600w\" sizes=\"(max-width: 1066px) 100vw, 1066px\" \/><\/div><\/div><\/div><\/div>\n<div class=\"flex_column av_one_full  flex_column_div av-zero-column-padding first  avia-builder-el-2  el_after_av_one_full  el_before_av_one_full  column-top-margin\" style='border-radius:0px; '><section class=\"av_textblock_section \"  itemscope=\"itemscope\" itemtype=\"https:\/\/schema.org\/BlogPosting\" itemprop=\"blogPost\" ><div class='avia_textblock  '   itemprop=\"text\" ><p style=\"text-align: center;\"><span style=\"font-size: 18pt;\"><strong>Mago Tatariz de Coyhaique participa en Encuentro Internacional de Magia Infantil realizado en Concepci\u00f3n<\/strong><\/span><\/p>\n<div id=\"gtx-trans\" style=\"position: absolute; left: -50px; top: 4.31534px;\">\n<div class=\"gtx-trans-icon\"><\/div>\n<\/div>\n<\/div><\/section><\/div><div class=\"flex_column av_one_full  flex_column_div av-zero-column-padding first  avia-builder-el-4  el_after_av_one_full  el_before_av_hr  column-top-margin\" style='border-radius:0px; '><section class=\"av_textblock_section \"  itemscope=\"itemscope\" itemtype=\"https:\/\/schema.org\/BlogPosting\" itemprop=\"blogPost\" ><div class='avia_textblock  '   itemprop=\"text\" ><p style=\"text-align: justify;\">Rodrigo Mart\u00ednez, el Mago Tatariz de Coyhaique, fue uno de los destacados participantes en el reciente Encuentro Internacional de Magia Infantil, EIMI 2024, celebrado en Concepci\u00f3n del 1 al 4 de febrero de 2024, con motivo de la conmemoraci\u00f3n del D\u00eda del Mago, el 31 de enero.<\/p>\n<p style=\"text-align: justify;\">Este encuentro, que celebr\u00f3 su d\u00e9cimo aniversario, reuni\u00f3 a magos de diversos pa\u00edses, incluyendo Espa\u00f1a, Brasil, M\u00e9xico, Guatemala, Venezuela y, por supuesto, Chile. Durante cuatro d\u00edas, los magos compartieron experiencias, ideas y t\u00e9cnicas en el fascinante mundo de la magia infantil, en un ambiente de camarader\u00eda y aprendizaje mutuo.<\/p>\n<p style=\"text-align: justify;\">A diferencia de un congreso convencional, este encuentro EIMI se distingue por su enfoque en la fraternidad entre los magos, quienes conviven durante toda la duraci\u00f3n del evento, compartiendo alojamiento, comidas y momentos de camarader\u00eda.<\/p>\n<p style=\"text-align: justify;\">Rodrigo Mart\u00ednez, quien tuvo el honor de ser director del encuentro junto con la colaboraci\u00f3n de otros magos chilenos en el EIMI VIRTUAL 2021, destac\u00f3 la importancia de este evento 2024 para el desarrollo y perfeccionamiento del arte de la magia infantil.<\/p>\n<p style=\"text-align: justify;\">\u00abEl Encuentro Internacional de Magia Infantil es una oportunidad \u00fanica para aprender, compartir y crecer como artistas. Es un espacio donde la magia trasciende las fronteras y nos une en una comunidad global de ilusionistas \u00ab, coment\u00f3 Mago Tatariz.<\/p>\n<p style=\"text-align: justify;\">Si bien la pandemia oblig\u00f3 a realizar el encuentro de forma virtual en 2021, Mago Tatariz\u00a0 y su equipo tienen como objetivo replicar esta experiencia en Coyhaique en 2026. Ya se ha anunciado que la sede para el a\u00f1o 2025 ser\u00e1 en Pichilemu.<\/p>\n<p style=\"text-align: justify;\">La edici\u00f3n de este a\u00f1o incluy\u00f3 conferencias, venta de art\u00edculos de magia y espect\u00e1culos de gala, abiertos al p\u00fablico en general, que se llevaron a cabo en el Teatro Lihuen y el Anfiteatro Los Troncos en Cerro Caracol, ofreciendo un entorno natural y cautivador tanto para ni\u00f1os como para adultos.<\/p>\n<p style=\"text-align: justify;\">Rodrigo Mart\u00ednez, con su talento y dedicaci\u00f3n, contin\u00faa siendo un referente en la comunidad m\u00e1gica, llevando el arte de la ilusi\u00f3n m\u00e1s all\u00e1 de las fronteras de Ays\u00e9n.<\/p>\n<\/div><\/section><\/div><\/p>\n<div  style='height:50px' class='hr hr-invisible   avia-builder-el-6  el_after_av_one_full  el_before_av_social_share '><span class='hr-inner ' ><span class='hr-inner-style'><\/span><\/span><\/div>\n<div  class='av-social-sharing-box  avia-builder-el-7  el_after_av_hr  el_before_av_hr  '><div class='av-share-box'><h5 class='av-share-link-description av-no-toc '>Compartir esta noticia<\/h5><ul class='av-share-box-list noLightbox'><li class='av-share-link av-social-link-facebook' ><a target=\"_blank\" aria-label=\"Compartir en Facebook\" href='https:\/\/www.facebook.com\/sharer.php?u=https:\/\/radiorevelacionfm.cl\/?p=39653&#038;t=Mago%20Tatariz%20de%20Coyhaique%20participa%20en%20Encuentro%20Internacional%20de%20Magia%20Infantil%20realizado%20en%20Concepci%C3%B3n' aria-hidden='false' data-av_icon='\ue8f3' data-av_iconfont='entypo-fontello' title='' data-avia-related-tooltip='Compartir en Facebook' rel=\"noopener\"><span class='avia_hidden_link_text'>Compartir en Facebook<\/span><\/a><\/li><li class='av-share-link av-social-link-twitter' ><a target=\"_blank\" aria-label=\"Compartir en Twitter\" href='https:\/\/twitter.com\/share?text=Mago%20Tatariz%20de%20Coyhaique%20participa%20en%20Encuentro%20Internacional%20de%20Magia%20Infantil%20realizado%20en%20Concepci%C3%B3n&#038;url=https:\/\/radiorevelacionfm.cl\/?p=39653' aria-hidden='false' data-av_icon='\ue8f1' data-av_iconfont='entypo-fontello' title='' data-avia-related-tooltip='Compartir en Twitter' rel=\"noopener\"><span class='avia_hidden_link_text'>Compartir en Twitter<\/span><\/a><\/li><li class='av-share-link av-social-link-whatsapp' ><a target=\"_blank\" aria-label=\"Compartir en Whatsapp\" href='https:\/\/api.whatsapp.com\/send?text=https:\/\/radiorevelacionfm.cl\/?p=39653' aria-hidden='false' data-av_icon='\uf232' data-av_iconfont='entypo-fontello' title='' data-avia-related-tooltip='Compartir en Whatsapp' rel=\"noopener\"><span class='avia_hidden_link_text'>Compartir en Whatsapp<\/span><\/a><\/li><li class='av-share-link av-social-link-linkedin' ><a target=\"_blank\" aria-label=\"Compartir en LinkedIn\" href='https:\/\/linkedin.com\/shareArticle?mini=true&#038;title=Mago%20Tatariz%20de%20Coyhaique%20participa%20en%20Encuentro%20Internacional%20de%20Magia%20Infantil%20realizado%20en%20Concepci%C3%B3n&#038;url=https:\/\/radiorevelacionfm.cl\/?p=39653' aria-hidden='false' data-av_icon='\ue8fc' data-av_iconfont='entypo-fontello' title='' data-avia-related-tooltip='Compartir en LinkedIn' rel=\"noopener\"><span class='avia_hidden_link_text'>Compartir en LinkedIn<\/span><\/a><\/li><li class='av-share-link av-social-link-mail' ><a  aria-label=\"Compartir por correo\" href='mailto:?subject=Mago%20Tatariz%20de%20Coyhaique%20participa%20en%20Encuentro%20Internacional%20de%20Magia%20Infantil%20realizado%20en%20Concepci%C3%B3n&#038;body=https:\/\/radiorevelacionfm.cl\/?p=39653' aria-hidden='false' data-av_icon='\ue805' data-av_iconfont='entypo-fontello' title='' data-avia-related-tooltip='Compartir por correo'><span class='avia_hidden_link_text'>Compartir por correo<\/span><\/a><\/li><\/ul><\/div><\/div>\n<div  style='height:50px' class='hr hr-invisible   avia-builder-el-8  el_after_av_social_share  el_before_av_comments_list '><span class='hr-inner ' ><span class='hr-inner-style'><\/span><\/span><\/div>\n<div  class='av-buildercomment  av-blog-meta-html-info-disabled av-blog-meta-tag-disabled  '><\/div>\n","protected":false},"excerpt":{"rendered":"","protected":false},"author":1,"featured_media":39654,"comment_status":"open","ping_status":"open","sticky":false,"template":"","format":"standard","meta":{"footnotes":""},"categories":[52],"tags":[],"class_list":["post-39653","post","type-post","status-publish","format-standard","has-post-thumbnail","hentry","category-cultura"],"jetpack_featured_media_url":"https:\/\/radiorevelacionfm.cl\/wp-content\/uploads\/2024\/02\/20240203_195432-1_optimized-1.jpg","_links":{"self":[{"href":"https:\/\/radiorevelacionfm.cl\/index.php?rest_route=\/wp\/v2\/posts\/39653","targetHints":{"allow":["GET"]}}],"collection":[{"href":"https:\/\/radiorevelacionfm.cl\/index.php?rest_route=\/wp\/v2\/posts"}],"about":[{"href":"https:\/\/radiorevelacionfm.cl\/index.php?rest_route=\/wp\/v2\/types\/post"}],"author":[{"embeddable":true,"href":"https:\/\/radiorevelacionfm.cl\/index.php?rest_route=\/wp\/v2\/users\/1"}],"replies":[{"embeddable":true,"href":"https:\/\/radiorevelacionfm.cl\/index.php?rest_route=%2Fwp%2Fv2%2Fcomments&post=39653"}],"version-history":[{"count":2,"href":"https:\/\/radiorevelacionfm.cl\/index.php?rest_route=\/wp\/v2\/posts\/39653\/revisions"}],"predecessor-version":[{"id":39667,"href":"https:\/\/radiorevelacionfm.cl\/index.php?rest_route=\/wp\/v2\/posts\/39653\/revisions\/39667"}],"wp:featuredmedia":[{"embeddable":true,"href":"https:\/\/radiorevelacionfm.cl\/index.php?rest_route=\/wp\/v2\/media\/39654"}],"wp:attachment":[{"href":"https:\/\/radiorevelacionfm.cl\/index.php?rest_route=%2Fwp%2Fv2%2Fmedia&parent=39653"}],"wp:term":[{"taxonomy":"category","embeddable":true,"href":"https:\/\/radiorevelacionfm.cl\/index.php?rest_route=%2Fwp%2Fv2%2Fcategories&post=39653"},{"taxonomy":"post_tag","embeddable":true,"href":"https:\/\/radiorevelacionfm.cl\/index.php?rest_route=%2Fwp%2Fv2%2Ftags&post=39653"}],"curies":[{"name":"wp","href":"https:\/\/api.w.org\/{rel}","templated":true}]}}