{"id":3965,"date":"2021-05-10T15:56:37","date_gmt":"2021-05-10T18:56:37","guid":{"rendered":"https:\/\/radiorevelacionfm.cl\/?p=3965"},"modified":"2021-05-10T15:56:37","modified_gmt":"2021-05-10T18:56:37","slug":"foji-envia-mas-de-100-instrumentos-musicales-a-jovenes-vulnerables-de-la-region-de-aysen","status":"publish","type":"post","link":"https:\/\/radiorevelacionfm.cl\/?p=3965","title":{"rendered":"FOJI env\u00eda m\u00e1s de 100 instrumentos musicales a j\u00f3venes vulnerables de la regi\u00f3n de Ays\u00e9n"},"content":{"rendered":"<div class=\"flex_column av_one_full  flex_column_div av-zero-column-padding first  avia-builder-el-0  el_before_av_one_full  avia-builder-el-first  \" style='border-radius:0px; '><div  class='avia-image-container  av-styling-    avia-builder-el-1  avia-builder-el-no-sibling  avia-align-center '  itemprop=\"image\" itemscope=\"itemscope\" itemtype=\"https:\/\/schema.org\/ImageObject\"  ><div class='avia-image-container-inner'><div class='avia-image-overlay-wrap'><img decoding=\"async\" class='wp-image-0 avia-img-lazy-loading-not-0 avia_image' src=\"https:\/\/radiorevelacionfm.cl\/wp-content\/uploads\/2021\/05\/foto-instrumentos-musicales-a-la-region-1_optimized.jpeg\" alt='' title=''   itemprop=\"thumbnailUrl\"  \/><\/div><\/div><\/div><\/div><div class=\"flex_column av_one_full  flex_column_div av-zero-column-padding first  avia-builder-el-2  el_after_av_one_full  el_before_av_one_full  column-top-margin\" style='border-radius:0px; '><section class=\"av_textblock_section \"  itemscope=\"itemscope\" itemtype=\"https:\/\/schema.org\/BlogPosting\" itemprop=\"blogPost\" ><div class='avia_textblock  '   itemprop=\"text\" ><p style=\"text-align: center;\"><strong><span style=\"font-size: 18pt;\">FOJI env\u00eda m\u00e1s de 100 instrumentos musicales a j\u00f3venes vulnerables de la regi\u00f3n de Ays\u00e9n<\/span><\/strong><\/p>\n<div id=\"gtx-trans\" style=\"position: absolute; left: -50px; top: 4.31534px;\">\n<div class=\"gtx-trans-icon\"><\/div>\n<\/div>\n<\/div><\/section><\/div><div class=\"flex_column av_one_full  flex_column_div av-zero-column-padding first  avia-builder-el-4  el_after_av_one_full  el_before_av_hr  column-top-margin\" style='border-radius:0px; '><section class=\"av_textblock_section \"  itemscope=\"itemscope\" itemtype=\"https:\/\/schema.org\/BlogPosting\" itemprop=\"blogPost\" ><div class='avia_textblock  '   itemprop=\"text\" ><p style=\"font-weight: 400; text-align: justify;\">La primera dama y Presidenta de FOJI, Cecilia Morel, lider\u00f3 el env\u00edo de m\u00e1s de 100 instrumentos musicales para ni\u00f1os y j\u00f3venes de orquestas comunales de la regi\u00f3n de Ays\u00e9n.<\/p>\n<p style=\"font-weight: 400; text-align: justify;\">Se trata de un embarque de m\u00e1s de 384 kilos de instrumentos y accesorios que beneficiar\u00e1n a 500 ni\u00f1os y j\u00f3venes m\u00fasicos quienes podr\u00e1n seguir con sus estudios en forma telem\u00e1tica producto de la pandemia.<\/p>\n<p style=\"font-weight: 400; text-align: justify;\">\u201cEstamos muy contentos de poder enviar estos instrumentos a cientos de menores m\u00fasicos del sur de nuestro pa\u00eds. Se trata de m\u00e1s de 500 menores que con estos insumos podr\u00e1n seguir desarrollando sus talentos. Ellos a pesar de la pandemia han seguido trabajando en forma telem\u00e1tica, incluso dando conciertos a trav\u00e9s de redes para apoyar con m\u00fasica al personal m\u00e9dico. Seguiremos trabajando a trav\u00e9s de FOJI para poder enviar m\u00e1s instrumentos a otras regiones del pa\u00eds\u201d, se\u00f1al\u00f3 la Presidenta de Foji, Cecilia Morel.<\/p>\n<p style=\"font-weight: 400; text-align: justify;\">Violas, violines, contrabajo, bombos, trompetas, fagot, tromb\u00f3n, oboe, y diversos accesorios musicales llegaron ya hasta Balmaceda a la sede regional de la Fundaci\u00f3n en el Liceo Josefina Aguirre de Coyhaique para ser distribuidas a las distintas orquestas comunales.<\/p>\n<p style=\"font-weight: 400; text-align: justify;\">\u201cEsta significativa ayuda equivale a m\u00e1s de 60 millones de pesos es parte del proyecto que FOJI quiere realizar con Ays\u00e9n, y que tiene por objetivo potenciar el desarrollo musical de los ni\u00f1os, ni\u00f1as y j\u00f3venes de la regi\u00f3n\u201d, agreg\u00f3 la directora ejecutiva de la Foji, Alejandra Kantor.<\/p>\n<p style=\"font-weight: 400; text-align: justify;\">Este proyecto cuenta con el apoyo de la Fach para el traslado de los instrumentos y accesorios, el Gobierno Regional, la Asociaci\u00f3n de Municipalidades, as\u00ed como diferentes instituciones y empresas de Ays\u00e9n.<\/p>\n<p style=\"font-weight: 400; text-align: justify;\">La Fundaci\u00f3n Orquestas Juveniles e Infantiles (FOJI), perteneciente a la Red de Fundaciones de la Presidencia y que encabeza la primera dama, Cecilia Morel, es una instituci\u00f3n sin fines de lucro, entrega becas para ni\u00f1os y j\u00f3venes m\u00fasicos, organiza cursos de instrumentos y direcci\u00f3n orquestal, concursos de interpretaci\u00f3n, festivales, temporadas de conciertos y fondos concursables.<\/p>\n<p style=\"font-weight: 400; text-align: justify;\">Hoy son m\u00e1s de 500 las Orquestas Juveniles e Infantiles que se encuentran distribuidas de Arica a Punta Arenas, en 170 comunas del pa\u00eds. Asimismo, m\u00e1s de 25 mil ni\u00f1os y j\u00f3venes practican instrumentos en una formaci\u00f3n orquestal.<\/p>\n<\/div><\/section><\/div><div  style='height:50px' class='hr hr-invisible   avia-builder-el-6  el_after_av_one_full  el_before_av_social_share '><span class='hr-inner ' ><span class='hr-inner-style'><\/span><\/span><\/div><\/p>\n<div  class='av-social-sharing-box  avia-builder-el-7  el_after_av_hr  el_before_av_hr  '><div class='av-share-box'><h5 class='av-share-link-description av-no-toc '>Compartir esta noticia<\/h5><ul class='av-share-box-list noLightbox'><li class='av-share-link av-social-link-facebook' ><a target=\"_blank\" aria-label=\"Compartir en Facebook\" href='https:\/\/www.facebook.com\/sharer.php?u=https:\/\/radiorevelacionfm.cl\/?p=3965&#038;t=FOJI%20env%C3%ADa%20m%C3%A1s%20de%20100%20instrumentos%20musicales%20a%20j%C3%B3venes%20vulnerables%20de%20la%20regi%C3%B3n%20de%20Ays%C3%A9n' aria-hidden='false' data-av_icon='\ue8f3' data-av_iconfont='entypo-fontello' title='' data-avia-related-tooltip='Compartir en Facebook' rel=\"noopener\"><span class='avia_hidden_link_text'>Compartir en Facebook<\/span><\/a><\/li><li class='av-share-link av-social-link-twitter' ><a target=\"_blank\" aria-label=\"Compartir en Twitter\" href='https:\/\/twitter.com\/share?text=FOJI%20env%C3%ADa%20m%C3%A1s%20de%20100%20instrumentos%20musicales%20a%20j%C3%B3venes%20vulnerables%20de%20la%20regi%C3%B3n%20de%20Ays%C3%A9n&#038;url=https:\/\/radiorevelacionfm.cl\/?p=3965' aria-hidden='false' data-av_icon='\ue8f1' data-av_iconfont='entypo-fontello' title='' data-avia-related-tooltip='Compartir en Twitter' rel=\"noopener\"><span class='avia_hidden_link_text'>Compartir en Twitter<\/span><\/a><\/li><li class='av-share-link av-social-link-whatsapp' ><a target=\"_blank\" aria-label=\"Compartir en Whatsapp\" href='https:\/\/api.whatsapp.com\/send?text=https:\/\/radiorevelacionfm.cl\/?p=3965' aria-hidden='false' data-av_icon='\uf232' data-av_iconfont='entypo-fontello' title='' data-avia-related-tooltip='Compartir en Whatsapp' rel=\"noopener\"><span class='avia_hidden_link_text'>Compartir en Whatsapp<\/span><\/a><\/li><li class='av-share-link av-social-link-linkedin' ><a target=\"_blank\" aria-label=\"Compartir en LinkedIn\" href='https:\/\/linkedin.com\/shareArticle?mini=true&#038;title=FOJI%20env%C3%ADa%20m%C3%A1s%20de%20100%20instrumentos%20musicales%20a%20j%C3%B3venes%20vulnerables%20de%20la%20regi%C3%B3n%20de%20Ays%C3%A9n&#038;url=https:\/\/radiorevelacionfm.cl\/?p=3965' aria-hidden='false' data-av_icon='\ue8fc' data-av_iconfont='entypo-fontello' title='' data-avia-related-tooltip='Compartir en LinkedIn' rel=\"noopener\"><span class='avia_hidden_link_text'>Compartir en LinkedIn<\/span><\/a><\/li><li class='av-share-link av-social-link-mail' ><a  aria-label=\"Compartir por correo\" href='mailto:?subject=FOJI%20env%C3%ADa%20m%C3%A1s%20de%20100%20instrumentos%20musicales%20a%20j%C3%B3venes%20vulnerables%20de%20la%20regi%C3%B3n%20de%20Ays%C3%A9n&#038;body=https:\/\/radiorevelacionfm.cl\/?p=3965' aria-hidden='false' data-av_icon='\ue805' data-av_iconfont='entypo-fontello' title='' data-avia-related-tooltip='Compartir por correo'><span class='avia_hidden_link_text'>Compartir por correo<\/span><\/a><\/li><\/ul><\/div><\/div>\n<div  style='height:50px' class='hr hr-invisible   avia-builder-el-8  el_after_av_social_share  el_before_av_comments_list '><span class='hr-inner ' ><span class='hr-inner-style'><\/span><\/span><\/div>\n<div  class='av-buildercomment  av-blog-meta-html-info-disabled av-blog-meta-tag-disabled  '><\/div>\n","protected":false},"excerpt":{"rendered":"","protected":false},"author":1,"featured_media":0,"comment_status":"open","ping_status":"open","sticky":false,"template":"","format":"standard","meta":{"footnotes":""},"categories":[52],"tags":[],"class_list":["post-3965","post","type-post","status-publish","format-standard","hentry","category-cultura"],"jetpack_featured_media_url":"","_links":{"self":[{"href":"https:\/\/radiorevelacionfm.cl\/index.php?rest_route=\/wp\/v2\/posts\/3965","targetHints":{"allow":["GET"]}}],"collection":[{"href":"https:\/\/radiorevelacionfm.cl\/index.php?rest_route=\/wp\/v2\/posts"}],"about":[{"href":"https:\/\/radiorevelacionfm.cl\/index.php?rest_route=\/wp\/v2\/types\/post"}],"author":[{"embeddable":true,"href":"https:\/\/radiorevelacionfm.cl\/index.php?rest_route=\/wp\/v2\/users\/1"}],"replies":[{"embeddable":true,"href":"https:\/\/radiorevelacionfm.cl\/index.php?rest_route=%2Fwp%2Fv2%2Fcomments&post=3965"}],"version-history":[{"count":1,"href":"https:\/\/radiorevelacionfm.cl\/index.php?rest_route=\/wp\/v2\/posts\/3965\/revisions"}],"predecessor-version":[{"id":3967,"href":"https:\/\/radiorevelacionfm.cl\/index.php?rest_route=\/wp\/v2\/posts\/3965\/revisions\/3967"}],"wp:attachment":[{"href":"https:\/\/radiorevelacionfm.cl\/index.php?rest_route=%2Fwp%2Fv2%2Fmedia&parent=3965"}],"wp:term":[{"taxonomy":"category","embeddable":true,"href":"https:\/\/radiorevelacionfm.cl\/index.php?rest_route=%2Fwp%2Fv2%2Fcategories&post=3965"},{"taxonomy":"post_tag","embeddable":true,"href":"https:\/\/radiorevelacionfm.cl\/index.php?rest_route=%2Fwp%2Fv2%2Ftags&post=3965"}],"curies":[{"name":"wp","href":"https:\/\/api.w.org\/{rel}","templated":true}]}}